{"id":23953,"date":"2023-01-06T10:29:12","date_gmt":"2023-01-06T09:29:12","guid":{"rendered":"https:\/\/tyrving.idrett.no\/10\/f\/?p=23953"},"modified":"2023-01-06T10:29:12","modified_gmt":"2023-01-06T09:29:12","slug":"kolsas-senter-ny-samarbeidspartne","status":"publish","type":"post","link":"https:\/\/tyrving.idrett.no\/10\/f\/2023\/01\/06\/kolsas-senter-ny-samarbeidspartne\/","title":{"rendered":"Kols\u00e5s Senter, ny samarbeidspartne"},"content":{"rendered":"<p>Etter et suksessfullt samarbeid under Jr. NM 2022 har Tyrving IL og Kols\u00e5s Senterforening signert en ny avtale som gir Kols\u00e5s Senteret status som samarbeidspartner med Tyrving IL.<\/p>\n<p>&nbsp;<\/p>\n<p><em>&laquo;Vi er glade over \u00e5 ha blitt enige om en avtale med en kjent og sentral akt\u00f8r rett ved v\u00e5r nye hjemmearena. Det vil gj\u00f8re oss mer synlige i og rundt stadion og forh\u00e5pentligvis bidra til \u00f8kt rekruttering og \u00f8kt attraktivitet for andre<\/em> <em>sponsorer&raquo;<\/em>, sier styreleder i Tyrving friidrett, Sverre Alvik<\/p>\n<p>&nbsp;<\/p>\n<p>Gjennom avtalen vil Tyrvings \u00e5rlige julearrangement for barn bli omd\u00f8pt til Kols\u00e5s Senterets Nisseleker.<\/p>\n","protected":false},"excerpt":{"rendered":"Etter et suksessfullt samarbeid under Jr. NM 2022 har Tyrving IL og Kols\u00e5s Senterforening signert en ny avtale som gir Kols\u00e5s Senteret status som samarbeidspartner med Tyrving IL. &nbsp; &laquo;Vi er &#8230;","protected":false},"author":44,"featured_media":23954,"comment_status":"closed","ping_status":"open","sticky":false,"template":"","format":"standard","meta":{"footnotes":"","_jetpack_memberships_contains_paid_content":false},"categories":[1],"tags":[],"acf":[],"yoast_head":"<!-- This site is optimized with the Yoast SEO plugin v21.2 - https:\/\/yoast.com\/wordpress\/plugins\/seo\/ -->\n<title>Kols\u00e5s Senter, ny samarbeidspartne - Tyrving - Friidrett<\/title>\n<meta name=\"robots\" content=\"index, follow, max-snippet:-1, max-image-preview:large, max-video-preview:-1\" \/>\n<link rel=\"canonical\" href=\"https:\/\/tyrving.idrett.no\/10\/f\/2023\/01\/06\/kolsas-senter-ny-samarbeidspartne\/\" \/>\n<meta property=\"og:locale\" content=\"nb_NO\" \/>\n<meta property=\"og:type\" content=\"article\" \/>\n<meta property=\"og:title\" content=\"Kols\u00e5s Senter, ny samarbeidspartne - Tyrving - Friidrett\" \/>\n<meta property=\"og:description\" content=\"Etter et suksessfullt samarbeid under Jr. NM 2022 har Tyrving IL og Kols\u00e5s Senterforening signert en ny avtale som gir Kols\u00e5s Senteret status som samarbeidspartner med Tyrving IL. &nbsp; &laquo;Vi er ...\" \/>\n<meta property=\"og:url\" content=\"https:\/\/tyrving.idrett.no\/10\/f\/2023\/01\/06\/kolsas-senter-ny-samarbeidspartne\/\" \/>\n<meta property=\"og:site_name\" content=\"Tyrving - Friidrett\" \/>\n<meta property=\"article:published_time\" content=\"2023-01-06T09:29:12+00:00\" \/>\n<meta property=\"og:image\" content=\"https:\/\/tyrving.idrett.no\/10\/f\/files\/2023\/01\/Kolsassenter-og-Tyrving-IL-Friidrett.png\" \/>\n\t<meta property=\"og:image:width\" content=\"4149\" \/>\n\t<meta property=\"og:image:height\" content=\"1787\" \/>\n\t<meta property=\"og:image:type\" content=\"image\/png\" \/>\n<meta name=\"author\" content=\"Marius Igesund\" \/>\n<meta name=\"twitter:card\" content=\"summary_large_image\" \/>\n<meta name=\"twitter:label1\" content=\"Skrevet av\" \/>\n\t<meta name=\"twitter:data1\" content=\"Marius Igesund\" \/>\n\t<meta name=\"twitter:label2\" content=\"Ansl. lesetid\" \/>\n\t<meta name=\"twitter:data2\" content=\"1 minutt\" \/>\n<script type=\"application\/ld+json\" class=\"yoast-schema-graph\">{\"@context\":\"https:\/\/schema.org\",\"@graph\":[{\"@type\":\"Article\",\"@id\":\"https:\/\/tyrving.idrett.no\/10\/f\/2023\/01\/06\/kolsas-senter-ny-samarbeidspartne\/#article\",\"isPartOf\":{\"@id\":\"https:\/\/tyrving.idrett.no\/10\/f\/2023\/01\/06\/kolsas-senter-ny-samarbeidspartne\/\"},\"author\":{\"name\":\"Marius Igesund\",\"@id\":\"https:\/\/tyrving.idrett.no\/10\/f\/#\/schema\/person\/dd4a4f5a2b17f61dd1fa05b68fd4da07\"},\"headline\":\"Kols\u00e5s Senter, ny samarbeidspartne\",\"datePublished\":\"2023-01-06T09:29:12+00:00\",\"dateModified\":\"2023-01-06T09:29:12+00:00\",\"mainEntityOfPage\":{\"@id\":\"https:\/\/tyrving.idrett.no\/10\/f\/2023\/01\/06\/kolsas-senter-ny-samarbeidspartne\/\"},\"wordCount\":106,\"publisher\":{\"@id\":\"https:\/\/tyrving.idrett.no\/10\/f\/#organization\"},\"articleSection\":[\"Nyheter\"],\"inLanguage\":\"nb-NO\"},{\"@type\":\"WebPage\",\"@id\":\"https:\/\/tyrving.idrett.no\/10\/f\/2023\/01\/06\/kolsas-senter-ny-samarbeidspartne\/\",\"url\":\"https:\/\/tyrving.idrett.no\/10\/f\/2023\/01\/06\/kolsas-senter-ny-samarbeidspartne\/\",\"name\":\"Kols\u00e5s Senter, ny samarbeidspartne - Tyrving - Friidrett\",\"isPartOf\":{\"@id\":\"https:\/\/tyrving.idrett.no\/10\/f\/#website\"},\"datePublished\":\"2023-01-06T09:29:12+00:00\",\"dateModified\":\"2023-01-06T09:29:12+00:00\",\"breadcrumb\":{\"@id\":\"https:\/\/tyrving.idrett.no\/10\/f\/2023\/01\/06\/kolsas-senter-ny-samarbeidspartne\/#breadcrumb\"},\"inLanguage\":\"nb-NO\",\"potentialAction\":[{\"@type\":\"ReadAction\",\"target\":[\"https:\/\/tyrving.idrett.no\/10\/f\/2023\/01\/06\/kolsas-senter-ny-samarbeidspartne\/\"]}]},{\"@type\":\"BreadcrumbList\",\"@id\":\"https:\/\/tyrving.idrett.no\/10\/f\/2023\/01\/06\/kolsas-senter-ny-samarbeidspartne\/#breadcrumb\",\"itemListElement\":[{\"@type\":\"ListItem\",\"position\":1,\"name\":\"Hjem\",\"item\":\"https:\/\/tyrving.idrett.no\/10\/f\/\"},{\"@type\":\"ListItem\",\"position\":2,\"name\":\"Kols\u00e5s Senter, ny samarbeidspartne\"}]},{\"@type\":\"WebSite\",\"@id\":\"https:\/\/tyrving.idrett.no\/10\/f\/#website\",\"url\":\"https:\/\/tyrving.idrett.no\/10\/f\/\",\"name\":\"Tyrving - Friidrett\",\"description\":\"Friidrettsgruppa\",\"publisher\":{\"@id\":\"https:\/\/tyrving.idrett.no\/10\/f\/#organization\"},\"potentialAction\":[{\"@type\":\"SearchAction\",\"target\":{\"@type\":\"EntryPoint\",\"urlTemplate\":\"https:\/\/tyrving.idrett.no\/10\/f\/?s={search_term_string}\"},\"query-input\":\"required name=search_term_string\"}],\"inLanguage\":\"nb-NO\"},{\"@type\":\"Organization\",\"@id\":\"https:\/\/tyrving.idrett.no\/10\/f\/#organization\",\"name\":\"Tyrving Friidrettsgruppa\",\"url\":\"https:\/\/tyrving.idrett.no\/10\/f\/\",\"logo\":{\"@type\":\"ImageObject\",\"inLanguage\":\"nb-NO\",\"@id\":\"https:\/\/tyrving.idrett.no\/10\/f\/#\/schema\/logo\/image\/\",\"url\":\"https:\/\/tyrving.idrett.no\/10\/f\/files\/2019\/04\/Tyrving-Logo-Friidrett-2019.jpg\",\"contentUrl\":\"https:\/\/tyrving.idrett.no\/10\/f\/files\/2019\/04\/Tyrving-Logo-Friidrett-2019.jpg\",\"width\":460,\"height\":360,\"caption\":\"Tyrving Friidrettsgruppa\"},\"image\":{\"@id\":\"https:\/\/tyrving.idrett.no\/10\/f\/#\/schema\/logo\/image\/\"}},{\"@type\":\"Person\",\"@id\":\"https:\/\/tyrving.idrett.no\/10\/f\/#\/schema\/person\/dd4a4f5a2b17f61dd1fa05b68fd4da07\",\"name\":\"Marius Igesund\",\"image\":{\"@type\":\"ImageObject\",\"inLanguage\":\"nb-NO\",\"@id\":\"https:\/\/tyrving.idrett.no\/10\/f\/#\/schema\/person\/image\/\",\"url\":\"https:\/\/secure.gravatar.com\/avatar\/90f9b1c374b868d0e2ed56dcd42eacfd?s=96&d=mm&r=g\",\"contentUrl\":\"https:\/\/secure.gravatar.com\/avatar\/90f9b1c374b868d0e2ed56dcd42eacfd?s=96&d=mm&r=g\",\"caption\":\"Marius Igesund\"}}]}<\/script>\n<!-- \/ Yoast SEO plugin. -->","yoast_head_json":{"title":"Kols\u00e5s Senter, ny samarbeidspartne - Tyrving - Friidrett","robots":{"index":"index","follow":"follow","max-snippet":"max-snippet:-1","max-image-preview":"max-image-preview:large","max-video-preview":"max-video-preview:-1"},"canonical":"https:\/\/tyrving.idrett.no\/10\/f\/2023\/01\/06\/kolsas-senter-ny-samarbeidspartne\/","og_locale":"nb_NO","og_type":"article","og_title":"Kols\u00e5s Senter, ny samarbeidspartne - Tyrving - Friidrett","og_description":"Etter et suksessfullt samarbeid under Jr. NM 2022 har Tyrving IL og Kols\u00e5s Senterforening signert en ny avtale som gir Kols\u00e5s Senteret status som samarbeidspartner med Tyrving IL. &nbsp; &laquo;Vi er ...","og_url":"https:\/\/tyrving.idrett.no\/10\/f\/2023\/01\/06\/kolsas-senter-ny-samarbeidspartne\/","og_site_name":"Tyrving - Friidrett","article_published_time":"2023-01-06T09:29:12+00:00","og_image":[{"width":4149,"height":1787,"url":"https:\/\/tyrving.idrett.no\/10\/f\/files\/2023\/01\/Kolsassenter-og-Tyrving-IL-Friidrett.png","type":"image\/png"}],"author":"Marius Igesund","twitter_card":"summary_large_image","twitter_misc":{"Skrevet av":"Marius Igesund","Ansl. lesetid":"1 minutt"},"schema":{"@context":"https:\/\/schema.org","@graph":[{"@type":"Article","@id":"https:\/\/tyrving.idrett.no\/10\/f\/2023\/01\/06\/kolsas-senter-ny-samarbeidspartne\/#article","isPartOf":{"@id":"https:\/\/tyrving.idrett.no\/10\/f\/2023\/01\/06\/kolsas-senter-ny-samarbeidspartne\/"},"author":{"name":"Marius Igesund","@id":"https:\/\/tyrving.idrett.no\/10\/f\/#\/schema\/person\/dd4a4f5a2b17f61dd1fa05b68fd4da07"},"headline":"Kols\u00e5s Senter, ny samarbeidspartne","datePublished":"2023-01-06T09:29:12+00:00","dateModified":"2023-01-06T09:29:12+00:00","mainEntityOfPage":{"@id":"https:\/\/tyrving.idrett.no\/10\/f\/2023\/01\/06\/kolsas-senter-ny-samarbeidspartne\/"},"wordCount":106,"publisher":{"@id":"https:\/\/tyrving.idrett.no\/10\/f\/#organization"},"articleSection":["Nyheter"],"inLanguage":"nb-NO"},{"@type":"WebPage","@id":"https:\/\/tyrving.idrett.no\/10\/f\/2023\/01\/06\/kolsas-senter-ny-samarbeidspartne\/","url":"https:\/\/tyrving.idrett.no\/10\/f\/2023\/01\/06\/kolsas-senter-ny-samarbeidspartne\/","name":"Kols\u00e5s Senter, ny samarbeidspartne - Tyrving - Friidrett","isPartOf":{"@id":"https:\/\/tyrving.idrett.no\/10\/f\/#website"},"datePublished":"2023-01-06T09:29:12+00:00","dateModified":"2023-01-06T09:29:12+00:00","breadcrumb":{"@id":"https:\/\/tyrving.idrett.no\/10\/f\/2023\/01\/06\/kolsas-senter-ny-samarbeidspartne\/#breadcrumb"},"inLanguage":"nb-NO","potentialAction":[{"@type":"ReadAction","target":["https:\/\/tyrving.idrett.no\/10\/f\/2023\/01\/06\/kolsas-senter-ny-samarbeidspartne\/"]}]},{"@type":"BreadcrumbList","@id":"https:\/\/tyrving.idrett.no\/10\/f\/2023\/01\/06\/kolsas-senter-ny-samarbeidspartne\/#breadcrumb","itemListElement":[{"@type":"ListItem","position":1,"name":"Hjem","item":"https:\/\/tyrving.idrett.no\/10\/f\/"},{"@type":"ListItem","position":2,"name":"Kols\u00e5s Senter, ny samarbeidspartne"}]},{"@type":"WebSite","@id":"https:\/\/tyrving.idrett.no\/10\/f\/#website","url":"https:\/\/tyrving.idrett.no\/10\/f\/","name":"Tyrving - Friidrett","description":"Friidrettsgruppa","publisher":{"@id":"https:\/\/tyrving.idrett.no\/10\/f\/#organization"},"potentialAction":[{"@type":"SearchAction","target":{"@type":"EntryPoint","urlTemplate":"https:\/\/tyrving.idrett.no\/10\/f\/?s={search_term_string}"},"query-input":"required name=search_term_string"}],"inLanguage":"nb-NO"},{"@type":"Organization","@id":"https:\/\/tyrving.idrett.no\/10\/f\/#organization","name":"Tyrving Friidrettsgruppa","url":"https:\/\/tyrving.idrett.no\/10\/f\/","logo":{"@type":"ImageObject","inLanguage":"nb-NO","@id":"https:\/\/tyrving.idrett.no\/10\/f\/#\/schema\/logo\/image\/","url":"https:\/\/tyrving.idrett.no\/10\/f\/files\/2019\/04\/Tyrving-Logo-Friidrett-2019.jpg","contentUrl":"https:\/\/tyrving.idrett.no\/10\/f\/files\/2019\/04\/Tyrving-Logo-Friidrett-2019.jpg","width":460,"height":360,"caption":"Tyrving Friidrettsgruppa"},"image":{"@id":"https:\/\/tyrving.idrett.no\/10\/f\/#\/schema\/logo\/image\/"}},{"@type":"Person","@id":"https:\/\/tyrving.idrett.no\/10\/f\/#\/schema\/person\/dd4a4f5a2b17f61dd1fa05b68fd4da07","name":"Marius Igesund","image":{"@type":"ImageObject","inLanguage":"nb-NO","@id":"https:\/\/tyrving.idrett.no\/10\/f\/#\/schema\/person\/image\/","url":"https:\/\/secure.gravatar.com\/avatar\/90f9b1c374b868d0e2ed56dcd42eacfd?s=96&d=mm&r=g","contentUrl":"https:\/\/secure.gravatar.com\/avatar\/90f9b1c374b868d0e2ed56dcd42eacfd?s=96&d=mm&r=g","caption":"Marius Igesund"}}]}},"jetpack_sharing_enabled":true,"jetpack_featured_media_url":"https:\/\/tyrving.idrett.no\/10\/f\/files\/2023\/01\/Kolsassenter-og-Tyrving-IL-Friidrett.png","_links":{"self":[{"href":"https:\/\/tyrving.idrett.no\/10\/f\/wp-json\/wp\/v2\/posts\/23953"}],"collection":[{"href":"https:\/\/tyrving.idrett.no\/10\/f\/wp-json\/wp\/v2\/posts"}],"about":[{"href":"https:\/\/tyrving.idrett.no\/10\/f\/wp-json\/wp\/v2\/types\/post"}],"author":[{"embeddable":true,"href":"https:\/\/tyrving.idrett.no\/10\/f\/wp-json\/wp\/v2\/users\/44"}],"replies":[{"embeddable":true,"href":"https:\/\/tyrving.idrett.no\/10\/f\/wp-json\/wp\/v2\/comments?post=23953"}],"version-history":[{"count":1,"href":"https:\/\/tyrving.idrett.no\/10\/f\/wp-json\/wp\/v2\/posts\/23953\/revisions"}],"predecessor-version":[{"id":23955,"href":"https:\/\/tyrving.idrett.no\/10\/f\/wp-json\/wp\/v2\/posts\/23953\/revisions\/23955"}],"wp:featuredmedia":[{"embeddable":true,"href":"https:\/\/tyrving.idrett.no\/10\/f\/wp-json\/wp\/v2\/media\/23954"}],"wp:attachment":[{"href":"https:\/\/tyrving.idrett.no\/10\/f\/wp-json\/wp\/v2\/media?parent=23953"}],"wp:term":[{"taxonomy":"category","embeddable":true,"href":"https:\/\/tyrving.idrett.no\/10\/f\/wp-json\/wp\/v2\/categories?post=23953"},{"taxonomy":"post_tag","embeddable":true,"href":"https:\/\/tyrving.idrett.no\/10\/f\/wp-json\/wp\/v2\/tags?post=23953"}],"curies":[{"name":"wp","href":"https:\/\/api.w.org\/{rel}","templated":true}]}}