{"id":23994,"date":"2023-01-09T11:21:50","date_gmt":"2023-01-09T10:21:50","guid":{"rendered":"https:\/\/tyrving.idrett.no\/10\/f\/?p=23994"},"modified":"2023-01-09T11:21:50","modified_gmt":"2023-01-09T10:21:50","slug":"flere-tyrvingutovere-i-aksjon-i-under-askimlekene","status":"publish","type":"post","link":"https:\/\/tyrving.idrett.no\/10\/f\/2023\/01\/09\/flere-tyrvingutovere-i-aksjon-i-under-askimlekene\/","title":{"rendered":"Flere Tyrvingut\u00f8vere i aksjon i under Askimlekene"},"content":{"rendered":"<p>Flere Tyrvingut\u00f8vere var i aksjon under Askimlekene 7. januar. Deriblant var det to veteraner som deltok for f\u00f8rstegang i Tyrvingfarger.<\/p>\n<p>&nbsp;<\/p>\n<p>21. november deltok Maylem Lauvstad og Romeo Rioverde p\u00e5 sin f\u00f8rste friidrettstrening med Tyrving IL for \u00e5 pr\u00f8ve seg p\u00e5 veteran friidrett. I helgen deltok de p\u00e5 sitt f\u00f8rste stevne. Lauvstad l\u00f8p 8.92 p\u00e5 60m som er ny norsk veteranrekord i klassen KV50-54. Maylem deltok ogs\u00e5 p\u00e5 800m med tiden 3.07 og lengde uten till\u00f8p hvor hun hoppet 2.22m. Treningskameraten Rioverde deltok p\u00e5 de samme \u00f8velsene i klassen MV35-40 og krysset m\u00e5lstreken p\u00e5 8.32 p\u00e5 60m, 2.36 p\u00e5 800m og hoppet 2.63 i stille lengde.<\/p>\n<p>&nbsp;<\/p>\n<p>Tyrving IL \u2013 Friidrett var ogs\u00e5 representert i J12, J14 og KS. Anastasia Schnell deltok i h\u00f8yde og kule med 155m og 9.60m som resultat. I J14 deltok Elise Sandvik Tornberg som nylig ble tatt ut til distriktskampen for \u00e5 representere Akershus Friidrettskrets den 14. januar. Sandvik Tornberg deltok i lengde uten till\u00f8p med 2.36m og 60m med 8.62. Clara Viola Louise Alm\u00e9n-Moe stilte til start fire \u00f8velser. 9.31 ble hennes resultat under 60m finalen i J12. I tillegg hoppet hun 105 i h\u00f8yde, 2.07 i lengde uten till\u00f8p og 6.66 i kule.<\/p>\n","protected":false},"excerpt":{"rendered":"Flere Tyrvingut\u00f8vere var i aksjon under Askimlekene 7. januar. Deriblant var det to veteraner som deltok for f\u00f8rstegang i Tyrvingfarger. &nbsp; 21. november deltok Maylem Lauvstad og Romeo Rioverde p\u00e5&#8230;","protected":false},"author":44,"featured_media":23995,"comment_status":"closed","ping_status":"open","sticky":false,"template":"","format":"standard","meta":{"footnotes":"","_jetpack_memberships_contains_paid_content":false},"categories":[1],"tags":[],"acf":[],"yoast_head":"<!-- This site is optimized with the Yoast SEO plugin v21.2 - https:\/\/yoast.com\/wordpress\/plugins\/seo\/ -->\n<title>Flere Tyrvingut\u00f8vere i aksjon i under Askimlekene - Tyrving - Friidrett<\/title>\n<meta name=\"robots\" content=\"index, follow, max-snippet:-1, max-image-preview:large, max-video-preview:-1\" \/>\n<link rel=\"canonical\" href=\"https:\/\/tyrving.idrett.no\/10\/f\/2023\/01\/09\/flere-tyrvingutovere-i-aksjon-i-under-askimlekene\/\" \/>\n<meta property=\"og:locale\" content=\"nb_NO\" \/>\n<meta property=\"og:type\" content=\"article\" \/>\n<meta property=\"og:title\" content=\"Flere Tyrvingut\u00f8vere i aksjon i under Askimlekene - Tyrving - Friidrett\" \/>\n<meta property=\"og:description\" content=\"Flere Tyrvingut\u00f8vere var i aksjon under Askimlekene 7. januar. Deriblant var det to veteraner som deltok for f\u00f8rstegang i Tyrvingfarger. &nbsp; 21. november deltok Maylem Lauvstad og Romeo Rioverde p\u00e5...\" \/>\n<meta property=\"og:url\" content=\"https:\/\/tyrving.idrett.no\/10\/f\/2023\/01\/09\/flere-tyrvingutovere-i-aksjon-i-under-askimlekene\/\" \/>\n<meta property=\"og:site_name\" content=\"Tyrving - Friidrett\" \/>\n<meta property=\"article:published_time\" content=\"2023-01-09T10:21:50+00:00\" \/>\n<meta property=\"og:image\" content=\"https:\/\/tyrving.idrett.no\/10\/f\/files\/2023\/01\/WhatsApp-Image-2023-01-07-at-15.37.28-e1673259685371.jpeg\" \/>\n\t<meta property=\"og:image:width\" content=\"768\" \/>\n\t<meta property=\"og:image:height\" content=\"542\" \/>\n\t<meta property=\"og:image:type\" content=\"image\/jpeg\" \/>\n<meta name=\"author\" content=\"Marius Igesund\" \/>\n<meta name=\"twitter:card\" content=\"summary_large_image\" \/>\n<meta name=\"twitter:label1\" content=\"Skrevet av\" \/>\n\t<meta name=\"twitter:data1\" content=\"Marius Igesund\" \/>\n\t<meta name=\"twitter:label2\" content=\"Ansl. lesetid\" \/>\n\t<meta name=\"twitter:data2\" content=\"1 minutt\" \/>\n<script type=\"application\/ld+json\" class=\"yoast-schema-graph\">{\"@context\":\"https:\/\/schema.org\",\"@graph\":[{\"@type\":\"Article\",\"@id\":\"https:\/\/tyrving.idrett.no\/10\/f\/2023\/01\/09\/flere-tyrvingutovere-i-aksjon-i-under-askimlekene\/#article\",\"isPartOf\":{\"@id\":\"https:\/\/tyrving.idrett.no\/10\/f\/2023\/01\/09\/flere-tyrvingutovere-i-aksjon-i-under-askimlekene\/\"},\"author\":{\"name\":\"Marius Igesund\",\"@id\":\"https:\/\/tyrving.idrett.no\/10\/f\/#\/schema\/person\/dd4a4f5a2b17f61dd1fa05b68fd4da07\"},\"headline\":\"Flere Tyrvingut\u00f8vere i aksjon i under Askimlekene\",\"datePublished\":\"2023-01-09T10:21:50+00:00\",\"dateModified\":\"2023-01-09T10:21:50+00:00\",\"mainEntityOfPage\":{\"@id\":\"https:\/\/tyrving.idrett.no\/10\/f\/2023\/01\/09\/flere-tyrvingutovere-i-aksjon-i-under-askimlekene\/\"},\"wordCount\":207,\"publisher\":{\"@id\":\"https:\/\/tyrving.idrett.no\/10\/f\/#organization\"},\"articleSection\":[\"Nyheter\"],\"inLanguage\":\"nb-NO\"},{\"@type\":\"WebPage\",\"@id\":\"https:\/\/tyrving.idrett.no\/10\/f\/2023\/01\/09\/flere-tyrvingutovere-i-aksjon-i-under-askimlekene\/\",\"url\":\"https:\/\/tyrving.idrett.no\/10\/f\/2023\/01\/09\/flere-tyrvingutovere-i-aksjon-i-under-askimlekene\/\",\"name\":\"Flere Tyrvingut\u00f8vere i aksjon i under Askimlekene - Tyrving - Friidrett\",\"isPartOf\":{\"@id\":\"https:\/\/tyrving.idrett.no\/10\/f\/#website\"},\"datePublished\":\"2023-01-09T10:21:50+00:00\",\"dateModified\":\"2023-01-09T10:21:50+00:00\",\"breadcrumb\":{\"@id\":\"https:\/\/tyrving.idrett.no\/10\/f\/2023\/01\/09\/flere-tyrvingutovere-i-aksjon-i-under-askimlekene\/#breadcrumb\"},\"inLanguage\":\"nb-NO\",\"potentialAction\":[{\"@type\":\"ReadAction\",\"target\":[\"https:\/\/tyrving.idrett.no\/10\/f\/2023\/01\/09\/flere-tyrvingutovere-i-aksjon-i-under-askimlekene\/\"]}]},{\"@type\":\"BreadcrumbList\",\"@id\":\"https:\/\/tyrving.idrett.no\/10\/f\/2023\/01\/09\/flere-tyrvingutovere-i-aksjon-i-under-askimlekene\/#breadcrumb\",\"itemListElement\":[{\"@type\":\"ListItem\",\"position\":1,\"name\":\"Hjem\",\"item\":\"https:\/\/tyrving.idrett.no\/10\/f\/\"},{\"@type\":\"ListItem\",\"position\":2,\"name\":\"Flere Tyrvingut\u00f8vere i aksjon i under Askimlekene\"}]},{\"@type\":\"WebSite\",\"@id\":\"https:\/\/tyrving.idrett.no\/10\/f\/#website\",\"url\":\"https:\/\/tyrving.idrett.no\/10\/f\/\",\"name\":\"Tyrving - Friidrett\",\"description\":\"Friidrettsgruppa\",\"publisher\":{\"@id\":\"https:\/\/tyrving.idrett.no\/10\/f\/#organization\"},\"potentialAction\":[{\"@type\":\"SearchAction\",\"target\":{\"@type\":\"EntryPoint\",\"urlTemplate\":\"https:\/\/tyrving.idrett.no\/10\/f\/?s={search_term_string}\"},\"query-input\":\"required name=search_term_string\"}],\"inLanguage\":\"nb-NO\"},{\"@type\":\"Organization\",\"@id\":\"https:\/\/tyrving.idrett.no\/10\/f\/#organization\",\"name\":\"Tyrving Friidrettsgruppa\",\"url\":\"https:\/\/tyrving.idrett.no\/10\/f\/\",\"logo\":{\"@type\":\"ImageObject\",\"inLanguage\":\"nb-NO\",\"@id\":\"https:\/\/tyrving.idrett.no\/10\/f\/#\/schema\/logo\/image\/\",\"url\":\"https:\/\/tyrving.idrett.no\/10\/f\/files\/2019\/04\/Tyrving-Logo-Friidrett-2019.jpg\",\"contentUrl\":\"https:\/\/tyrving.idrett.no\/10\/f\/files\/2019\/04\/Tyrving-Logo-Friidrett-2019.jpg\",\"width\":460,\"height\":360,\"caption\":\"Tyrving Friidrettsgruppa\"},\"image\":{\"@id\":\"https:\/\/tyrving.idrett.no\/10\/f\/#\/schema\/logo\/image\/\"}},{\"@type\":\"Person\",\"@id\":\"https:\/\/tyrving.idrett.no\/10\/f\/#\/schema\/person\/dd4a4f5a2b17f61dd1fa05b68fd4da07\",\"name\":\"Marius Igesund\",\"image\":{\"@type\":\"ImageObject\",\"inLanguage\":\"nb-NO\",\"@id\":\"https:\/\/tyrving.idrett.no\/10\/f\/#\/schema\/person\/image\/\",\"url\":\"https:\/\/secure.gravatar.com\/avatar\/90f9b1c374b868d0e2ed56dcd42eacfd?s=96&d=mm&r=g\",\"contentUrl\":\"https:\/\/secure.gravatar.com\/avatar\/90f9b1c374b868d0e2ed56dcd42eacfd?s=96&d=mm&r=g\",\"caption\":\"Marius Igesund\"}}]}<\/script>\n<!-- \/ Yoast SEO plugin. -->","yoast_head_json":{"title":"Flere Tyrvingut\u00f8vere i aksjon i under Askimlekene - Tyrving - Friidrett","robots":{"index":"index","follow":"follow","max-snippet":"max-snippet:-1","max-image-preview":"max-image-preview:large","max-video-preview":"max-video-preview:-1"},"canonical":"https:\/\/tyrving.idrett.no\/10\/f\/2023\/01\/09\/flere-tyrvingutovere-i-aksjon-i-under-askimlekene\/","og_locale":"nb_NO","og_type":"article","og_title":"Flere Tyrvingut\u00f8vere i aksjon i under Askimlekene - Tyrving - Friidrett","og_description":"Flere Tyrvingut\u00f8vere var i aksjon under Askimlekene 7. januar. Deriblant var det to veteraner som deltok for f\u00f8rstegang i Tyrvingfarger. &nbsp; 21. november deltok Maylem Lauvstad og Romeo Rioverde p\u00e5...","og_url":"https:\/\/tyrving.idrett.no\/10\/f\/2023\/01\/09\/flere-tyrvingutovere-i-aksjon-i-under-askimlekene\/","og_site_name":"Tyrving - Friidrett","article_published_time":"2023-01-09T10:21:50+00:00","og_image":[{"width":768,"height":542,"url":"https:\/\/tyrving.idrett.no\/10\/f\/files\/2023\/01\/WhatsApp-Image-2023-01-07-at-15.37.28-e1673259685371.jpeg","type":"image\/jpeg"}],"author":"Marius Igesund","twitter_card":"summary_large_image","twitter_misc":{"Skrevet av":"Marius Igesund","Ansl. lesetid":"1 minutt"},"schema":{"@context":"https:\/\/schema.org","@graph":[{"@type":"Article","@id":"https:\/\/tyrving.idrett.no\/10\/f\/2023\/01\/09\/flere-tyrvingutovere-i-aksjon-i-under-askimlekene\/#article","isPartOf":{"@id":"https:\/\/tyrving.idrett.no\/10\/f\/2023\/01\/09\/flere-tyrvingutovere-i-aksjon-i-under-askimlekene\/"},"author":{"name":"Marius Igesund","@id":"https:\/\/tyrving.idrett.no\/10\/f\/#\/schema\/person\/dd4a4f5a2b17f61dd1fa05b68fd4da07"},"headline":"Flere Tyrvingut\u00f8vere i aksjon i under Askimlekene","datePublished":"2023-01-09T10:21:50+00:00","dateModified":"2023-01-09T10:21:50+00:00","mainEntityOfPage":{"@id":"https:\/\/tyrving.idrett.no\/10\/f\/2023\/01\/09\/flere-tyrvingutovere-i-aksjon-i-under-askimlekene\/"},"wordCount":207,"publisher":{"@id":"https:\/\/tyrving.idrett.no\/10\/f\/#organization"},"articleSection":["Nyheter"],"inLanguage":"nb-NO"},{"@type":"WebPage","@id":"https:\/\/tyrving.idrett.no\/10\/f\/2023\/01\/09\/flere-tyrvingutovere-i-aksjon-i-under-askimlekene\/","url":"https:\/\/tyrving.idrett.no\/10\/f\/2023\/01\/09\/flere-tyrvingutovere-i-aksjon-i-under-askimlekene\/","name":"Flere Tyrvingut\u00f8vere i aksjon i under Askimlekene - Tyrving - Friidrett","isPartOf":{"@id":"https:\/\/tyrving.idrett.no\/10\/f\/#website"},"datePublished":"2023-01-09T10:21:50+00:00","dateModified":"2023-01-09T10:21:50+00:00","breadcrumb":{"@id":"https:\/\/tyrving.idrett.no\/10\/f\/2023\/01\/09\/flere-tyrvingutovere-i-aksjon-i-under-askimlekene\/#breadcrumb"},"inLanguage":"nb-NO","potentialAction":[{"@type":"ReadAction","target":["https:\/\/tyrving.idrett.no\/10\/f\/2023\/01\/09\/flere-tyrvingutovere-i-aksjon-i-under-askimlekene\/"]}]},{"@type":"BreadcrumbList","@id":"https:\/\/tyrving.idrett.no\/10\/f\/2023\/01\/09\/flere-tyrvingutovere-i-aksjon-i-under-askimlekene\/#breadcrumb","itemListElement":[{"@type":"ListItem","position":1,"name":"Hjem","item":"https:\/\/tyrving.idrett.no\/10\/f\/"},{"@type":"ListItem","position":2,"name":"Flere Tyrvingut\u00f8vere i aksjon i under Askimlekene"}]},{"@type":"WebSite","@id":"https:\/\/tyrving.idrett.no\/10\/f\/#website","url":"https:\/\/tyrving.idrett.no\/10\/f\/","name":"Tyrving - Friidrett","description":"Friidrettsgruppa","publisher":{"@id":"https:\/\/tyrving.idrett.no\/10\/f\/#organization"},"potentialAction":[{"@type":"SearchAction","target":{"@type":"EntryPoint","urlTemplate":"https:\/\/tyrving.idrett.no\/10\/f\/?s={search_term_string}"},"query-input":"required name=search_term_string"}],"inLanguage":"nb-NO"},{"@type":"Organization","@id":"https:\/\/tyrving.idrett.no\/10\/f\/#organization","name":"Tyrving Friidrettsgruppa","url":"https:\/\/tyrving.idrett.no\/10\/f\/","logo":{"@type":"ImageObject","inLanguage":"nb-NO","@id":"https:\/\/tyrving.idrett.no\/10\/f\/#\/schema\/logo\/image\/","url":"https:\/\/tyrving.idrett.no\/10\/f\/files\/2019\/04\/Tyrving-Logo-Friidrett-2019.jpg","contentUrl":"https:\/\/tyrving.idrett.no\/10\/f\/files\/2019\/04\/Tyrving-Logo-Friidrett-2019.jpg","width":460,"height":360,"caption":"Tyrving Friidrettsgruppa"},"image":{"@id":"https:\/\/tyrving.idrett.no\/10\/f\/#\/schema\/logo\/image\/"}},{"@type":"Person","@id":"https:\/\/tyrving.idrett.no\/10\/f\/#\/schema\/person\/dd4a4f5a2b17f61dd1fa05b68fd4da07","name":"Marius Igesund","image":{"@type":"ImageObject","inLanguage":"nb-NO","@id":"https:\/\/tyrving.idrett.no\/10\/f\/#\/schema\/person\/image\/","url":"https:\/\/secure.gravatar.com\/avatar\/90f9b1c374b868d0e2ed56dcd42eacfd?s=96&d=mm&r=g","contentUrl":"https:\/\/secure.gravatar.com\/avatar\/90f9b1c374b868d0e2ed56dcd42eacfd?s=96&d=mm&r=g","caption":"Marius Igesund"}}]}},"jetpack_sharing_enabled":true,"jetpack_featured_media_url":"https:\/\/tyrving.idrett.no\/10\/f\/files\/2023\/01\/WhatsApp-Image-2023-01-07-at-15.37.28-e1673259685371.jpeg","_links":{"self":[{"href":"https:\/\/tyrving.idrett.no\/10\/f\/wp-json\/wp\/v2\/posts\/23994"}],"collection":[{"href":"https:\/\/tyrving.idrett.no\/10\/f\/wp-json\/wp\/v2\/posts"}],"about":[{"href":"https:\/\/tyrving.idrett.no\/10\/f\/wp-json\/wp\/v2\/types\/post"}],"author":[{"embeddable":true,"href":"https:\/\/tyrving.idrett.no\/10\/f\/wp-json\/wp\/v2\/users\/44"}],"replies":[{"embeddable":true,"href":"https:\/\/tyrving.idrett.no\/10\/f\/wp-json\/wp\/v2\/comments?post=23994"}],"version-history":[{"count":1,"href":"https:\/\/tyrving.idrett.no\/10\/f\/wp-json\/wp\/v2\/posts\/23994\/revisions"}],"predecessor-version":[{"id":23997,"href":"https:\/\/tyrving.idrett.no\/10\/f\/wp-json\/wp\/v2\/posts\/23994\/revisions\/23997"}],"wp:featuredmedia":[{"embeddable":true,"href":"https:\/\/tyrving.idrett.no\/10\/f\/wp-json\/wp\/v2\/media\/23995"}],"wp:attachment":[{"href":"https:\/\/tyrving.idrett.no\/10\/f\/wp-json\/wp\/v2\/media?parent=23994"}],"wp:term":[{"taxonomy":"category","embeddable":true,"href":"https:\/\/tyrving.idrett.no\/10\/f\/wp-json\/wp\/v2\/categories?post=23994"},{"taxonomy":"post_tag","embeddable":true,"href":"https:\/\/tyrving.idrett.no\/10\/f\/wp-json\/wp\/v2\/tags?post=23994"}],"curies":[{"name":"wp","href":"https:\/\/api.w.org\/{rel}","templated":true}]}}