{"id":24010,"date":"2023-01-16T14:24:27","date_gmt":"2023-01-16T13:24:27","guid":{"rendered":"https:\/\/tyrving.idrett.no\/10\/f\/?p=24010"},"modified":"2023-01-31T10:07:03","modified_gmt":"2023-01-31T09:07:03","slug":"bli-med-landslagets-friidrettsskole-i-2023","status":"publish","type":"post","link":"https:\/\/tyrving.idrett.no\/10\/f\/2023\/01\/16\/bli-med-landslagets-friidrettsskole-i-2023\/","title":{"rendered":"Bli med p\u00e5 landslagets friidrettsskole i 2023"},"content":{"rendered":"<p>Tyrving IL arrangerer 6 friidrettsskoler i l\u00f8pet av 2023. Skal dere bli med?<\/p>\n<p>&nbsp;<\/p>\n<p>Friidrettsskolen sparkes i gang med 3 dager i p\u00e5skeferien. Deretter avholdes det 4 uker i l\u00f8pet av sommerferien. Det hele avsluttes med 3 dager i h\u00f8stferien. Man kan delta p\u00e5 s\u00e5 mange friiidrettsskoler som man m\u00e5tte \u00f8nske.<\/p>\n<p>&nbsp;<\/p>\n<p>Hver deltaker tar selv med lunsj og drikke.<\/p>\n<p>&nbsp;<\/p>\n<p>Trenere fra friidrettsgruppa til Tyrving IL er instrukt\u00f8rer. Samtlige trenere har minimum gjennomf\u00f8rt NIFs trenerattest og fremvist politiattest.<\/p>\n<p>&nbsp;<\/p>\n<p>P\u00e5meldingsavgift for p\u00e5ske- og h\u00f8stskolen (3 dager) er 1000,-<\/p>\n<p>P\u00e5meldingsavgift for sommerskolen (5 dager) er 1700,-<\/p>\n<p>&nbsp;<\/p>\n<p>For p\u00e5melding se lenke under:<\/p>\n<p>P\u00e5skeskolen: <a href=\"https:\/\/www.deltager.no\/Landslagetsfriidrettsskole\/event\/friidrettsskole-paasken23#init\">https:\/\/www.deltager.no\/Landslagetsfriidrettsskole\/event\/friidrettsskole-paasken23#init<\/a><\/p>\n<p>Uke 26: <a href=\"https:\/\/www.deltager.no\/Landslagetsfriidrettsskole\/event\/tyrving_friidrettsskole_uke_26_26062023#init\">https:\/\/www.deltager.no\/Landslagetsfriidrettsskole\/event\/tyrving_friidrettsskole_uke_26_26062023#init<\/a><\/p>\n<p>Uke 27: <a href=\"https:\/\/www.deltager.no\/Landslagetsfriidrettsskole\/event\/tyrving_friidrettsskole_uke_27_03072023#init\">https:\/\/www.deltager.no\/Landslagetsfriidrettsskole\/event\/tyrving_friidrettsskole_uke_27_03072023#init<\/a><\/p>\n<p>Uke 32: <a href=\"https:\/\/www.deltager.no\/Landslagetsfriidrettsskole\/event\/tyrving_friidrettsskole_uke_32_07082023#init\">https:\/\/www.deltager.no\/Landslagetsfriidrettsskole\/event\/tyrving_friidrettsskole_uke_32_07082023#init<\/a><\/p>\n<p>Uke 33: <a href=\"https:\/\/www.deltager.no\/Landslagetsfriidrettsskole\/event\/tyrving_friidrettsskole_uke_33_14082023#init\">https:\/\/www.deltager.no\/Landslagetsfriidrettsskole\/event\/tyrving_friidrettsskole_uke_33_14082023#init<\/a><\/p>\n<p>H\u00f8stskolen: <a href=\"https:\/\/www.deltager.no\/Landslagetsfriidrettsskole\/event\/friidrettsskole_-_hosten_2023_02102023#init\">https:\/\/www.deltager.no\/Landslagetsfriidrettsskole\/event\/friidrettsskole_-_hosten_2023_02102023#init<\/a><\/p>\n<p>&nbsp;<\/p>\n","protected":false},"excerpt":{"rendered":"Tyrving IL arrangerer 6 friidrettsskoler i l\u00f8pet av 2023. Skal dere bli med? &nbsp; Friidrettsskolen sparkes i gang med 3 dager i p\u00e5skeferien. Deretter avholdes det 4 uker i l\u00f8pet av sommerferien. Det&#8230;","protected":false},"author":44,"featured_media":23383,"comment_status":"closed","ping_status":"open","sticky":false,"template":"","format":"standard","meta":{"footnotes":"","_jetpack_memberships_contains_paid_content":false},"categories":[1],"tags":[],"acf":[],"yoast_head":"<!-- This site is optimized with the Yoast SEO plugin v21.2 - https:\/\/yoast.com\/wordpress\/plugins\/seo\/ -->\n<title>Bli med p\u00e5 landslagets friidrettsskole i 2023 - Tyrving - Friidrett<\/title>\n<meta name=\"robots\" content=\"index, follow, max-snippet:-1, max-image-preview:large, max-video-preview:-1\" \/>\n<link rel=\"canonical\" href=\"https:\/\/tyrving.idrett.no\/10\/f\/2023\/01\/16\/bli-med-landslagets-friidrettsskole-i-2023\/\" \/>\n<meta property=\"og:locale\" content=\"nb_NO\" \/>\n<meta property=\"og:type\" content=\"article\" \/>\n<meta property=\"og:title\" content=\"Bli med p\u00e5 landslagets friidrettsskole i 2023 - Tyrving - Friidrett\" \/>\n<meta property=\"og:description\" content=\"Tyrving IL arrangerer 6 friidrettsskoler i l\u00f8pet av 2023. Skal dere bli med? &nbsp; Friidrettsskolen sparkes i gang med 3 dager i p\u00e5skeferien. Deretter avholdes det 4 uker i l\u00f8pet av sommerferien. Det...\" \/>\n<meta property=\"og:url\" content=\"https:\/\/tyrving.idrett.no\/10\/f\/2023\/01\/16\/bli-med-landslagets-friidrettsskole-i-2023\/\" \/>\n<meta property=\"og:site_name\" content=\"Tyrving - Friidrett\" \/>\n<meta property=\"article:published_time\" content=\"2023-01-16T13:24:27+00:00\" \/>\n<meta property=\"article:modified_time\" content=\"2023-01-31T09:07:03+00:00\" \/>\n<meta property=\"og:image\" content=\"https:\/\/tyrving.idrett.no\/10\/f\/files\/2022\/04\/IMG_20180628_104011-1-scaled.jpg\" \/>\n\t<meta property=\"og:image:width\" content=\"2560\" \/>\n\t<meta property=\"og:image:height\" content=\"1920\" \/>\n\t<meta property=\"og:image:type\" content=\"image\/jpeg\" \/>\n<meta name=\"author\" content=\"Marius Igesund\" \/>\n<meta name=\"twitter:card\" content=\"summary_large_image\" \/>\n<meta name=\"twitter:label1\" content=\"Skrevet av\" \/>\n\t<meta name=\"twitter:data1\" content=\"Marius Igesund\" \/>\n\t<meta name=\"twitter:label2\" content=\"Ansl. lesetid\" \/>\n\t<meta name=\"twitter:data2\" content=\"1 minutt\" \/>\n<script type=\"application\/ld+json\" class=\"yoast-schema-graph\">{\"@context\":\"https:\/\/schema.org\",\"@graph\":[{\"@type\":\"Article\",\"@id\":\"https:\/\/tyrving.idrett.no\/10\/f\/2023\/01\/16\/bli-med-landslagets-friidrettsskole-i-2023\/#article\",\"isPartOf\":{\"@id\":\"https:\/\/tyrving.idrett.no\/10\/f\/2023\/01\/16\/bli-med-landslagets-friidrettsskole-i-2023\/\"},\"author\":{\"name\":\"Marius Igesund\",\"@id\":\"https:\/\/tyrving.idrett.no\/10\/f\/#\/schema\/person\/dd4a4f5a2b17f61dd1fa05b68fd4da07\"},\"headline\":\"Bli med p\u00e5 landslagets friidrettsskole i 2023\",\"datePublished\":\"2023-01-16T13:24:27+00:00\",\"dateModified\":\"2023-01-31T09:07:03+00:00\",\"mainEntityOfPage\":{\"@id\":\"https:\/\/tyrving.idrett.no\/10\/f\/2023\/01\/16\/bli-med-landslagets-friidrettsskole-i-2023\/\"},\"wordCount\":180,\"publisher\":{\"@id\":\"https:\/\/tyrving.idrett.no\/10\/f\/#organization\"},\"articleSection\":[\"Nyheter\"],\"inLanguage\":\"nb-NO\"},{\"@type\":\"WebPage\",\"@id\":\"https:\/\/tyrving.idrett.no\/10\/f\/2023\/01\/16\/bli-med-landslagets-friidrettsskole-i-2023\/\",\"url\":\"https:\/\/tyrving.idrett.no\/10\/f\/2023\/01\/16\/bli-med-landslagets-friidrettsskole-i-2023\/\",\"name\":\"Bli med p\u00e5 landslagets friidrettsskole i 2023 - Tyrving - Friidrett\",\"isPartOf\":{\"@id\":\"https:\/\/tyrving.idrett.no\/10\/f\/#website\"},\"datePublished\":\"2023-01-16T13:24:27+00:00\",\"dateModified\":\"2023-01-31T09:07:03+00:00\",\"breadcrumb\":{\"@id\":\"https:\/\/tyrving.idrett.no\/10\/f\/2023\/01\/16\/bli-med-landslagets-friidrettsskole-i-2023\/#breadcrumb\"},\"inLanguage\":\"nb-NO\",\"potentialAction\":[{\"@type\":\"ReadAction\",\"target\":[\"https:\/\/tyrving.idrett.no\/10\/f\/2023\/01\/16\/bli-med-landslagets-friidrettsskole-i-2023\/\"]}]},{\"@type\":\"BreadcrumbList\",\"@id\":\"https:\/\/tyrving.idrett.no\/10\/f\/2023\/01\/16\/bli-med-landslagets-friidrettsskole-i-2023\/#breadcrumb\",\"itemListElement\":[{\"@type\":\"ListItem\",\"position\":1,\"name\":\"Hjem\",\"item\":\"https:\/\/tyrving.idrett.no\/10\/f\/\"},{\"@type\":\"ListItem\",\"position\":2,\"name\":\"Bli med p\u00e5 landslagets friidrettsskole i 2023\"}]},{\"@type\":\"WebSite\",\"@id\":\"https:\/\/tyrving.idrett.no\/10\/f\/#website\",\"url\":\"https:\/\/tyrving.idrett.no\/10\/f\/\",\"name\":\"Tyrving - Friidrett\",\"description\":\"Friidrettsgruppa\",\"publisher\":{\"@id\":\"https:\/\/tyrving.idrett.no\/10\/f\/#organization\"},\"potentialAction\":[{\"@type\":\"SearchAction\",\"target\":{\"@type\":\"EntryPoint\",\"urlTemplate\":\"https:\/\/tyrving.idrett.no\/10\/f\/?s={search_term_string}\"},\"query-input\":\"required name=search_term_string\"}],\"inLanguage\":\"nb-NO\"},{\"@type\":\"Organization\",\"@id\":\"https:\/\/tyrving.idrett.no\/10\/f\/#organization\",\"name\":\"Tyrving Friidrettsgruppa\",\"url\":\"https:\/\/tyrving.idrett.no\/10\/f\/\",\"logo\":{\"@type\":\"ImageObject\",\"inLanguage\":\"nb-NO\",\"@id\":\"https:\/\/tyrving.idrett.no\/10\/f\/#\/schema\/logo\/image\/\",\"url\":\"https:\/\/tyrving.idrett.no\/10\/f\/files\/2019\/04\/Tyrving-Logo-Friidrett-2019.jpg\",\"contentUrl\":\"https:\/\/tyrving.idrett.no\/10\/f\/files\/2019\/04\/Tyrving-Logo-Friidrett-2019.jpg\",\"width\":460,\"height\":360,\"caption\":\"Tyrving Friidrettsgruppa\"},\"image\":{\"@id\":\"https:\/\/tyrving.idrett.no\/10\/f\/#\/schema\/logo\/image\/\"}},{\"@type\":\"Person\",\"@id\":\"https:\/\/tyrving.idrett.no\/10\/f\/#\/schema\/person\/dd4a4f5a2b17f61dd1fa05b68fd4da07\",\"name\":\"Marius Igesund\",\"image\":{\"@type\":\"ImageObject\",\"inLanguage\":\"nb-NO\",\"@id\":\"https:\/\/tyrving.idrett.no\/10\/f\/#\/schema\/person\/image\/\",\"url\":\"https:\/\/secure.gravatar.com\/avatar\/90f9b1c374b868d0e2ed56dcd42eacfd?s=96&d=mm&r=g\",\"contentUrl\":\"https:\/\/secure.gravatar.com\/avatar\/90f9b1c374b868d0e2ed56dcd42eacfd?s=96&d=mm&r=g\",\"caption\":\"Marius Igesund\"}}]}<\/script>\n<!-- \/ Yoast SEO plugin. -->","yoast_head_json":{"title":"Bli med p\u00e5 landslagets friidrettsskole i 2023 - Tyrving - Friidrett","robots":{"index":"index","follow":"follow","max-snippet":"max-snippet:-1","max-image-preview":"max-image-preview:large","max-video-preview":"max-video-preview:-1"},"canonical":"https:\/\/tyrving.idrett.no\/10\/f\/2023\/01\/16\/bli-med-landslagets-friidrettsskole-i-2023\/","og_locale":"nb_NO","og_type":"article","og_title":"Bli med p\u00e5 landslagets friidrettsskole i 2023 - Tyrving - Friidrett","og_description":"Tyrving IL arrangerer 6 friidrettsskoler i l\u00f8pet av 2023. Skal dere bli med? &nbsp; Friidrettsskolen sparkes i gang med 3 dager i p\u00e5skeferien. Deretter avholdes det 4 uker i l\u00f8pet av sommerferien. Det...","og_url":"https:\/\/tyrving.idrett.no\/10\/f\/2023\/01\/16\/bli-med-landslagets-friidrettsskole-i-2023\/","og_site_name":"Tyrving - Friidrett","article_published_time":"2023-01-16T13:24:27+00:00","article_modified_time":"2023-01-31T09:07:03+00:00","og_image":[{"width":2560,"height":1920,"url":"https:\/\/tyrving.idrett.no\/10\/f\/files\/2022\/04\/IMG_20180628_104011-1-scaled.jpg","type":"image\/jpeg"}],"author":"Marius Igesund","twitter_card":"summary_large_image","twitter_misc":{"Skrevet av":"Marius Igesund","Ansl. lesetid":"1 minutt"},"schema":{"@context":"https:\/\/schema.org","@graph":[{"@type":"Article","@id":"https:\/\/tyrving.idrett.no\/10\/f\/2023\/01\/16\/bli-med-landslagets-friidrettsskole-i-2023\/#article","isPartOf":{"@id":"https:\/\/tyrving.idrett.no\/10\/f\/2023\/01\/16\/bli-med-landslagets-friidrettsskole-i-2023\/"},"author":{"name":"Marius Igesund","@id":"https:\/\/tyrving.idrett.no\/10\/f\/#\/schema\/person\/dd4a4f5a2b17f61dd1fa05b68fd4da07"},"headline":"Bli med p\u00e5 landslagets friidrettsskole i 2023","datePublished":"2023-01-16T13:24:27+00:00","dateModified":"2023-01-31T09:07:03+00:00","mainEntityOfPage":{"@id":"https:\/\/tyrving.idrett.no\/10\/f\/2023\/01\/16\/bli-med-landslagets-friidrettsskole-i-2023\/"},"wordCount":180,"publisher":{"@id":"https:\/\/tyrving.idrett.no\/10\/f\/#organization"},"articleSection":["Nyheter"],"inLanguage":"nb-NO"},{"@type":"WebPage","@id":"https:\/\/tyrving.idrett.no\/10\/f\/2023\/01\/16\/bli-med-landslagets-friidrettsskole-i-2023\/","url":"https:\/\/tyrving.idrett.no\/10\/f\/2023\/01\/16\/bli-med-landslagets-friidrettsskole-i-2023\/","name":"Bli med p\u00e5 landslagets friidrettsskole i 2023 - Tyrving - Friidrett","isPartOf":{"@id":"https:\/\/tyrving.idrett.no\/10\/f\/#website"},"datePublished":"2023-01-16T13:24:27+00:00","dateModified":"2023-01-31T09:07:03+00:00","breadcrumb":{"@id":"https:\/\/tyrving.idrett.no\/10\/f\/2023\/01\/16\/bli-med-landslagets-friidrettsskole-i-2023\/#breadcrumb"},"inLanguage":"nb-NO","potentialAction":[{"@type":"ReadAction","target":["https:\/\/tyrving.idrett.no\/10\/f\/2023\/01\/16\/bli-med-landslagets-friidrettsskole-i-2023\/"]}]},{"@type":"BreadcrumbList","@id":"https:\/\/tyrving.idrett.no\/10\/f\/2023\/01\/16\/bli-med-landslagets-friidrettsskole-i-2023\/#breadcrumb","itemListElement":[{"@type":"ListItem","position":1,"name":"Hjem","item":"https:\/\/tyrving.idrett.no\/10\/f\/"},{"@type":"ListItem","position":2,"name":"Bli med p\u00e5 landslagets friidrettsskole i 2023"}]},{"@type":"WebSite","@id":"https:\/\/tyrving.idrett.no\/10\/f\/#website","url":"https:\/\/tyrving.idrett.no\/10\/f\/","name":"Tyrving - Friidrett","description":"Friidrettsgruppa","publisher":{"@id":"https:\/\/tyrving.idrett.no\/10\/f\/#organization"},"potentialAction":[{"@type":"SearchAction","target":{"@type":"EntryPoint","urlTemplate":"https:\/\/tyrving.idrett.no\/10\/f\/?s={search_term_string}"},"query-input":"required name=search_term_string"}],"inLanguage":"nb-NO"},{"@type":"Organization","@id":"https:\/\/tyrving.idrett.no\/10\/f\/#organization","name":"Tyrving Friidrettsgruppa","url":"https:\/\/tyrving.idrett.no\/10\/f\/","logo":{"@type":"ImageObject","inLanguage":"nb-NO","@id":"https:\/\/tyrving.idrett.no\/10\/f\/#\/schema\/logo\/image\/","url":"https:\/\/tyrving.idrett.no\/10\/f\/files\/2019\/04\/Tyrving-Logo-Friidrett-2019.jpg","contentUrl":"https:\/\/tyrving.idrett.no\/10\/f\/files\/2019\/04\/Tyrving-Logo-Friidrett-2019.jpg","width":460,"height":360,"caption":"Tyrving Friidrettsgruppa"},"image":{"@id":"https:\/\/tyrving.idrett.no\/10\/f\/#\/schema\/logo\/image\/"}},{"@type":"Person","@id":"https:\/\/tyrving.idrett.no\/10\/f\/#\/schema\/person\/dd4a4f5a2b17f61dd1fa05b68fd4da07","name":"Marius Igesund","image":{"@type":"ImageObject","inLanguage":"nb-NO","@id":"https:\/\/tyrving.idrett.no\/10\/f\/#\/schema\/person\/image\/","url":"https:\/\/secure.gravatar.com\/avatar\/90f9b1c374b868d0e2ed56dcd42eacfd?s=96&d=mm&r=g","contentUrl":"https:\/\/secure.gravatar.com\/avatar\/90f9b1c374b868d0e2ed56dcd42eacfd?s=96&d=mm&r=g","caption":"Marius Igesund"}}]}},"jetpack_sharing_enabled":true,"jetpack_featured_media_url":"https:\/\/tyrving.idrett.no\/10\/f\/files\/2022\/04\/IMG_20180628_104011-1-scaled.jpg","_links":{"self":[{"href":"https:\/\/tyrving.idrett.no\/10\/f\/wp-json\/wp\/v2\/posts\/24010"}],"collection":[{"href":"https:\/\/tyrving.idrett.no\/10\/f\/wp-json\/wp\/v2\/posts"}],"about":[{"href":"https:\/\/tyrving.idrett.no\/10\/f\/wp-json\/wp\/v2\/types\/post"}],"author":[{"embeddable":true,"href":"https:\/\/tyrving.idrett.no\/10\/f\/wp-json\/wp\/v2\/users\/44"}],"replies":[{"embeddable":true,"href":"https:\/\/tyrving.idrett.no\/10\/f\/wp-json\/wp\/v2\/comments?post=24010"}],"version-history":[{"count":2,"href":"https:\/\/tyrving.idrett.no\/10\/f\/wp-json\/wp\/v2\/posts\/24010\/revisions"}],"predecessor-version":[{"id":24070,"href":"https:\/\/tyrving.idrett.no\/10\/f\/wp-json\/wp\/v2\/posts\/24010\/revisions\/24070"}],"wp:featuredmedia":[{"embeddable":true,"href":"https:\/\/tyrving.idrett.no\/10\/f\/wp-json\/wp\/v2\/media\/23383"}],"wp:attachment":[{"href":"https:\/\/tyrving.idrett.no\/10\/f\/wp-json\/wp\/v2\/media?parent=24010"}],"wp:term":[{"taxonomy":"category","embeddable":true,"href":"https:\/\/tyrving.idrett.no\/10\/f\/wp-json\/wp\/v2\/categories?post=24010"},{"taxonomy":"post_tag","embeddable":true,"href":"https:\/\/tyrving.idrett.no\/10\/f\/wp-json\/wp\/v2\/tags?post=24010"}],"curies":[{"name":"wp","href":"https:\/\/api.w.org\/{rel}","templated":true}]}}