{"id":24016,"date":"2023-01-16T14:58:52","date_gmt":"2023-01-16T13:58:52","guid":{"rendered":"https:\/\/tyrving.idrett.no\/10\/f\/?p=24016"},"modified":"2023-01-16T14:58:52","modified_gmt":"2023-01-16T13:58:52","slug":"klubbstevner-i-2023","status":"publish","type":"post","link":"https:\/\/tyrving.idrett.no\/10\/f\/2023\/01\/16\/klubbstevner-i-2023\/","title":{"rendered":"Klubbstevner i 2023"},"content":{"rendered":"<p>Som en del av Tyrving IL \u2013 Friidrett sin strategi har klubben et m\u00e5l om \u00e5 \u00f8ke stevnedeltagelse blant sine medlemmer. Det er derfor lagt opp til flere sm\u00e5 klubbstevner i ukedagene i 2023. Stevnene er \u00e5pne for alle Tyrving IL ut\u00f8vere og p\u00e5melding m\u00e5 skje via lenken bak stevne dato og \u00f8velse.<\/p>\n<p>&nbsp;<\/p>\n<p>For 2023 er f\u00f8lgende stevner oppsatt:<\/p>\n<table style=\"height: 1955px;\" width=\"814\">\n<tbody>\n<tr>\n<td width=\"66\"><strong>Dato<\/strong><\/td>\n<td width=\"80\"><strong>Tidspunkt<\/strong><\/td>\n<td width=\"159\"><strong>\u00d8velse<\/strong><\/td>\n<td width=\"345\"><strong>Link til p\u00e5melding <\/strong><\/td>\n<\/tr>\n<tr>\n<td width=\"66\">30.01.2023<\/p>\n<p>Mandag<\/td>\n<td width=\"80\">18:00-20:00<\/td>\n<td width=\"159\">HUT og H\u00f8yde<\/td>\n<td width=\"345\"><u><a href=\"https:\/\/isonen.no\/event\/clcj2e6a2121810511blnzfkfj9j\">https:\/\/isonen.no\/event\/clcj2e6a2121810511blnzfkfj9j<\/a><\/u><\/td>\n<\/tr>\n<tr>\n<td width=\"66\">01.02.2023<\/p>\n<p>Onsdag<\/td>\n<td width=\"80\">18:00-20:00<\/td>\n<td width=\"159\">Kule<\/td>\n<td width=\"345\"><u><a href=\"https:\/\/isonen.no\/event\/clckel1nr52606611da0plat63x\">https:\/\/isonen.no\/event\/clckel1nr52606611da0plat63x<\/a><\/u><\/td>\n<\/tr>\n<tr>\n<td width=\"66\">20.02.2023<\/p>\n<p>Mandag<\/td>\n<td width=\"80\">18:00-20:00<\/td>\n<td width=\"159\">Lengde<\/td>\n<td width=\"345\"><u><a href=\"https:\/\/isonen.no\/event\/clckeypxy53615911daki7a05l3\">https:\/\/isonen.no\/event\/clckeypxy53615911daki7a05l3<\/a><\/u><\/td>\n<\/tr>\n<tr>\n<td width=\"66\">09.03.2023<\/p>\n<p>Torsdag<\/td>\n<td width=\"80\">18:00-20:00<\/td>\n<td width=\"159\">Tresteg<\/td>\n<td width=\"345\"><u><a href=\"https:\/\/isonen.no\/event\/clcixshw45752611dy26xutu8a\">https:\/\/isonen.no\/event\/clcixshw45752611dy26xutu8a<\/a><\/u><\/td>\n<\/tr>\n<tr>\n<td width=\"66\">22.03.2023<\/p>\n<p>Onsdag<\/td>\n<td width=\"80\">18:00-20:00<\/td>\n<td width=\"159\">HUT<\/td>\n<td width=\"345\"><u><a href=\"https:\/\/isonen.no\/event\/clckf4j5v47733311dyzmlo40c3\">https:\/\/isonen.no\/event\/clckf4j5v47733311dyzmlo40c3<\/a><\/u><\/td>\n<\/tr>\n<tr>\n<td width=\"66\">23.03.2023<\/p>\n<p>Torsdag<\/td>\n<td width=\"80\">18:00-20:00<\/td>\n<td width=\"159\">LUT<\/td>\n<td width=\"345\"><u><a href=\"https:\/\/isonen.no\/event\/clckf9umt56519311da9fbu39gt\">https:\/\/isonen.no\/event\/clckf9umt56519311da9fbu39gt<\/a><\/u><\/td>\n<\/tr>\n<tr>\n<td width=\"66\">02.05.2023<\/p>\n<p>Tirsdag<\/td>\n<td width=\"80\">17:00-21:00<\/td>\n<td width=\"159\">L\u00f8psstevne<\/td>\n<td width=\"345\"><u><a href=\"https:\/\/isonen.no\/event\/cl8wxqy0m47928717nj3i1zq5xx\">https:\/\/isonen.no\/event\/cl8wxqy0m47928717nj3i1zq5xx<\/a><\/u><\/td>\n<\/tr>\n<tr>\n<td width=\"66\">15.05.2023<\/p>\n<p>Mandag<\/td>\n<td width=\"80\">18:00-20:00<\/td>\n<td width=\"159\">H\u00f8yde<\/td>\n<td width=\"345\"><u><a href=\"https:\/\/isonen.no\/event\/clckfuiba59477011cuhx5hyjhf\">https:\/\/isonen.no\/event\/clckfuiba59477011cuhx5hyjhf<\/a><\/u><\/td>\n<\/tr>\n<tr>\n<td width=\"66\">01.06.2023<\/p>\n<p>Torsdag<\/td>\n<td width=\"80\">18:00-20:00<\/td>\n<td width=\"159\">Lengde<\/td>\n<td width=\"345\"><u><a href=\"https:\/\/isonen.no\/event\/clckfz9su61226311cud8nyrrji\">https:\/\/isonen.no\/event\/clckfz9su61226311cud8nyrrji<\/a><\/u><\/td>\n<\/tr>\n<tr>\n<td width=\"66\">12.09.2023<\/p>\n<p>Tirsdag<\/td>\n<td width=\"80\">17:00-21:00<\/td>\n<td width=\"159\">H\u00f8stserien &#8211; L\u00f8p<\/td>\n<td width=\"345\"><u><a href=\"https:\/\/isonen.no\/event\/cl8wy8cq648791115nknub3ogdo\">https:\/\/isonen.no\/event\/cl8wy8cq648791115nknub3ogdo<\/a><\/u><\/td>\n<\/tr>\n<tr>\n<td width=\"66\">13.09.2023<\/p>\n<p>Onsdag<\/td>\n<td width=\"80\">18:00-21:00<\/td>\n<td width=\"159\">H\u00f8stserien &#8211; Hopp<\/td>\n<td width=\"345\"><u><a href=\"https:\/\/isonen.no\/event\/cl8wybt9s48935915nktlkfy1t8\">https:\/\/isonen.no\/event\/cl8wybt9s48935915nktlkfy1t8<\/a><\/u><\/td>\n<\/tr>\n<tr>\n<td width=\"66\">19.09.2023<\/p>\n<p>Tirsdag<\/td>\n<td width=\"80\">18:00-21:00<\/td>\n<td width=\"159\">H\u00f8stserien &#8211; Kast<\/td>\n<td width=\"345\"><u><a href=\"https:\/\/isonen.no\/event\/cl8wya2uh48873415nkpm3vqwh2\">https:\/\/isonen.no\/event\/cl8wya2uh48873415nkpm3vqwh2<\/a><\/u><\/td>\n<\/tr>\n<tr>\n<td width=\"66\">21.10.2023<\/p>\n<p>L\u00f8rdag<\/td>\n<td width=\"80\">14:00-17:00<\/td>\n<td width=\"159\">Kaststevne &#8211; Slegge og Spyd<\/td>\n<td width=\"345\"><\/td>\n<\/tr>\n<tr>\n<td width=\"66\">22.10.2023<\/p>\n<p>S\u00f8ndag<\/td>\n<td width=\"80\">14:00-17:00<\/td>\n<td width=\"159\">Kaststevne &#8211; Diskos og Kule<\/td>\n<td width=\"345\"><\/td>\n<\/tr>\n<tr>\n<td width=\"66\">02.11.2023<\/p>\n<p>Torsdag<\/td>\n<td width=\"80\">18:00-20:00<\/td>\n<td width=\"159\">Lengde<\/td>\n<td width=\"345\"><\/td>\n<\/tr>\n<tr>\n<td width=\"66\">15.11.2023<\/p>\n<p>Onsdag<\/td>\n<td width=\"80\">18:00-20:00<\/td>\n<td width=\"159\">H\u00f8yde<\/td>\n<td width=\"345\"><\/td>\n<\/tr>\n<tr>\n<td width=\"66\">28.11.2023<\/p>\n<p>Tirsdag<\/td>\n<td width=\"80\">18:00-20:00<\/td>\n<td width=\"159\">Tresteg<\/td>\n<td width=\"345\"><\/td>\n<\/tr>\n<tr>\n<td width=\"66\">12.12.2023<\/p>\n<p>Tirsdag<\/td>\n<td width=\"80\">18:00-20:00<\/td>\n<td width=\"159\">HUT<\/td>\n<td width=\"345\"><\/td>\n<\/tr>\n<tr>\n<td width=\"66\">14.12.2023<\/p>\n<p>Torsdag<\/td>\n<td width=\"80\">18:00-20:00<\/td>\n<td width=\"159\">LUT<\/td>\n<td width=\"345\"><\/td>\n<\/tr>\n<\/tbody>\n<\/table>\n<p>&nbsp;<\/p>\n<p>I tillegg til mindre stevner i 2023 skal Tyrving IL ogs\u00e5 arrangere f\u00f8lgende st\u00f8rre stevner i 2023:<\/p>\n<p>&nbsp;<\/p>\n<table width=\"626\">\n<tbody>\n<tr>\n<td width=\"160\"><strong>Dato<\/strong><\/td>\n<td width=\"129\"><strong>Tidspunkt<\/strong><\/td>\n<td width=\"337\"><strong>\u00d8velse<\/strong><\/td>\n<\/tr>\n<tr>\n<td width=\"160\">11.-12.02.2023<\/td>\n<td width=\"129\"><\/td>\n<td width=\"337\">Tyrvinglekene Innend\u00f8rs<\/td>\n<\/tr>\n<tr>\n<td width=\"160\">29.03.2023<\/td>\n<td width=\"129\">17:00-20:00<\/td>\n<td width=\"337\">V\u00e5rleker<\/td>\n<\/tr>\n<tr>\n<td width=\"160\">23.04.2023<\/td>\n<td width=\"129\">13:00-16:00<\/td>\n<td width=\"337\">CRAFT Tyrvingstafette<\/td>\n<\/tr>\n<tr>\n<td width=\"160\">03.05.2023<\/td>\n<td width=\"129\">17:00-20:00<\/td>\n<td width=\"337\">V\u00e5rslepp 5k &#8211; Mosjonsl\u00f8p<\/td>\n<\/tr>\n<tr>\n<td width=\"160\">24.05.2023<\/td>\n<td width=\"129\">16:00-21:00<\/td>\n<td width=\"337\">OBOS Fornebul\u00f8pet<\/td>\n<\/tr>\n<tr>\n<td width=\"160\">24.05.2023<\/td>\n<td width=\"129\">16:00-18:00<\/td>\n<td width=\"337\">Budstikka Barnel\u00f8p<\/td>\n<\/tr>\n<tr>\n<td width=\"160\">14.06.2023<\/td>\n<td width=\"129\">17:00-20:00<\/td>\n<td width=\"337\">MiniLeker<\/td>\n<\/tr>\n<tr>\n<td width=\"160\">15.-18.06.2023<\/td>\n<td width=\"129\"><\/td>\n<td width=\"337\">Oslo Sportslager Tyrvinglekene<\/td>\n<\/tr>\n<tr>\n<td width=\"160\">06.09.2023<\/td>\n<td width=\"129\">17:00-20:00<\/td>\n<td width=\"337\">H\u00f8stleker<\/td>\n<\/tr>\n<tr>\n<td width=\"160\">17.10.2023<\/td>\n<td width=\"129\">17:00-21:00<\/td>\n<td width=\"337\">5k Rud &#8211; Mosjonsl\u00f8p<\/td>\n<\/tr>\n<tr>\n<td width=\"160\">06.12.2023<\/td>\n<td width=\"129\">17:00-20:00<\/td>\n<td width=\"337\">Kols\u00e5s Senterets Nisseleker<\/td>\n<\/tr>\n<\/tbody>\n<\/table>\n<p>&nbsp;<\/p>\n","protected":false},"excerpt":{"rendered":"Som en del av Tyrving IL \u2013 Friidrett sin strategi har klubben et m\u00e5l om \u00e5 \u00f8ke stevnedeltagelse blant sine medlemmer. Det er derfor lagt opp til flere sm\u00e5 klubbstevner i ukedagene i 2023. Stevnene er \u00e5&#8230;","protected":false},"author":44,"featured_media":23654,"comment_status":"closed","ping_status":"open","sticky":false,"template":"","format":"standard","meta":{"footnotes":"","_jetpack_memberships_contains_paid_content":false},"categories":[1],"tags":[],"acf":[],"yoast_head":"<!-- This site is optimized with the Yoast SEO plugin v21.2 - https:\/\/yoast.com\/wordpress\/plugins\/seo\/ -->\n<title>Klubbstevner i 2023 - Tyrving - Friidrett<\/title>\n<meta name=\"robots\" content=\"index, follow, max-snippet:-1, max-image-preview:large, max-video-preview:-1\" \/>\n<link rel=\"canonical\" href=\"https:\/\/tyrving.idrett.no\/10\/f\/2023\/01\/16\/klubbstevner-i-2023\/\" \/>\n<meta property=\"og:locale\" content=\"nb_NO\" \/>\n<meta property=\"og:type\" content=\"article\" \/>\n<meta property=\"og:title\" content=\"Klubbstevner i 2023 - Tyrving - Friidrett\" \/>\n<meta property=\"og:description\" content=\"Som en del av Tyrving IL \u2013 Friidrett sin strategi har klubben et m\u00e5l om \u00e5 \u00f8ke stevnedeltagelse blant sine medlemmer. Det er derfor lagt opp til flere sm\u00e5 klubbstevner i ukedagene i 2023. Stevnene er \u00e5...\" \/>\n<meta property=\"og:url\" content=\"https:\/\/tyrving.idrett.no\/10\/f\/2023\/01\/16\/klubbstevner-i-2023\/\" \/>\n<meta property=\"og:site_name\" content=\"Tyrving - Friidrett\" \/>\n<meta property=\"article:published_time\" content=\"2023-01-16T13:58:52+00:00\" \/>\n<meta property=\"og:image\" content=\"https:\/\/tyrving.idrett.no\/10\/f\/files\/2022\/08\/DSC_6002-518-scaled.jpg\" \/>\n\t<meta property=\"og:image:width\" content=\"2560\" \/>\n\t<meta property=\"og:image:height\" content=\"1707\" \/>\n\t<meta property=\"og:image:type\" content=\"image\/jpeg\" \/>\n<meta name=\"author\" content=\"Marius Igesund\" \/>\n<meta name=\"twitter:card\" content=\"summary_large_image\" \/>\n<meta name=\"twitter:label1\" content=\"Skrevet av\" \/>\n\t<meta name=\"twitter:data1\" content=\"Marius Igesund\" \/>\n\t<meta name=\"twitter:label2\" content=\"Ansl. lesetid\" \/>\n\t<meta name=\"twitter:data2\" content=\"2 minutter\" \/>\n<script type=\"application\/ld+json\" class=\"yoast-schema-graph\">{\"@context\":\"https:\/\/schema.org\",\"@graph\":[{\"@type\":\"Article\",\"@id\":\"https:\/\/tyrving.idrett.no\/10\/f\/2023\/01\/16\/klubbstevner-i-2023\/#article\",\"isPartOf\":{\"@id\":\"https:\/\/tyrving.idrett.no\/10\/f\/2023\/01\/16\/klubbstevner-i-2023\/\"},\"author\":{\"name\":\"Marius Igesund\",\"@id\":\"https:\/\/tyrving.idrett.no\/10\/f\/#\/schema\/person\/dd4a4f5a2b17f61dd1fa05b68fd4da07\"},\"headline\":\"Klubbstevner i 2023\",\"datePublished\":\"2023-01-16T13:58:52+00:00\",\"dateModified\":\"2023-01-16T13:58:52+00:00\",\"mainEntityOfPage\":{\"@id\":\"https:\/\/tyrving.idrett.no\/10\/f\/2023\/01\/16\/klubbstevner-i-2023\/\"},\"wordCount\":325,\"publisher\":{\"@id\":\"https:\/\/tyrving.idrett.no\/10\/f\/#organization\"},\"articleSection\":[\"Nyheter\"],\"inLanguage\":\"nb-NO\"},{\"@type\":\"WebPage\",\"@id\":\"https:\/\/tyrving.idrett.no\/10\/f\/2023\/01\/16\/klubbstevner-i-2023\/\",\"url\":\"https:\/\/tyrving.idrett.no\/10\/f\/2023\/01\/16\/klubbstevner-i-2023\/\",\"name\":\"Klubbstevner i 2023 - Tyrving - Friidrett\",\"isPartOf\":{\"@id\":\"https:\/\/tyrving.idrett.no\/10\/f\/#website\"},\"datePublished\":\"2023-01-16T13:58:52+00:00\",\"dateModified\":\"2023-01-16T13:58:52+00:00\",\"breadcrumb\":{\"@id\":\"https:\/\/tyrving.idrett.no\/10\/f\/2023\/01\/16\/klubbstevner-i-2023\/#breadcrumb\"},\"inLanguage\":\"nb-NO\",\"potentialAction\":[{\"@type\":\"ReadAction\",\"target\":[\"https:\/\/tyrving.idrett.no\/10\/f\/2023\/01\/16\/klubbstevner-i-2023\/\"]}]},{\"@type\":\"BreadcrumbList\",\"@id\":\"https:\/\/tyrving.idrett.no\/10\/f\/2023\/01\/16\/klubbstevner-i-2023\/#breadcrumb\",\"itemListElement\":[{\"@type\":\"ListItem\",\"position\":1,\"name\":\"Hjem\",\"item\":\"https:\/\/tyrving.idrett.no\/10\/f\/\"},{\"@type\":\"ListItem\",\"position\":2,\"name\":\"Klubbstevner i 2023\"}]},{\"@type\":\"WebSite\",\"@id\":\"https:\/\/tyrving.idrett.no\/10\/f\/#website\",\"url\":\"https:\/\/tyrving.idrett.no\/10\/f\/\",\"name\":\"Tyrving - Friidrett\",\"description\":\"Friidrettsgruppa\",\"publisher\":{\"@id\":\"https:\/\/tyrving.idrett.no\/10\/f\/#organization\"},\"potentialAction\":[{\"@type\":\"SearchAction\",\"target\":{\"@type\":\"EntryPoint\",\"urlTemplate\":\"https:\/\/tyrving.idrett.no\/10\/f\/?s={search_term_string}\"},\"query-input\":\"required name=search_term_string\"}],\"inLanguage\":\"nb-NO\"},{\"@type\":\"Organization\",\"@id\":\"https:\/\/tyrving.idrett.no\/10\/f\/#organization\",\"name\":\"Tyrving Friidrettsgruppa\",\"url\":\"https:\/\/tyrving.idrett.no\/10\/f\/\",\"logo\":{\"@type\":\"ImageObject\",\"inLanguage\":\"nb-NO\",\"@id\":\"https:\/\/tyrving.idrett.no\/10\/f\/#\/schema\/logo\/image\/\",\"url\":\"https:\/\/tyrving.idrett.no\/10\/f\/files\/2019\/04\/Tyrving-Logo-Friidrett-2019.jpg\",\"contentUrl\":\"https:\/\/tyrving.idrett.no\/10\/f\/files\/2019\/04\/Tyrving-Logo-Friidrett-2019.jpg\",\"width\":460,\"height\":360,\"caption\":\"Tyrving Friidrettsgruppa\"},\"image\":{\"@id\":\"https:\/\/tyrving.idrett.no\/10\/f\/#\/schema\/logo\/image\/\"}},{\"@type\":\"Person\",\"@id\":\"https:\/\/tyrving.idrett.no\/10\/f\/#\/schema\/person\/dd4a4f5a2b17f61dd1fa05b68fd4da07\",\"name\":\"Marius Igesund\",\"image\":{\"@type\":\"ImageObject\",\"inLanguage\":\"nb-NO\",\"@id\":\"https:\/\/tyrving.idrett.no\/10\/f\/#\/schema\/person\/image\/\",\"url\":\"https:\/\/secure.gravatar.com\/avatar\/90f9b1c374b868d0e2ed56dcd42eacfd?s=96&d=mm&r=g\",\"contentUrl\":\"https:\/\/secure.gravatar.com\/avatar\/90f9b1c374b868d0e2ed56dcd42eacfd?s=96&d=mm&r=g\",\"caption\":\"Marius Igesund\"}}]}<\/script>\n<!-- \/ Yoast SEO plugin. -->","yoast_head_json":{"title":"Klubbstevner i 2023 - Tyrving - Friidrett","robots":{"index":"index","follow":"follow","max-snippet":"max-snippet:-1","max-image-preview":"max-image-preview:large","max-video-preview":"max-video-preview:-1"},"canonical":"https:\/\/tyrving.idrett.no\/10\/f\/2023\/01\/16\/klubbstevner-i-2023\/","og_locale":"nb_NO","og_type":"article","og_title":"Klubbstevner i 2023 - Tyrving - Friidrett","og_description":"Som en del av Tyrving IL \u2013 Friidrett sin strategi har klubben et m\u00e5l om \u00e5 \u00f8ke stevnedeltagelse blant sine medlemmer. Det er derfor lagt opp til flere sm\u00e5 klubbstevner i ukedagene i 2023. Stevnene er \u00e5...","og_url":"https:\/\/tyrving.idrett.no\/10\/f\/2023\/01\/16\/klubbstevner-i-2023\/","og_site_name":"Tyrving - Friidrett","article_published_time":"2023-01-16T13:58:52+00:00","og_image":[{"width":2560,"height":1707,"url":"https:\/\/tyrving.idrett.no\/10\/f\/files\/2022\/08\/DSC_6002-518-scaled.jpg","type":"image\/jpeg"}],"author":"Marius Igesund","twitter_card":"summary_large_image","twitter_misc":{"Skrevet av":"Marius Igesund","Ansl. lesetid":"2 minutter"},"schema":{"@context":"https:\/\/schema.org","@graph":[{"@type":"Article","@id":"https:\/\/tyrving.idrett.no\/10\/f\/2023\/01\/16\/klubbstevner-i-2023\/#article","isPartOf":{"@id":"https:\/\/tyrving.idrett.no\/10\/f\/2023\/01\/16\/klubbstevner-i-2023\/"},"author":{"name":"Marius Igesund","@id":"https:\/\/tyrving.idrett.no\/10\/f\/#\/schema\/person\/dd4a4f5a2b17f61dd1fa05b68fd4da07"},"headline":"Klubbstevner i 2023","datePublished":"2023-01-16T13:58:52+00:00","dateModified":"2023-01-16T13:58:52+00:00","mainEntityOfPage":{"@id":"https:\/\/tyrving.idrett.no\/10\/f\/2023\/01\/16\/klubbstevner-i-2023\/"},"wordCount":325,"publisher":{"@id":"https:\/\/tyrving.idrett.no\/10\/f\/#organization"},"articleSection":["Nyheter"],"inLanguage":"nb-NO"},{"@type":"WebPage","@id":"https:\/\/tyrving.idrett.no\/10\/f\/2023\/01\/16\/klubbstevner-i-2023\/","url":"https:\/\/tyrving.idrett.no\/10\/f\/2023\/01\/16\/klubbstevner-i-2023\/","name":"Klubbstevner i 2023 - Tyrving - Friidrett","isPartOf":{"@id":"https:\/\/tyrving.idrett.no\/10\/f\/#website"},"datePublished":"2023-01-16T13:58:52+00:00","dateModified":"2023-01-16T13:58:52+00:00","breadcrumb":{"@id":"https:\/\/tyrving.idrett.no\/10\/f\/2023\/01\/16\/klubbstevner-i-2023\/#breadcrumb"},"inLanguage":"nb-NO","potentialAction":[{"@type":"ReadAction","target":["https:\/\/tyrving.idrett.no\/10\/f\/2023\/01\/16\/klubbstevner-i-2023\/"]}]},{"@type":"BreadcrumbList","@id":"https:\/\/tyrving.idrett.no\/10\/f\/2023\/01\/16\/klubbstevner-i-2023\/#breadcrumb","itemListElement":[{"@type":"ListItem","position":1,"name":"Hjem","item":"https:\/\/tyrving.idrett.no\/10\/f\/"},{"@type":"ListItem","position":2,"name":"Klubbstevner i 2023"}]},{"@type":"WebSite","@id":"https:\/\/tyrving.idrett.no\/10\/f\/#website","url":"https:\/\/tyrving.idrett.no\/10\/f\/","name":"Tyrving - Friidrett","description":"Friidrettsgruppa","publisher":{"@id":"https:\/\/tyrving.idrett.no\/10\/f\/#organization"},"potentialAction":[{"@type":"SearchAction","target":{"@type":"EntryPoint","urlTemplate":"https:\/\/tyrving.idrett.no\/10\/f\/?s={search_term_string}"},"query-input":"required name=search_term_string"}],"inLanguage":"nb-NO"},{"@type":"Organization","@id":"https:\/\/tyrving.idrett.no\/10\/f\/#organization","name":"Tyrving Friidrettsgruppa","url":"https:\/\/tyrving.idrett.no\/10\/f\/","logo":{"@type":"ImageObject","inLanguage":"nb-NO","@id":"https:\/\/tyrving.idrett.no\/10\/f\/#\/schema\/logo\/image\/","url":"https:\/\/tyrving.idrett.no\/10\/f\/files\/2019\/04\/Tyrving-Logo-Friidrett-2019.jpg","contentUrl":"https:\/\/tyrving.idrett.no\/10\/f\/files\/2019\/04\/Tyrving-Logo-Friidrett-2019.jpg","width":460,"height":360,"caption":"Tyrving Friidrettsgruppa"},"image":{"@id":"https:\/\/tyrving.idrett.no\/10\/f\/#\/schema\/logo\/image\/"}},{"@type":"Person","@id":"https:\/\/tyrving.idrett.no\/10\/f\/#\/schema\/person\/dd4a4f5a2b17f61dd1fa05b68fd4da07","name":"Marius Igesund","image":{"@type":"ImageObject","inLanguage":"nb-NO","@id":"https:\/\/tyrving.idrett.no\/10\/f\/#\/schema\/person\/image\/","url":"https:\/\/secure.gravatar.com\/avatar\/90f9b1c374b868d0e2ed56dcd42eacfd?s=96&d=mm&r=g","contentUrl":"https:\/\/secure.gravatar.com\/avatar\/90f9b1c374b868d0e2ed56dcd42eacfd?s=96&d=mm&r=g","caption":"Marius Igesund"}}]}},"jetpack_sharing_enabled":true,"jetpack_featured_media_url":"https:\/\/tyrving.idrett.no\/10\/f\/files\/2022\/08\/DSC_6002-518-scaled.jpg","_links":{"self":[{"href":"https:\/\/tyrving.idrett.no\/10\/f\/wp-json\/wp\/v2\/posts\/24016"}],"collection":[{"href":"https:\/\/tyrving.idrett.no\/10\/f\/wp-json\/wp\/v2\/posts"}],"about":[{"href":"https:\/\/tyrving.idrett.no\/10\/f\/wp-json\/wp\/v2\/types\/post"}],"author":[{"embeddable":true,"href":"https:\/\/tyrving.idrett.no\/10\/f\/wp-json\/wp\/v2\/users\/44"}],"replies":[{"embeddable":true,"href":"https:\/\/tyrving.idrett.no\/10\/f\/wp-json\/wp\/v2\/comments?post=24016"}],"version-history":[{"count":5,"href":"https:\/\/tyrving.idrett.no\/10\/f\/wp-json\/wp\/v2\/posts\/24016\/revisions"}],"predecessor-version":[{"id":24039,"href":"https:\/\/tyrving.idrett.no\/10\/f\/wp-json\/wp\/v2\/posts\/24016\/revisions\/24039"}],"wp:featuredmedia":[{"embeddable":true,"href":"https:\/\/tyrving.idrett.no\/10\/f\/wp-json\/wp\/v2\/media\/23654"}],"wp:attachment":[{"href":"https:\/\/tyrving.idrett.no\/10\/f\/wp-json\/wp\/v2\/media?parent=24016"}],"wp:term":[{"taxonomy":"category","embeddable":true,"href":"https:\/\/tyrving.idrett.no\/10\/f\/wp-json\/wp\/v2\/categories?post=24016"},{"taxonomy":"post_tag","embeddable":true,"href":"https:\/\/tyrving.idrett.no\/10\/f\/wp-json\/wp\/v2\/tags?post=24016"}],"curies":[{"name":"wp","href":"https:\/\/api.w.org\/{rel}","templated":true}]}}