{"id":24023,"date":"2023-01-13T08:30:51","date_gmt":"2023-01-13T07:30:51","guid":{"rendered":"https:\/\/tyrving.idrett.no\/10\/f\/?p=24023"},"modified":"2023-01-12T22:11:09","modified_gmt":"2023-01-12T21:11:09","slug":"marius-slutter-i-tyrving","status":"publish","type":"post","link":"https:\/\/tyrving.idrett.no\/10\/f\/2023\/01\/13\/marius-slutter-i-tyrving\/","title":{"rendered":"Marius slutter i Tyrving"},"content":{"rendered":"<p>Marius Igesund slutter som daglig leder i Tyrving friidrett, og vi s\u00f8ker ny administrativ leder (<a href=\"https:\/\/tyrving.idrett.no\/10\/f\/2023\/01\/13\/vi-soker-ny-administrativ-leder\/\">vi-soker-ny-administrativ-leder<\/a>).<\/p>\n<p>&nbsp;<\/p>\n<p>\u0336 \u00a0Vi er lei for at Marius slutter som daglig leder i Tyrving friidrett etter 2 \u00bd \u00e5r i jobben. Han har gjort en flott jobb for klubben i en sv\u00e6rt krevende periode under pandemien, og ogs\u00e5 hatt en n\u00f8kkelrolle i overgangen til ny stadion. De aller fleste i Tyrving har l\u00e6rt Marius \u00e5 kjenne som en sv\u00e6rt trivelig og im\u00f8tekommende daglig leder, og han etterlater seg et stort savn n\u00e5 som han flytter videre, sier Sverre Alvik, styreleder i Tyrving Friidrett.<\/p>\n<p>&nbsp;<\/p>\n<p>-Jeg er takknemlig for at jeg tilbake i 2020 fikk muligheten til lede og utvikle Norges st\u00f8rste friidrettsklubb. Som daglig leder i Tyrving IL &#8211; Friidrett har jeg m\u00f8tt og f\u00e5tt samarbeide med mange kompetente og kunnskapsrike mennesker som har l\u00e6rt og gitt meg masse kunnskap som jeg vil ta med meg videre i mitt yrkesliv, sier Marius Igesund.<\/p>\n<p>&nbsp;<\/p>\n<p>Siden Marius ble ansatt har Tyrving friidrett ogs\u00e5 ansatt en sportslig leder (Morten Jensen) som har ansvar for den sportslige satsningen. VI her derfor besluttet \u00e5 lyse ut Marius\u2019 jobb som Administrativ leder, som er en tydeligere to-deling av ansvaret mellom det sportslige og administrasjon\/arrangement\/marked. Stillingen er n\u00e5 utlyst, og vi h\u00e5per \u00e5 ha ny administrativ leder p\u00e5 plass i l\u00f8pet av v\u00e5ren.<\/p>\n","protected":false},"excerpt":{"rendered":"Marius Igesund slutter som daglig leder i Tyrving friidrett, og vi s\u00f8ker ny administrativ leder (vi-soker-ny-administrativ-leder). &nbsp; \u0336 \u00a0Vi er lei for at Marius slutter som daglig leder i Tyrving &#8230;","protected":false},"author":1,"featured_media":21924,"comment_status":"closed","ping_status":"open","sticky":false,"template":"","format":"standard","meta":{"footnotes":"","_jetpack_memberships_contains_paid_content":false},"categories":[1],"tags":[],"acf":[],"yoast_head":"<!-- This site is optimized with the Yoast SEO plugin v21.2 - https:\/\/yoast.com\/wordpress\/plugins\/seo\/ -->\n<title>Marius slutter i Tyrving - Tyrving - Friidrett<\/title>\n<meta name=\"robots\" content=\"index, follow, max-snippet:-1, max-image-preview:large, max-video-preview:-1\" \/>\n<link rel=\"canonical\" href=\"https:\/\/tyrving.idrett.no\/10\/f\/2023\/01\/13\/marius-slutter-i-tyrving\/\" \/>\n<meta property=\"og:locale\" content=\"nb_NO\" \/>\n<meta property=\"og:type\" content=\"article\" \/>\n<meta property=\"og:title\" content=\"Marius slutter i Tyrving - Tyrving - Friidrett\" \/>\n<meta property=\"og:description\" content=\"Marius Igesund slutter som daglig leder i Tyrving friidrett, og vi s\u00f8ker ny administrativ leder (vi-soker-ny-administrativ-leder). &nbsp; \u0336 \u00a0Vi er lei for at Marius slutter som daglig leder i Tyrving ...\" \/>\n<meta property=\"og:url\" content=\"https:\/\/tyrving.idrett.no\/10\/f\/2023\/01\/13\/marius-slutter-i-tyrving\/\" \/>\n<meta property=\"og:site_name\" content=\"Tyrving - Friidrett\" \/>\n<meta property=\"article:published_time\" content=\"2023-01-13T07:30:51+00:00\" \/>\n<meta property=\"article:modified_time\" content=\"2023-01-12T21:11:09+00:00\" \/>\n<meta property=\"og:image\" content=\"https:\/\/tyrving.idrett.no\/10\/f\/files\/2021\/11\/tyrvingshop.png\" \/>\n\t<meta property=\"og:image:width\" content=\"1868\" \/>\n\t<meta property=\"og:image:height\" content=\"1130\" \/>\n\t<meta property=\"og:image:type\" content=\"image\/png\" \/>\n<meta name=\"author\" content=\"admin\" \/>\n<meta name=\"twitter:card\" content=\"summary_large_image\" \/>\n<meta name=\"twitter:label1\" content=\"Skrevet av\" \/>\n\t<meta name=\"twitter:data1\" content=\"admin\" \/>\n\t<meta name=\"twitter:label2\" content=\"Ansl. lesetid\" \/>\n\t<meta name=\"twitter:data2\" content=\"2 minutter\" \/>\n<script type=\"application\/ld+json\" class=\"yoast-schema-graph\">{\"@context\":\"https:\/\/schema.org\",\"@graph\":[{\"@type\":\"Article\",\"@id\":\"https:\/\/tyrving.idrett.no\/10\/f\/2023\/01\/13\/marius-slutter-i-tyrving\/#article\",\"isPartOf\":{\"@id\":\"https:\/\/tyrving.idrett.no\/10\/f\/2023\/01\/13\/marius-slutter-i-tyrving\/\"},\"author\":{\"name\":\"admin\",\"@id\":\"https:\/\/tyrving.idrett.no\/10\/f\/#\/schema\/person\/b0b301ce26d13339293caf5c0bc7d286\"},\"headline\":\"Marius slutter i Tyrving\",\"datePublished\":\"2023-01-13T07:30:51+00:00\",\"dateModified\":\"2023-01-12T21:11:09+00:00\",\"mainEntityOfPage\":{\"@id\":\"https:\/\/tyrving.idrett.no\/10\/f\/2023\/01\/13\/marius-slutter-i-tyrving\/\"},\"wordCount\":235,\"publisher\":{\"@id\":\"https:\/\/tyrving.idrett.no\/10\/f\/#organization\"},\"articleSection\":[\"Nyheter\"],\"inLanguage\":\"nb-NO\"},{\"@type\":\"WebPage\",\"@id\":\"https:\/\/tyrving.idrett.no\/10\/f\/2023\/01\/13\/marius-slutter-i-tyrving\/\",\"url\":\"https:\/\/tyrving.idrett.no\/10\/f\/2023\/01\/13\/marius-slutter-i-tyrving\/\",\"name\":\"Marius slutter i Tyrving - Tyrving - Friidrett\",\"isPartOf\":{\"@id\":\"https:\/\/tyrving.idrett.no\/10\/f\/#website\"},\"datePublished\":\"2023-01-13T07:30:51+00:00\",\"dateModified\":\"2023-01-12T21:11:09+00:00\",\"breadcrumb\":{\"@id\":\"https:\/\/tyrving.idrett.no\/10\/f\/2023\/01\/13\/marius-slutter-i-tyrving\/#breadcrumb\"},\"inLanguage\":\"nb-NO\",\"potentialAction\":[{\"@type\":\"ReadAction\",\"target\":[\"https:\/\/tyrving.idrett.no\/10\/f\/2023\/01\/13\/marius-slutter-i-tyrving\/\"]}]},{\"@type\":\"BreadcrumbList\",\"@id\":\"https:\/\/tyrving.idrett.no\/10\/f\/2023\/01\/13\/marius-slutter-i-tyrving\/#breadcrumb\",\"itemListElement\":[{\"@type\":\"ListItem\",\"position\":1,\"name\":\"Hjem\",\"item\":\"https:\/\/tyrving.idrett.no\/10\/f\/\"},{\"@type\":\"ListItem\",\"position\":2,\"name\":\"Marius slutter i Tyrving\"}]},{\"@type\":\"WebSite\",\"@id\":\"https:\/\/tyrving.idrett.no\/10\/f\/#website\",\"url\":\"https:\/\/tyrving.idrett.no\/10\/f\/\",\"name\":\"Tyrving - Friidrett\",\"description\":\"Friidrettsgruppa\",\"publisher\":{\"@id\":\"https:\/\/tyrving.idrett.no\/10\/f\/#organization\"},\"potentialAction\":[{\"@type\":\"SearchAction\",\"target\":{\"@type\":\"EntryPoint\",\"urlTemplate\":\"https:\/\/tyrving.idrett.no\/10\/f\/?s={search_term_string}\"},\"query-input\":\"required name=search_term_string\"}],\"inLanguage\":\"nb-NO\"},{\"@type\":\"Organization\",\"@id\":\"https:\/\/tyrving.idrett.no\/10\/f\/#organization\",\"name\":\"Tyrving Friidrettsgruppa\",\"url\":\"https:\/\/tyrving.idrett.no\/10\/f\/\",\"logo\":{\"@type\":\"ImageObject\",\"inLanguage\":\"nb-NO\",\"@id\":\"https:\/\/tyrving.idrett.no\/10\/f\/#\/schema\/logo\/image\/\",\"url\":\"https:\/\/tyrving.idrett.no\/10\/f\/files\/2019\/04\/Tyrving-Logo-Friidrett-2019.jpg\",\"contentUrl\":\"https:\/\/tyrving.idrett.no\/10\/f\/files\/2019\/04\/Tyrving-Logo-Friidrett-2019.jpg\",\"width\":460,\"height\":360,\"caption\":\"Tyrving Friidrettsgruppa\"},\"image\":{\"@id\":\"https:\/\/tyrving.idrett.no\/10\/f\/#\/schema\/logo\/image\/\"}},{\"@type\":\"Person\",\"@id\":\"https:\/\/tyrving.idrett.no\/10\/f\/#\/schema\/person\/b0b301ce26d13339293caf5c0bc7d286\",\"name\":\"admin\",\"image\":{\"@type\":\"ImageObject\",\"inLanguage\":\"nb-NO\",\"@id\":\"https:\/\/tyrving.idrett.no\/10\/f\/#\/schema\/person\/image\/\",\"url\":\"https:\/\/secure.gravatar.com\/avatar\/4b0456acc2ea550a97d3a11ebb27598d?s=96&d=mm&r=g\",\"contentUrl\":\"https:\/\/secure.gravatar.com\/avatar\/4b0456acc2ea550a97d3a11ebb27598d?s=96&d=mm&r=g\",\"caption\":\"admin\"}}]}<\/script>\n<!-- \/ Yoast SEO plugin. -->","yoast_head_json":{"title":"Marius slutter i Tyrving - Tyrving - Friidrett","robots":{"index":"index","follow":"follow","max-snippet":"max-snippet:-1","max-image-preview":"max-image-preview:large","max-video-preview":"max-video-preview:-1"},"canonical":"https:\/\/tyrving.idrett.no\/10\/f\/2023\/01\/13\/marius-slutter-i-tyrving\/","og_locale":"nb_NO","og_type":"article","og_title":"Marius slutter i Tyrving - Tyrving - Friidrett","og_description":"Marius Igesund slutter som daglig leder i Tyrving friidrett, og vi s\u00f8ker ny administrativ leder (vi-soker-ny-administrativ-leder). &nbsp; \u0336 \u00a0Vi er lei for at Marius slutter som daglig leder i Tyrving ...","og_url":"https:\/\/tyrving.idrett.no\/10\/f\/2023\/01\/13\/marius-slutter-i-tyrving\/","og_site_name":"Tyrving - Friidrett","article_published_time":"2023-01-13T07:30:51+00:00","article_modified_time":"2023-01-12T21:11:09+00:00","og_image":[{"width":1868,"height":1130,"url":"https:\/\/tyrving.idrett.no\/10\/f\/files\/2021\/11\/tyrvingshop.png","type":"image\/png"}],"author":"admin","twitter_card":"summary_large_image","twitter_misc":{"Skrevet av":"admin","Ansl. lesetid":"2 minutter"},"schema":{"@context":"https:\/\/schema.org","@graph":[{"@type":"Article","@id":"https:\/\/tyrving.idrett.no\/10\/f\/2023\/01\/13\/marius-slutter-i-tyrving\/#article","isPartOf":{"@id":"https:\/\/tyrving.idrett.no\/10\/f\/2023\/01\/13\/marius-slutter-i-tyrving\/"},"author":{"name":"admin","@id":"https:\/\/tyrving.idrett.no\/10\/f\/#\/schema\/person\/b0b301ce26d13339293caf5c0bc7d286"},"headline":"Marius slutter i Tyrving","datePublished":"2023-01-13T07:30:51+00:00","dateModified":"2023-01-12T21:11:09+00:00","mainEntityOfPage":{"@id":"https:\/\/tyrving.idrett.no\/10\/f\/2023\/01\/13\/marius-slutter-i-tyrving\/"},"wordCount":235,"publisher":{"@id":"https:\/\/tyrving.idrett.no\/10\/f\/#organization"},"articleSection":["Nyheter"],"inLanguage":"nb-NO"},{"@type":"WebPage","@id":"https:\/\/tyrving.idrett.no\/10\/f\/2023\/01\/13\/marius-slutter-i-tyrving\/","url":"https:\/\/tyrving.idrett.no\/10\/f\/2023\/01\/13\/marius-slutter-i-tyrving\/","name":"Marius slutter i Tyrving - Tyrving - Friidrett","isPartOf":{"@id":"https:\/\/tyrving.idrett.no\/10\/f\/#website"},"datePublished":"2023-01-13T07:30:51+00:00","dateModified":"2023-01-12T21:11:09+00:00","breadcrumb":{"@id":"https:\/\/tyrving.idrett.no\/10\/f\/2023\/01\/13\/marius-slutter-i-tyrving\/#breadcrumb"},"inLanguage":"nb-NO","potentialAction":[{"@type":"ReadAction","target":["https:\/\/tyrving.idrett.no\/10\/f\/2023\/01\/13\/marius-slutter-i-tyrving\/"]}]},{"@type":"BreadcrumbList","@id":"https:\/\/tyrving.idrett.no\/10\/f\/2023\/01\/13\/marius-slutter-i-tyrving\/#breadcrumb","itemListElement":[{"@type":"ListItem","position":1,"name":"Hjem","item":"https:\/\/tyrving.idrett.no\/10\/f\/"},{"@type":"ListItem","position":2,"name":"Marius slutter i Tyrving"}]},{"@type":"WebSite","@id":"https:\/\/tyrving.idrett.no\/10\/f\/#website","url":"https:\/\/tyrving.idrett.no\/10\/f\/","name":"Tyrving - Friidrett","description":"Friidrettsgruppa","publisher":{"@id":"https:\/\/tyrving.idrett.no\/10\/f\/#organization"},"potentialAction":[{"@type":"SearchAction","target":{"@type":"EntryPoint","urlTemplate":"https:\/\/tyrving.idrett.no\/10\/f\/?s={search_term_string}"},"query-input":"required name=search_term_string"}],"inLanguage":"nb-NO"},{"@type":"Organization","@id":"https:\/\/tyrving.idrett.no\/10\/f\/#organization","name":"Tyrving Friidrettsgruppa","url":"https:\/\/tyrving.idrett.no\/10\/f\/","logo":{"@type":"ImageObject","inLanguage":"nb-NO","@id":"https:\/\/tyrving.idrett.no\/10\/f\/#\/schema\/logo\/image\/","url":"https:\/\/tyrving.idrett.no\/10\/f\/files\/2019\/04\/Tyrving-Logo-Friidrett-2019.jpg","contentUrl":"https:\/\/tyrving.idrett.no\/10\/f\/files\/2019\/04\/Tyrving-Logo-Friidrett-2019.jpg","width":460,"height":360,"caption":"Tyrving Friidrettsgruppa"},"image":{"@id":"https:\/\/tyrving.idrett.no\/10\/f\/#\/schema\/logo\/image\/"}},{"@type":"Person","@id":"https:\/\/tyrving.idrett.no\/10\/f\/#\/schema\/person\/b0b301ce26d13339293caf5c0bc7d286","name":"admin","image":{"@type":"ImageObject","inLanguage":"nb-NO","@id":"https:\/\/tyrving.idrett.no\/10\/f\/#\/schema\/person\/image\/","url":"https:\/\/secure.gravatar.com\/avatar\/4b0456acc2ea550a97d3a11ebb27598d?s=96&d=mm&r=g","contentUrl":"https:\/\/secure.gravatar.com\/avatar\/4b0456acc2ea550a97d3a11ebb27598d?s=96&d=mm&r=g","caption":"admin"}}]}},"jetpack_sharing_enabled":true,"jetpack_featured_media_url":"https:\/\/tyrving.idrett.no\/10\/f\/files\/2021\/11\/tyrvingshop.png","_links":{"self":[{"href":"https:\/\/tyrving.idrett.no\/10\/f\/wp-json\/wp\/v2\/posts\/24023"}],"collection":[{"href":"https:\/\/tyrving.idrett.no\/10\/f\/wp-json\/wp\/v2\/posts"}],"about":[{"href":"https:\/\/tyrving.idrett.no\/10\/f\/wp-json\/wp\/v2\/types\/post"}],"author":[{"embeddable":true,"href":"https:\/\/tyrving.idrett.no\/10\/f\/wp-json\/wp\/v2\/users\/1"}],"replies":[{"embeddable":true,"href":"https:\/\/tyrving.idrett.no\/10\/f\/wp-json\/wp\/v2\/comments?post=24023"}],"version-history":[{"count":2,"href":"https:\/\/tyrving.idrett.no\/10\/f\/wp-json\/wp\/v2\/posts\/24023\/revisions"}],"predecessor-version":[{"id":24029,"href":"https:\/\/tyrving.idrett.no\/10\/f\/wp-json\/wp\/v2\/posts\/24023\/revisions\/24029"}],"wp:featuredmedia":[{"embeddable":true,"href":"https:\/\/tyrving.idrett.no\/10\/f\/wp-json\/wp\/v2\/media\/21924"}],"wp:attachment":[{"href":"https:\/\/tyrving.idrett.no\/10\/f\/wp-json\/wp\/v2\/media?parent=24023"}],"wp:term":[{"taxonomy":"category","embeddable":true,"href":"https:\/\/tyrving.idrett.no\/10\/f\/wp-json\/wp\/v2\/categories?post=24023"},{"taxonomy":"post_tag","embeddable":true,"href":"https:\/\/tyrving.idrett.no\/10\/f\/wp-json\/wp\/v2\/tags?post=24023"}],"curies":[{"name":"wp","href":"https:\/\/api.w.org\/{rel}","templated":true}]}}