{"id":24025,"date":"2023-01-13T08:30:57","date_gmt":"2023-01-13T07:30:57","guid":{"rendered":"https:\/\/tyrving.idrett.no\/10\/f\/?p=24025"},"modified":"2023-01-13T09:22:50","modified_gmt":"2023-01-13T08:22:50","slug":"vi-soker-ny-administrativ-leder","status":"publish","type":"post","link":"https:\/\/tyrving.idrett.no\/10\/f\/2023\/01\/13\/vi-soker-ny-administrativ-leder\/","title":{"rendered":"Vi s\u00f8ker ny administrativ leder"},"content":{"rendered":"<p>Vi s\u00f8ker ny administrativ leder, da v\u00e5r n\u00e5v\u00e6rende daglig leder slutter i stillingen (<a href=\"https:\/\/tyrving.idrett.no\/10\/f\/2023\/01\/13\/marius-slutter-i-tyrving\/\">marius-slutter-i-tyrving)<\/a><\/p>\n<p>&nbsp;<\/p>\n<h4 class=\"u-t2\">Tyrving friidrett s\u00f8ker administrativ leder<\/h4>\n<p>Vi s\u00f8ker en administrativ leder med erfaring innen administrasjon, arrangement og markedsarbeid til Tyrving IL \u2013 Friidrett. Du vil ha ansvaret for \u00e5 koordinere og styre den administrative driften av Norges st\u00f8rste friidrettsklubb, samt utvikle og gjennomf\u00f8re strategier for \u00e5 \u00f8ke klubbens synlighet og inntekter.<\/p>\n<p>&nbsp;<\/p>\n<p>V\u00e5r nye leder skal v\u00e6re en tydelig, samlende og inspirerende ressurs i videreutviklingen av Tyrving friidrett. Som leder hos oss vil du f\u00e5 en allsidig, hektisk og spennende hverdag. Det er derfor viktig at du er god til \u00e5 prioritere, og har evnen til \u00e5 engasjere og motivere frivillige til innsats og at du brenner for friidrett.<\/p>\n<p>&nbsp;<\/p>\n<p>Du vil f\u00e5 en n\u00f8kkelrolle i arbeidet med \u00e5 utvikle Tyrvings friidrettsgruppe inn i fremtiden.\u00a0Arbeidet vil gj\u00f8res i tett samarbeid med sportslig leder, som har det overordnede sportslige ansvaret for klubbens ut\u00f8vere og oppf\u00f8lging av trenerne.<\/p>\n<p>&nbsp;<\/p>\n<p>For mer informasjon og s\u00f8knad, se her: <a href=\"https:\/\/www.finn.no\/job\/fulltime\/ad.html?finnkode=236655623\">https:\/\/www.finn.no\/job\/fulltime\/ad.html?finnkode=236655623<\/a><\/p>\n<p>&nbsp;<\/p>\n<p>S\u00f8knadsfrist: 05.02.2023<\/p>\n","protected":false},"excerpt":{"rendered":"Vi s\u00f8ker ny administrativ leder, da v\u00e5r n\u00e5v\u00e6rende daglig leder slutter i stillingen (marius-slutter-i-tyrving) &nbsp; Tyrving friidrett s\u00f8ker administrativ leder Vi s\u00f8ker en administrativ leder med er&#8230;","protected":false},"author":44,"featured_media":23906,"comment_status":"closed","ping_status":"open","sticky":false,"template":"","format":"standard","meta":{"footnotes":"","_jetpack_memberships_contains_paid_content":false},"categories":[1],"tags":[],"acf":[],"yoast_head":"<!-- This site is optimized with the Yoast SEO plugin v21.2 - https:\/\/yoast.com\/wordpress\/plugins\/seo\/ -->\n<title>Vi s\u00f8ker ny administrativ leder - Tyrving - Friidrett<\/title>\n<meta name=\"robots\" content=\"index, follow, max-snippet:-1, max-image-preview:large, max-video-preview:-1\" \/>\n<link rel=\"canonical\" href=\"https:\/\/tyrving.idrett.no\/10\/f\/2023\/01\/13\/vi-soker-ny-administrativ-leder\/\" \/>\n<meta property=\"og:locale\" content=\"nb_NO\" \/>\n<meta property=\"og:type\" content=\"article\" \/>\n<meta property=\"og:title\" content=\"Vi s\u00f8ker ny administrativ leder - Tyrving - Friidrett\" \/>\n<meta property=\"og:description\" content=\"Vi s\u00f8ker ny administrativ leder, da v\u00e5r n\u00e5v\u00e6rende daglig leder slutter i stillingen (marius-slutter-i-tyrving) &nbsp; Tyrving friidrett s\u00f8ker administrativ leder Vi s\u00f8ker en administrativ leder med er...\" \/>\n<meta property=\"og:url\" content=\"https:\/\/tyrving.idrett.no\/10\/f\/2023\/01\/13\/vi-soker-ny-administrativ-leder\/\" \/>\n<meta property=\"og:site_name\" content=\"Tyrving - Friidrett\" \/>\n<meta property=\"article:published_time\" content=\"2023-01-13T07:30:57+00:00\" \/>\n<meta property=\"article:modified_time\" content=\"2023-01-13T08:22:50+00:00\" \/>\n<meta property=\"og:image\" content=\"https:\/\/tyrving.idrett.no\/10\/f\/files\/2022\/12\/image0000001.jpg\" \/>\n\t<meta property=\"og:image:width\" content=\"1832\" \/>\n\t<meta property=\"og:image:height\" content=\"1374\" \/>\n\t<meta property=\"og:image:type\" content=\"image\/jpeg\" \/>\n<meta name=\"author\" content=\"Marius Igesund\" \/>\n<meta name=\"twitter:card\" content=\"summary_large_image\" \/>\n<meta name=\"twitter:label1\" content=\"Skrevet av\" \/>\n\t<meta name=\"twitter:data1\" content=\"Marius Igesund\" \/>\n\t<meta name=\"twitter:label2\" content=\"Ansl. lesetid\" \/>\n\t<meta name=\"twitter:data2\" content=\"1 minutt\" \/>\n<script type=\"application\/ld+json\" class=\"yoast-schema-graph\">{\"@context\":\"https:\/\/schema.org\",\"@graph\":[{\"@type\":\"Article\",\"@id\":\"https:\/\/tyrving.idrett.no\/10\/f\/2023\/01\/13\/vi-soker-ny-administrativ-leder\/#article\",\"isPartOf\":{\"@id\":\"https:\/\/tyrving.idrett.no\/10\/f\/2023\/01\/13\/vi-soker-ny-administrativ-leder\/\"},\"author\":{\"name\":\"Marius Igesund\",\"@id\":\"https:\/\/tyrving.idrett.no\/10\/f\/#\/schema\/person\/dd4a4f5a2b17f61dd1fa05b68fd4da07\"},\"headline\":\"Vi s\u00f8ker ny administrativ leder\",\"datePublished\":\"2023-01-13T07:30:57+00:00\",\"dateModified\":\"2023-01-13T08:22:50+00:00\",\"mainEntityOfPage\":{\"@id\":\"https:\/\/tyrving.idrett.no\/10\/f\/2023\/01\/13\/vi-soker-ny-administrativ-leder\/\"},\"wordCount\":196,\"publisher\":{\"@id\":\"https:\/\/tyrving.idrett.no\/10\/f\/#organization\"},\"articleSection\":[\"Nyheter\"],\"inLanguage\":\"nb-NO\"},{\"@type\":\"WebPage\",\"@id\":\"https:\/\/tyrving.idrett.no\/10\/f\/2023\/01\/13\/vi-soker-ny-administrativ-leder\/\",\"url\":\"https:\/\/tyrving.idrett.no\/10\/f\/2023\/01\/13\/vi-soker-ny-administrativ-leder\/\",\"name\":\"Vi s\u00f8ker ny administrativ leder - Tyrving - Friidrett\",\"isPartOf\":{\"@id\":\"https:\/\/tyrving.idrett.no\/10\/f\/#website\"},\"datePublished\":\"2023-01-13T07:30:57+00:00\",\"dateModified\":\"2023-01-13T08:22:50+00:00\",\"breadcrumb\":{\"@id\":\"https:\/\/tyrving.idrett.no\/10\/f\/2023\/01\/13\/vi-soker-ny-administrativ-leder\/#breadcrumb\"},\"inLanguage\":\"nb-NO\",\"potentialAction\":[{\"@type\":\"ReadAction\",\"target\":[\"https:\/\/tyrving.idrett.no\/10\/f\/2023\/01\/13\/vi-soker-ny-administrativ-leder\/\"]}]},{\"@type\":\"BreadcrumbList\",\"@id\":\"https:\/\/tyrving.idrett.no\/10\/f\/2023\/01\/13\/vi-soker-ny-administrativ-leder\/#breadcrumb\",\"itemListElement\":[{\"@type\":\"ListItem\",\"position\":1,\"name\":\"Hjem\",\"item\":\"https:\/\/tyrving.idrett.no\/10\/f\/\"},{\"@type\":\"ListItem\",\"position\":2,\"name\":\"Vi s\u00f8ker ny administrativ leder\"}]},{\"@type\":\"WebSite\",\"@id\":\"https:\/\/tyrving.idrett.no\/10\/f\/#website\",\"url\":\"https:\/\/tyrving.idrett.no\/10\/f\/\",\"name\":\"Tyrving - Friidrett\",\"description\":\"Friidrettsgruppa\",\"publisher\":{\"@id\":\"https:\/\/tyrving.idrett.no\/10\/f\/#organization\"},\"potentialAction\":[{\"@type\":\"SearchAction\",\"target\":{\"@type\":\"EntryPoint\",\"urlTemplate\":\"https:\/\/tyrving.idrett.no\/10\/f\/?s={search_term_string}\"},\"query-input\":\"required name=search_term_string\"}],\"inLanguage\":\"nb-NO\"},{\"@type\":\"Organization\",\"@id\":\"https:\/\/tyrving.idrett.no\/10\/f\/#organization\",\"name\":\"Tyrving Friidrettsgruppa\",\"url\":\"https:\/\/tyrving.idrett.no\/10\/f\/\",\"logo\":{\"@type\":\"ImageObject\",\"inLanguage\":\"nb-NO\",\"@id\":\"https:\/\/tyrving.idrett.no\/10\/f\/#\/schema\/logo\/image\/\",\"url\":\"https:\/\/tyrving.idrett.no\/10\/f\/files\/2019\/04\/Tyrving-Logo-Friidrett-2019.jpg\",\"contentUrl\":\"https:\/\/tyrving.idrett.no\/10\/f\/files\/2019\/04\/Tyrving-Logo-Friidrett-2019.jpg\",\"width\":460,\"height\":360,\"caption\":\"Tyrving Friidrettsgruppa\"},\"image\":{\"@id\":\"https:\/\/tyrving.idrett.no\/10\/f\/#\/schema\/logo\/image\/\"}},{\"@type\":\"Person\",\"@id\":\"https:\/\/tyrving.idrett.no\/10\/f\/#\/schema\/person\/dd4a4f5a2b17f61dd1fa05b68fd4da07\",\"name\":\"Marius Igesund\",\"image\":{\"@type\":\"ImageObject\",\"inLanguage\":\"nb-NO\",\"@id\":\"https:\/\/tyrving.idrett.no\/10\/f\/#\/schema\/person\/image\/\",\"url\":\"https:\/\/secure.gravatar.com\/avatar\/90f9b1c374b868d0e2ed56dcd42eacfd?s=96&d=mm&r=g\",\"contentUrl\":\"https:\/\/secure.gravatar.com\/avatar\/90f9b1c374b868d0e2ed56dcd42eacfd?s=96&d=mm&r=g\",\"caption\":\"Marius Igesund\"}}]}<\/script>\n<!-- \/ Yoast SEO plugin. -->","yoast_head_json":{"title":"Vi s\u00f8ker ny administrativ leder - Tyrving - Friidrett","robots":{"index":"index","follow":"follow","max-snippet":"max-snippet:-1","max-image-preview":"max-image-preview:large","max-video-preview":"max-video-preview:-1"},"canonical":"https:\/\/tyrving.idrett.no\/10\/f\/2023\/01\/13\/vi-soker-ny-administrativ-leder\/","og_locale":"nb_NO","og_type":"article","og_title":"Vi s\u00f8ker ny administrativ leder - Tyrving - Friidrett","og_description":"Vi s\u00f8ker ny administrativ leder, da v\u00e5r n\u00e5v\u00e6rende daglig leder slutter i stillingen (marius-slutter-i-tyrving) &nbsp; Tyrving friidrett s\u00f8ker administrativ leder Vi s\u00f8ker en administrativ leder med er...","og_url":"https:\/\/tyrving.idrett.no\/10\/f\/2023\/01\/13\/vi-soker-ny-administrativ-leder\/","og_site_name":"Tyrving - Friidrett","article_published_time":"2023-01-13T07:30:57+00:00","article_modified_time":"2023-01-13T08:22:50+00:00","og_image":[{"width":1832,"height":1374,"url":"https:\/\/tyrving.idrett.no\/10\/f\/files\/2022\/12\/image0000001.jpg","type":"image\/jpeg"}],"author":"Marius Igesund","twitter_card":"summary_large_image","twitter_misc":{"Skrevet av":"Marius Igesund","Ansl. lesetid":"1 minutt"},"schema":{"@context":"https:\/\/schema.org","@graph":[{"@type":"Article","@id":"https:\/\/tyrving.idrett.no\/10\/f\/2023\/01\/13\/vi-soker-ny-administrativ-leder\/#article","isPartOf":{"@id":"https:\/\/tyrving.idrett.no\/10\/f\/2023\/01\/13\/vi-soker-ny-administrativ-leder\/"},"author":{"name":"Marius Igesund","@id":"https:\/\/tyrving.idrett.no\/10\/f\/#\/schema\/person\/dd4a4f5a2b17f61dd1fa05b68fd4da07"},"headline":"Vi s\u00f8ker ny administrativ leder","datePublished":"2023-01-13T07:30:57+00:00","dateModified":"2023-01-13T08:22:50+00:00","mainEntityOfPage":{"@id":"https:\/\/tyrving.idrett.no\/10\/f\/2023\/01\/13\/vi-soker-ny-administrativ-leder\/"},"wordCount":196,"publisher":{"@id":"https:\/\/tyrving.idrett.no\/10\/f\/#organization"},"articleSection":["Nyheter"],"inLanguage":"nb-NO"},{"@type":"WebPage","@id":"https:\/\/tyrving.idrett.no\/10\/f\/2023\/01\/13\/vi-soker-ny-administrativ-leder\/","url":"https:\/\/tyrving.idrett.no\/10\/f\/2023\/01\/13\/vi-soker-ny-administrativ-leder\/","name":"Vi s\u00f8ker ny administrativ leder - Tyrving - Friidrett","isPartOf":{"@id":"https:\/\/tyrving.idrett.no\/10\/f\/#website"},"datePublished":"2023-01-13T07:30:57+00:00","dateModified":"2023-01-13T08:22:50+00:00","breadcrumb":{"@id":"https:\/\/tyrving.idrett.no\/10\/f\/2023\/01\/13\/vi-soker-ny-administrativ-leder\/#breadcrumb"},"inLanguage":"nb-NO","potentialAction":[{"@type":"ReadAction","target":["https:\/\/tyrving.idrett.no\/10\/f\/2023\/01\/13\/vi-soker-ny-administrativ-leder\/"]}]},{"@type":"BreadcrumbList","@id":"https:\/\/tyrving.idrett.no\/10\/f\/2023\/01\/13\/vi-soker-ny-administrativ-leder\/#breadcrumb","itemListElement":[{"@type":"ListItem","position":1,"name":"Hjem","item":"https:\/\/tyrving.idrett.no\/10\/f\/"},{"@type":"ListItem","position":2,"name":"Vi s\u00f8ker ny administrativ leder"}]},{"@type":"WebSite","@id":"https:\/\/tyrving.idrett.no\/10\/f\/#website","url":"https:\/\/tyrving.idrett.no\/10\/f\/","name":"Tyrving - Friidrett","description":"Friidrettsgruppa","publisher":{"@id":"https:\/\/tyrving.idrett.no\/10\/f\/#organization"},"potentialAction":[{"@type":"SearchAction","target":{"@type":"EntryPoint","urlTemplate":"https:\/\/tyrving.idrett.no\/10\/f\/?s={search_term_string}"},"query-input":"required name=search_term_string"}],"inLanguage":"nb-NO"},{"@type":"Organization","@id":"https:\/\/tyrving.idrett.no\/10\/f\/#organization","name":"Tyrving Friidrettsgruppa","url":"https:\/\/tyrving.idrett.no\/10\/f\/","logo":{"@type":"ImageObject","inLanguage":"nb-NO","@id":"https:\/\/tyrving.idrett.no\/10\/f\/#\/schema\/logo\/image\/","url":"https:\/\/tyrving.idrett.no\/10\/f\/files\/2019\/04\/Tyrving-Logo-Friidrett-2019.jpg","contentUrl":"https:\/\/tyrving.idrett.no\/10\/f\/files\/2019\/04\/Tyrving-Logo-Friidrett-2019.jpg","width":460,"height":360,"caption":"Tyrving Friidrettsgruppa"},"image":{"@id":"https:\/\/tyrving.idrett.no\/10\/f\/#\/schema\/logo\/image\/"}},{"@type":"Person","@id":"https:\/\/tyrving.idrett.no\/10\/f\/#\/schema\/person\/dd4a4f5a2b17f61dd1fa05b68fd4da07","name":"Marius Igesund","image":{"@type":"ImageObject","inLanguage":"nb-NO","@id":"https:\/\/tyrving.idrett.no\/10\/f\/#\/schema\/person\/image\/","url":"https:\/\/secure.gravatar.com\/avatar\/90f9b1c374b868d0e2ed56dcd42eacfd?s=96&d=mm&r=g","contentUrl":"https:\/\/secure.gravatar.com\/avatar\/90f9b1c374b868d0e2ed56dcd42eacfd?s=96&d=mm&r=g","caption":"Marius Igesund"}}]}},"jetpack_sharing_enabled":true,"jetpack_featured_media_url":"https:\/\/tyrving.idrett.no\/10\/f\/files\/2022\/12\/image0000001.jpg","_links":{"self":[{"href":"https:\/\/tyrving.idrett.no\/10\/f\/wp-json\/wp\/v2\/posts\/24025"}],"collection":[{"href":"https:\/\/tyrving.idrett.no\/10\/f\/wp-json\/wp\/v2\/posts"}],"about":[{"href":"https:\/\/tyrving.idrett.no\/10\/f\/wp-json\/wp\/v2\/types\/post"}],"author":[{"embeddable":true,"href":"https:\/\/tyrving.idrett.no\/10\/f\/wp-json\/wp\/v2\/users\/44"}],"replies":[{"embeddable":true,"href":"https:\/\/tyrving.idrett.no\/10\/f\/wp-json\/wp\/v2\/comments?post=24025"}],"version-history":[{"count":2,"href":"https:\/\/tyrving.idrett.no\/10\/f\/wp-json\/wp\/v2\/posts\/24025\/revisions"}],"predecessor-version":[{"id":24035,"href":"https:\/\/tyrving.idrett.no\/10\/f\/wp-json\/wp\/v2\/posts\/24025\/revisions\/24035"}],"wp:featuredmedia":[{"embeddable":true,"href":"https:\/\/tyrving.idrett.no\/10\/f\/wp-json\/wp\/v2\/media\/23906"}],"wp:attachment":[{"href":"https:\/\/tyrving.idrett.no\/10\/f\/wp-json\/wp\/v2\/media?parent=24025"}],"wp:term":[{"taxonomy":"category","embeddable":true,"href":"https:\/\/tyrving.idrett.no\/10\/f\/wp-json\/wp\/v2\/categories?post=24025"},{"taxonomy":"post_tag","embeddable":true,"href":"https:\/\/tyrving.idrett.no\/10\/f\/wp-json\/wp\/v2\/tags?post=24025"}],"curies":[{"name":"wp","href":"https:\/\/api.w.org\/{rel}","templated":true}]}}