{"id":24477,"date":"2023-04-14T10:11:13","date_gmt":"2023-04-14T08:11:13","guid":{"rendered":"https:\/\/tyrving.idrett.no\/10\/f\/?p=24477"},"modified":"2023-04-14T10:11:13","modified_gmt":"2023-04-14T08:11:13","slug":"tyrving-utovere-til-veteran-vm-i-polen","status":"publish","type":"post","link":"https:\/\/tyrving.idrett.no\/10\/f\/2023\/04\/14\/tyrving-utovere-til-veteran-vm-i-polen\/","title":{"rendered":"Tyrving-ut\u00f8vere til veteran VM i Polen"},"content":{"rendered":"<p>Tyrving var representert med 3 ut\u00f8vere til veteran VM i Torun i Polen i slutningen av mars. Maylem Lauvstad, Romeo Rioverde og Nils-Paul Sk\u00e5ra hadde byttet Tyrving drakten ut med Norgesdrakten under veteran VM i Polen.<\/p>\n<p><strong><img decoding=\"async\" loading=\"lazy\" class=\"alignnone size-medium wp-image-24483\" src=\"https:\/\/tyrving.idrett.no\/10\/f\/files\/2023\/04\/Veteran-VM-5-300x200.jpeg\" alt=\"\" width=\"300\" height=\"200\" srcset=\"https:\/\/tyrving.idrett.no\/10\/f\/files\/2023\/04\/Veteran-VM-5-300x200.jpeg 300w, https:\/\/tyrving.idrett.no\/10\/f\/files\/2023\/04\/Veteran-VM-5-1024x682.jpeg 1024w, https:\/\/tyrving.idrett.no\/10\/f\/files\/2023\/04\/Veteran-VM-5-768x512.jpeg 768w, https:\/\/tyrving.idrett.no\/10\/f\/files\/2023\/04\/Veteran-VM-5-600x400.jpeg 600w, https:\/\/tyrving.idrett.no\/10\/f\/files\/2023\/04\/Veteran-VM-5-1536x1023.jpeg 1536w, https:\/\/tyrving.idrett.no\/10\/f\/files\/2023\/04\/Veteran-VM-5.jpeg 1600w\" sizes=\"(max-width: 300px) 100vw, 300px\" \/><\/strong><\/p>\n<p><strong>Romeo Rioverde<\/strong> (M35) stilte opp p\u00e5 60m og 200m. P\u00e5 60m l\u00f8p Romeo stabile 7,98s \u2013 et l\u00f8p den nystartet ut\u00f8ver ikke var helt forn\u00f8yd med.<\/p>\n<p>P\u00e5 200m ble det til en flott ny pers p\u00e5 25,90s. Gratulerer \u2013 vi gleder oss til \u00e5 f\u00f8lge utviklingen over sommeren.<\/p>\n<p>&nbsp;<\/p>\n<p><strong>Nils-Paul Sk\u00e5ra<\/strong> (M35) stilte til start p\u00e5 60m. Det gjorde han s\u00e5 godt, tiden rakte til kvalifikasjon til semifinalen. Tidene p\u00e5 begge l\u00f8p ble 7,41s. Gratulerer med semifinale deltagelsen p\u00e5 VM :)<\/p>\n<p>&nbsp;<\/p>\n<p><strong>Maylem Lauvstad<\/strong> (W50) stilte opp p\u00e5 200m og 400m. Det ble noen harde dage for Maylem, da hun p\u00e5 imponerende vis klarte og kvalifiserer seg til finalen p\u00e5 begge distanser!<\/p>\n<p>&nbsp;<\/p>\n<p>P\u00e5 200m l\u00f8p Maylem i fors\u00f8ket 28,38s \u2013 Ny norsk Veteranrekord i klassen KV50-54. Dette rakte selvf\u00f8lgelig til en plass i semifinalen. Her l\u00f8p Maylem inn til en plass i finalen i enda en Norsk Veteranrekord \u2013 denne gangen med tiden 28,25s.<\/p>\n<p>I finalen kjempet Maylem seg til en flott 6. plass i tiden 28,54s.<\/p>\n<p>&nbsp;<\/p>\n<p>Maylem var ikke helt ferdig med mesterskapet, og l\u00f8p i fors\u00f8ket p\u00e5 400m i tiden 1:03,63s \u2013 Ny Norsk Veteranrekord!! Dette utl\u00f8ste en ny finaledeltagelse. I finalen overgikk Maylem igjen seg selv, og l\u00f8p seg til en meget flott 4. plass i ny Norsk Veteranrekord p\u00e5 1:03,54s. Gratulerer med imponerende innsats &#x1f60a;<\/p>\n<p><strong><img decoding=\"async\" loading=\"lazy\" class=\"alignnone size-medium wp-image-24480\" src=\"https:\/\/tyrving.idrett.no\/10\/f\/files\/2023\/04\/Veteran-VM-2-300x200.jpg\" alt=\"\" width=\"300\" height=\"200\" srcset=\"https:\/\/tyrving.idrett.no\/10\/f\/files\/2023\/04\/Veteran-VM-2-300x200.jpg 300w, https:\/\/tyrving.idrett.no\/10\/f\/files\/2023\/04\/Veteran-VM-2-1024x681.jpg 1024w, https:\/\/tyrving.idrett.no\/10\/f\/files\/2023\/04\/Veteran-VM-2-768x511.jpg 768w, https:\/\/tyrving.idrett.no\/10\/f\/files\/2023\/04\/Veteran-VM-2-600x399.jpg 600w, https:\/\/tyrving.idrett.no\/10\/f\/files\/2023\/04\/Veteran-VM-2-1536x1022.jpg 1536w, https:\/\/tyrving.idrett.no\/10\/f\/files\/2023\/04\/Veteran-VM-2-2048x1362.jpg 2048w\" sizes=\"(max-width: 300px) 100vw, 300px\" \/><\/strong><\/p>\n<p>Sitat Maylem Lauvstad:<\/p>\n<p><strong>&laquo;Det var en fantastisk og motiverende opplevelse \u00e5 se ut\u00f8vere p\u00e5 95 \u00e5r som l\u00f8per 200m eller 85 \u00e5r som l\u00f8per hekk. Det var den st\u00f8rste bevis p\u00e5 at alderen er ingen hinder s\u00e5 lenge du har lyst \u00e5 drive med det som gir deg lidenskap og energi`.<\/strong><\/p>\n<p>&nbsp;<\/p>\n<p>Gratulerer med innsatsen i Polen til alle 3, Tyrving er stolte over dere og h\u00e5per dette er med til \u00e5 inspirere flere til \u00e5 trene og delta p\u00e5 veteran friidrett.<\/p>\n<p>&nbsp;<\/p>\n<p>Vi \u00f8nsker \u00e5 skape et milj\u00f8 for veteran friidrett \u2013 er du interessert ta kontakt til sportslig leder Morten Jensen <a href=\"mailto:morten@tyrving.no\">morten@tyrving.no<\/a><\/p>\n<p>&nbsp;<\/p>\n<p>Les mere om Masters VM p\u00e5 <a href=\"https:\/\/www.friidrett.no\/nyhet\/2023\/samleside-friidrett-mars-23\/\">Norsk Friidretts hjemmeside<\/a><\/p>\n<p>&nbsp;<\/p>\n<p><strong><img decoding=\"async\" loading=\"lazy\" class=\"alignnone size-medium wp-image-24481\" src=\"https:\/\/tyrving.idrett.no\/10\/f\/files\/2023\/04\/Veteran-VM-3-300x300.jpeg\" alt=\"\" width=\"300\" height=\"300\" srcset=\"https:\/\/tyrving.idrett.no\/10\/f\/files\/2023\/04\/Veteran-VM-3-300x300.jpeg 300w, https:\/\/tyrving.idrett.no\/10\/f\/files\/2023\/04\/Veteran-VM-3-100x100.jpeg 100w, https:\/\/tyrving.idrett.no\/10\/f\/files\/2023\/04\/Veteran-VM-3-768x768.jpeg 768w, https:\/\/tyrving.idrett.no\/10\/f\/files\/2023\/04\/Veteran-VM-3-600x600.jpeg 600w, https:\/\/tyrving.idrett.no\/10\/f\/files\/2023\/04\/Veteran-VM-3.jpeg 823w\" sizes=\"(max-width: 300px) 100vw, 300px\" \/><img decoding=\"async\" loading=\"lazy\" class=\"alignnone size-medium wp-image-24479\" src=\"https:\/\/tyrving.idrett.no\/10\/f\/files\/2023\/04\/Veteran-VM-1-300x200.jpg\" alt=\"\" width=\"300\" height=\"200\" srcset=\"https:\/\/tyrving.idrett.no\/10\/f\/files\/2023\/04\/Veteran-VM-1-300x200.jpg 300w, https:\/\/tyrving.idrett.no\/10\/f\/files\/2023\/04\/Veteran-VM-1-1024x681.jpg 1024w, https:\/\/tyrving.idrett.no\/10\/f\/files\/2023\/04\/Veteran-VM-1-768x511.jpg 768w, https:\/\/tyrving.idrett.no\/10\/f\/files\/2023\/04\/Veteran-VM-1-600x399.jpg 600w, https:\/\/tyrving.idrett.no\/10\/f\/files\/2023\/04\/Veteran-VM-1-1536x1022.jpg 1536w, https:\/\/tyrving.idrett.no\/10\/f\/files\/2023\/04\/Veteran-VM-1-2048x1362.jpg 2048w\" sizes=\"(max-width: 300px) 100vw, 300px\" \/><\/strong><\/p>\n","protected":false},"excerpt":{"rendered":"Tyrving var representert med 3 ut\u00f8vere til veteran VM i Torun i Polen i slutningen av mars. Maylem Lauvstad, Romeo Rioverde og Nils-Paul Sk\u00e5ra hadde byttet Tyrving drakten ut med Norgesdrakten under v&#8230;","protected":false},"author":46,"featured_media":24482,"comment_status":"closed","ping_status":"open","sticky":false,"template":"","format":"standard","meta":{"footnotes":"","_jetpack_memberships_contains_paid_content":false},"categories":[1],"tags":[],"acf":[],"yoast_head":"<!-- This site is optimized with the Yoast SEO plugin v21.2 - https:\/\/yoast.com\/wordpress\/plugins\/seo\/ -->\n<title>Tyrving-ut\u00f8vere til veteran VM i Polen - Tyrving - Friidrett<\/title>\n<meta name=\"robots\" content=\"index, follow, max-snippet:-1, max-image-preview:large, max-video-preview:-1\" \/>\n<link rel=\"canonical\" href=\"https:\/\/tyrving.idrett.no\/10\/f\/2023\/04\/14\/tyrving-utovere-til-veteran-vm-i-polen\/\" \/>\n<meta property=\"og:locale\" content=\"nb_NO\" \/>\n<meta property=\"og:type\" content=\"article\" \/>\n<meta property=\"og:title\" content=\"Tyrving-ut\u00f8vere til veteran VM i Polen - Tyrving - Friidrett\" \/>\n<meta property=\"og:description\" content=\"Tyrving var representert med 3 ut\u00f8vere til veteran VM i Torun i Polen i slutningen av mars. Maylem Lauvstad, Romeo Rioverde og Nils-Paul Sk\u00e5ra hadde byttet Tyrving drakten ut med Norgesdrakten under v...\" \/>\n<meta property=\"og:url\" content=\"https:\/\/tyrving.idrett.no\/10\/f\/2023\/04\/14\/tyrving-utovere-til-veteran-vm-i-polen\/\" \/>\n<meta property=\"og:site_name\" content=\"Tyrving - Friidrett\" \/>\n<meta property=\"article:published_time\" content=\"2023-04-14T08:11:13+00:00\" \/>\n<meta property=\"og:image\" content=\"https:\/\/tyrving.idrett.no\/10\/f\/files\/2023\/04\/Veteran-VM-4.jpeg\" \/>\n\t<meta property=\"og:image:width\" content=\"555\" \/>\n\t<meta property=\"og:image:height\" content=\"555\" \/>\n\t<meta property=\"og:image:type\" content=\"image\/jpeg\" \/>\n<meta name=\"author\" content=\"mortenjensen\" \/>\n<meta name=\"twitter:card\" content=\"summary_large_image\" \/>\n<meta name=\"twitter:label1\" content=\"Skrevet av\" \/>\n\t<meta name=\"twitter:data1\" content=\"mortenjensen\" \/>\n\t<meta name=\"twitter:label2\" content=\"Ansl. lesetid\" \/>\n\t<meta name=\"twitter:data2\" content=\"2 minutter\" \/>\n<script type=\"application\/ld+json\" class=\"yoast-schema-graph\">{\"@context\":\"https:\/\/schema.org\",\"@graph\":[{\"@type\":\"Article\",\"@id\":\"https:\/\/tyrving.idrett.no\/10\/f\/2023\/04\/14\/tyrving-utovere-til-veteran-vm-i-polen\/#article\",\"isPartOf\":{\"@id\":\"https:\/\/tyrving.idrett.no\/10\/f\/2023\/04\/14\/tyrving-utovere-til-veteran-vm-i-polen\/\"},\"author\":{\"name\":\"mortenjensen\",\"@id\":\"https:\/\/tyrving.idrett.no\/10\/f\/#\/schema\/person\/8ce96c740b9585e4c1f060ba84702224\"},\"headline\":\"Tyrving-ut\u00f8vere til veteran VM i Polen\",\"datePublished\":\"2023-04-14T08:11:13+00:00\",\"dateModified\":\"2023-04-14T08:11:13+00:00\",\"mainEntityOfPage\":{\"@id\":\"https:\/\/tyrving.idrett.no\/10\/f\/2023\/04\/14\/tyrving-utovere-til-veteran-vm-i-polen\/\"},\"wordCount\":387,\"publisher\":{\"@id\":\"https:\/\/tyrving.idrett.no\/10\/f\/#organization\"},\"articleSection\":[\"Nyheter\"],\"inLanguage\":\"nb-NO\"},{\"@type\":\"WebPage\",\"@id\":\"https:\/\/tyrving.idrett.no\/10\/f\/2023\/04\/14\/tyrving-utovere-til-veteran-vm-i-polen\/\",\"url\":\"https:\/\/tyrving.idrett.no\/10\/f\/2023\/04\/14\/tyrving-utovere-til-veteran-vm-i-polen\/\",\"name\":\"Tyrving-ut\u00f8vere til veteran VM i Polen - Tyrving - Friidrett\",\"isPartOf\":{\"@id\":\"https:\/\/tyrving.idrett.no\/10\/f\/#website\"},\"datePublished\":\"2023-04-14T08:11:13+00:00\",\"dateModified\":\"2023-04-14T08:11:13+00:00\",\"breadcrumb\":{\"@id\":\"https:\/\/tyrving.idrett.no\/10\/f\/2023\/04\/14\/tyrving-utovere-til-veteran-vm-i-polen\/#breadcrumb\"},\"inLanguage\":\"nb-NO\",\"potentialAction\":[{\"@type\":\"ReadAction\",\"target\":[\"https:\/\/tyrving.idrett.no\/10\/f\/2023\/04\/14\/tyrving-utovere-til-veteran-vm-i-polen\/\"]}]},{\"@type\":\"BreadcrumbList\",\"@id\":\"https:\/\/tyrving.idrett.no\/10\/f\/2023\/04\/14\/tyrving-utovere-til-veteran-vm-i-polen\/#breadcrumb\",\"itemListElement\":[{\"@type\":\"ListItem\",\"position\":1,\"name\":\"Hjem\",\"item\":\"https:\/\/tyrving.idrett.no\/10\/f\/\"},{\"@type\":\"ListItem\",\"position\":2,\"name\":\"Tyrving-ut\u00f8vere til veteran VM i Polen\"}]},{\"@type\":\"WebSite\",\"@id\":\"https:\/\/tyrving.idrett.no\/10\/f\/#website\",\"url\":\"https:\/\/tyrving.idrett.no\/10\/f\/\",\"name\":\"Tyrving - Friidrett\",\"description\":\"Friidrettsgruppa\",\"publisher\":{\"@id\":\"https:\/\/tyrving.idrett.no\/10\/f\/#organization\"},\"potentialAction\":[{\"@type\":\"SearchAction\",\"target\":{\"@type\":\"EntryPoint\",\"urlTemplate\":\"https:\/\/tyrving.idrett.no\/10\/f\/?s={search_term_string}\"},\"query-input\":\"required name=search_term_string\"}],\"inLanguage\":\"nb-NO\"},{\"@type\":\"Organization\",\"@id\":\"https:\/\/tyrving.idrett.no\/10\/f\/#organization\",\"name\":\"Tyrving Friidrettsgruppa\",\"url\":\"https:\/\/tyrving.idrett.no\/10\/f\/\",\"logo\":{\"@type\":\"ImageObject\",\"inLanguage\":\"nb-NO\",\"@id\":\"https:\/\/tyrving.idrett.no\/10\/f\/#\/schema\/logo\/image\/\",\"url\":\"https:\/\/tyrving.idrett.no\/10\/f\/files\/2019\/04\/Tyrving-Logo-Friidrett-2019.jpg\",\"contentUrl\":\"https:\/\/tyrving.idrett.no\/10\/f\/files\/2019\/04\/Tyrving-Logo-Friidrett-2019.jpg\",\"width\":460,\"height\":360,\"caption\":\"Tyrving Friidrettsgruppa\"},\"image\":{\"@id\":\"https:\/\/tyrving.idrett.no\/10\/f\/#\/schema\/logo\/image\/\"}},{\"@type\":\"Person\",\"@id\":\"https:\/\/tyrving.idrett.no\/10\/f\/#\/schema\/person\/8ce96c740b9585e4c1f060ba84702224\",\"name\":\"mortenjensen\",\"image\":{\"@type\":\"ImageObject\",\"inLanguage\":\"nb-NO\",\"@id\":\"https:\/\/tyrving.idrett.no\/10\/f\/#\/schema\/person\/image\/\",\"url\":\"https:\/\/secure.gravatar.com\/avatar\/f75435030dcf343989325f8f843d0193?s=96&d=mm&r=g\",\"contentUrl\":\"https:\/\/secure.gravatar.com\/avatar\/f75435030dcf343989325f8f843d0193?s=96&d=mm&r=g\",\"caption\":\"mortenjensen\"}}]}<\/script>\n<!-- \/ Yoast SEO plugin. -->","yoast_head_json":{"title":"Tyrving-ut\u00f8vere til veteran VM i Polen - Tyrving - Friidrett","robots":{"index":"index","follow":"follow","max-snippet":"max-snippet:-1","max-image-preview":"max-image-preview:large","max-video-preview":"max-video-preview:-1"},"canonical":"https:\/\/tyrving.idrett.no\/10\/f\/2023\/04\/14\/tyrving-utovere-til-veteran-vm-i-polen\/","og_locale":"nb_NO","og_type":"article","og_title":"Tyrving-ut\u00f8vere til veteran VM i Polen - Tyrving - Friidrett","og_description":"Tyrving var representert med 3 ut\u00f8vere til veteran VM i Torun i Polen i slutningen av mars. Maylem Lauvstad, Romeo Rioverde og Nils-Paul Sk\u00e5ra hadde byttet Tyrving drakten ut med Norgesdrakten under v...","og_url":"https:\/\/tyrving.idrett.no\/10\/f\/2023\/04\/14\/tyrving-utovere-til-veteran-vm-i-polen\/","og_site_name":"Tyrving - Friidrett","article_published_time":"2023-04-14T08:11:13+00:00","og_image":[{"width":555,"height":555,"url":"https:\/\/tyrving.idrett.no\/10\/f\/files\/2023\/04\/Veteran-VM-4.jpeg","type":"image\/jpeg"}],"author":"mortenjensen","twitter_card":"summary_large_image","twitter_misc":{"Skrevet av":"mortenjensen","Ansl. lesetid":"2 minutter"},"schema":{"@context":"https:\/\/schema.org","@graph":[{"@type":"Article","@id":"https:\/\/tyrving.idrett.no\/10\/f\/2023\/04\/14\/tyrving-utovere-til-veteran-vm-i-polen\/#article","isPartOf":{"@id":"https:\/\/tyrving.idrett.no\/10\/f\/2023\/04\/14\/tyrving-utovere-til-veteran-vm-i-polen\/"},"author":{"name":"mortenjensen","@id":"https:\/\/tyrving.idrett.no\/10\/f\/#\/schema\/person\/8ce96c740b9585e4c1f060ba84702224"},"headline":"Tyrving-ut\u00f8vere til veteran VM i Polen","datePublished":"2023-04-14T08:11:13+00:00","dateModified":"2023-04-14T08:11:13+00:00","mainEntityOfPage":{"@id":"https:\/\/tyrving.idrett.no\/10\/f\/2023\/04\/14\/tyrving-utovere-til-veteran-vm-i-polen\/"},"wordCount":387,"publisher":{"@id":"https:\/\/tyrving.idrett.no\/10\/f\/#organization"},"articleSection":["Nyheter"],"inLanguage":"nb-NO"},{"@type":"WebPage","@id":"https:\/\/tyrving.idrett.no\/10\/f\/2023\/04\/14\/tyrving-utovere-til-veteran-vm-i-polen\/","url":"https:\/\/tyrving.idrett.no\/10\/f\/2023\/04\/14\/tyrving-utovere-til-veteran-vm-i-polen\/","name":"Tyrving-ut\u00f8vere til veteran VM i Polen - Tyrving - Friidrett","isPartOf":{"@id":"https:\/\/tyrving.idrett.no\/10\/f\/#website"},"datePublished":"2023-04-14T08:11:13+00:00","dateModified":"2023-04-14T08:11:13+00:00","breadcrumb":{"@id":"https:\/\/tyrving.idrett.no\/10\/f\/2023\/04\/14\/tyrving-utovere-til-veteran-vm-i-polen\/#breadcrumb"},"inLanguage":"nb-NO","potentialAction":[{"@type":"ReadAction","target":["https:\/\/tyrving.idrett.no\/10\/f\/2023\/04\/14\/tyrving-utovere-til-veteran-vm-i-polen\/"]}]},{"@type":"BreadcrumbList","@id":"https:\/\/tyrving.idrett.no\/10\/f\/2023\/04\/14\/tyrving-utovere-til-veteran-vm-i-polen\/#breadcrumb","itemListElement":[{"@type":"ListItem","position":1,"name":"Hjem","item":"https:\/\/tyrving.idrett.no\/10\/f\/"},{"@type":"ListItem","position":2,"name":"Tyrving-ut\u00f8vere til veteran VM i Polen"}]},{"@type":"WebSite","@id":"https:\/\/tyrving.idrett.no\/10\/f\/#website","url":"https:\/\/tyrving.idrett.no\/10\/f\/","name":"Tyrving - Friidrett","description":"Friidrettsgruppa","publisher":{"@id":"https:\/\/tyrving.idrett.no\/10\/f\/#organization"},"potentialAction":[{"@type":"SearchAction","target":{"@type":"EntryPoint","urlTemplate":"https:\/\/tyrving.idrett.no\/10\/f\/?s={search_term_string}"},"query-input":"required name=search_term_string"}],"inLanguage":"nb-NO"},{"@type":"Organization","@id":"https:\/\/tyrving.idrett.no\/10\/f\/#organization","name":"Tyrving Friidrettsgruppa","url":"https:\/\/tyrving.idrett.no\/10\/f\/","logo":{"@type":"ImageObject","inLanguage":"nb-NO","@id":"https:\/\/tyrving.idrett.no\/10\/f\/#\/schema\/logo\/image\/","url":"https:\/\/tyrving.idrett.no\/10\/f\/files\/2019\/04\/Tyrving-Logo-Friidrett-2019.jpg","contentUrl":"https:\/\/tyrving.idrett.no\/10\/f\/files\/2019\/04\/Tyrving-Logo-Friidrett-2019.jpg","width":460,"height":360,"caption":"Tyrving Friidrettsgruppa"},"image":{"@id":"https:\/\/tyrving.idrett.no\/10\/f\/#\/schema\/logo\/image\/"}},{"@type":"Person","@id":"https:\/\/tyrving.idrett.no\/10\/f\/#\/schema\/person\/8ce96c740b9585e4c1f060ba84702224","name":"mortenjensen","image":{"@type":"ImageObject","inLanguage":"nb-NO","@id":"https:\/\/tyrving.idrett.no\/10\/f\/#\/schema\/person\/image\/","url":"https:\/\/secure.gravatar.com\/avatar\/f75435030dcf343989325f8f843d0193?s=96&d=mm&r=g","contentUrl":"https:\/\/secure.gravatar.com\/avatar\/f75435030dcf343989325f8f843d0193?s=96&d=mm&r=g","caption":"mortenjensen"}}]}},"jetpack_sharing_enabled":true,"jetpack_featured_media_url":"https:\/\/tyrving.idrett.no\/10\/f\/files\/2023\/04\/Veteran-VM-4.jpeg","_links":{"self":[{"href":"https:\/\/tyrving.idrett.no\/10\/f\/wp-json\/wp\/v2\/posts\/24477"}],"collection":[{"href":"https:\/\/tyrving.idrett.no\/10\/f\/wp-json\/wp\/v2\/posts"}],"about":[{"href":"https:\/\/tyrving.idrett.no\/10\/f\/wp-json\/wp\/v2\/types\/post"}],"author":[{"embeddable":true,"href":"https:\/\/tyrving.idrett.no\/10\/f\/wp-json\/wp\/v2\/users\/46"}],"replies":[{"embeddable":true,"href":"https:\/\/tyrving.idrett.no\/10\/f\/wp-json\/wp\/v2\/comments?post=24477"}],"version-history":[{"count":1,"href":"https:\/\/tyrving.idrett.no\/10\/f\/wp-json\/wp\/v2\/posts\/24477\/revisions"}],"predecessor-version":[{"id":24484,"href":"https:\/\/tyrving.idrett.no\/10\/f\/wp-json\/wp\/v2\/posts\/24477\/revisions\/24484"}],"wp:featuredmedia":[{"embeddable":true,"href":"https:\/\/tyrving.idrett.no\/10\/f\/wp-json\/wp\/v2\/media\/24482"}],"wp:attachment":[{"href":"https:\/\/tyrving.idrett.no\/10\/f\/wp-json\/wp\/v2\/media?parent=24477"}],"wp:term":[{"taxonomy":"category","embeddable":true,"href":"https:\/\/tyrving.idrett.no\/10\/f\/wp-json\/wp\/v2\/categories?post=24477"},{"taxonomy":"post_tag","embeddable":true,"href":"https:\/\/tyrving.idrett.no\/10\/f\/wp-json\/wp\/v2\/tags?post=24477"}],"curies":[{"name":"wp","href":"https:\/\/api.w.org\/{rel}","templated":true}]}}