{"id":24501,"date":"2023-04-20T11:40:47","date_gmt":"2023-04-20T09:40:47","guid":{"rendered":"https:\/\/tyrving.idrett.no\/10\/f\/?p=24501"},"modified":"2023-04-20T11:40:47","modified_gmt":"2023-04-20T09:40:47","slug":"craft-tyrvingstafett-pa-sondag","status":"publish","type":"post","link":"https:\/\/tyrving.idrett.no\/10\/f\/2023\/04\/20\/craft-tyrvingstafett-pa-sondag\/","title":{"rendered":"Craft Tyrvingstafett p\u00e5 s\u00f8ndag"},"content":{"rendered":"<p>Etter et par \u00e5rs frav\u00e6r pga covid, er Craft Tyrvingstafetten n\u00e5 tilbake p\u00e5 terminlisten.\u00a0 S\u00f8ndag 23. april kl. 1300 er det klart for den f\u00f8rste Tyrvingstafetten med utgangspunkt stadion p\u00e5 B\u00e6rum Idrettspark.\u00a0 Barnel\u00f8pet starter kl 1230, og s\u00e5 en halv time senere er det tid for Craft Tyrvingstafetten.\u00a0 Tidsskjema for de enkelte klassene vil bli lagt ut fredag.<\/p>\n<p>&nbsp;<\/p>\n<p><!--more--><\/p>\n<p><strong>Pr. 20 april er f\u00f8lgende lag meldt p\u00e5:<\/strong><\/p>\n<p>&nbsp;<\/p>\n<p><!--more--><\/p>\n<table width=\"475\">\n<tbody>\n<tr>\n<td width=\"177\"><strong>KLASSE<\/strong><\/td>\n<td width=\"298\"><strong>KLUBB<\/strong><\/td>\n<\/tr>\n<tr>\n<td>G10-14<\/td>\n<td>BUL<\/td>\n<\/tr>\n<tr>\n<td>G10-14<\/td>\n<td>Fredrikstad<\/td>\n<\/tr>\n<tr>\n<td>G10-14<\/td>\n<td>Hellas 1<\/td>\n<\/tr>\n<tr>\n<td>G10-14<\/td>\n<td>Hellas 2<\/td>\n<\/tr>\n<tr>\n<td>G10-14<\/td>\n<td>Herkules<\/td>\n<\/tr>\n<tr>\n<td>G10-14<\/td>\n<td>Nittedal<\/td>\n<\/tr>\n<tr>\n<td>G10-14<\/td>\n<td>Sturla<\/td>\n<\/tr>\n<tr>\n<td>G10-14<\/td>\n<td>Tyrving 1<\/td>\n<\/tr>\n<tr>\n<td>G10-14<\/td>\n<td>Tyrving 2<\/td>\n<\/tr>\n<tr>\n<td>G10-14<\/td>\n<td>Tyrving 3<\/td>\n<\/tr>\n<tr>\n<td>G10-14<\/td>\n<td>Tyrving 4<\/td>\n<\/tr>\n<tr>\n<td>G10-14<\/td>\n<td>Vidar 1<\/td>\n<\/tr>\n<tr>\n<td>G10-14<\/td>\n<td>Vidar 2<\/td>\n<\/tr>\n<tr>\n<td>G10-14<\/td>\n<td>Vidar 3<\/td>\n<\/tr>\n<tr>\n<td>G10-14<\/td>\n<td>Vidar 4<\/td>\n<\/tr>\n<tr>\n<td><strong>KLASSE<\/strong><\/td>\n<td><strong>KLUBB<\/strong><\/td>\n<\/tr>\n<tr>\n<td>J10-14<\/td>\n<td>Fredrikstad<\/td>\n<\/tr>\n<tr>\n<td>J10-14<\/td>\n<td>Herkules<\/td>\n<\/tr>\n<tr>\n<td>J10-14<\/td>\n<td>Nesodden<\/td>\n<\/tr>\n<tr>\n<td>J10-14<\/td>\n<td>Nittedal<\/td>\n<\/tr>\n<tr>\n<td>J10-14<\/td>\n<td>Sturla 1<\/td>\n<\/tr>\n<tr>\n<td>J10-14<\/td>\n<td>Sturla 2<\/td>\n<\/tr>\n<tr>\n<td>J10-14<\/td>\n<td>Tyrving 1<\/td>\n<\/tr>\n<tr>\n<td>J10-14<\/td>\n<td>Tyrving 2<\/td>\n<\/tr>\n<tr>\n<td>J10-14<\/td>\n<td>Tyrving 3<\/td>\n<\/tr>\n<tr>\n<td>J10-14<\/td>\n<td>Tyrving 4<\/td>\n<\/tr>\n<tr>\n<td>J10-14<\/td>\n<td>Ull\/Kisa<\/td>\n<\/tr>\n<tr>\n<td>J10-14<\/td>\n<td>Vidar 1<\/td>\n<\/tr>\n<tr>\n<td>J10-14<\/td>\n<td>Vidar 2<\/td>\n<\/tr>\n<tr>\n<td><strong>KLASSE<\/strong><\/td>\n<td><strong>KLUBB<\/strong><\/td>\n<\/tr>\n<tr>\n<td>G15-19<\/td>\n<td>Sturla<\/td>\n<\/tr>\n<tr>\n<td>G15-19<\/td>\n<td>Tyrving<\/td>\n<\/tr>\n<tr>\n<td><strong>KLASSE<\/strong><\/td>\n<td><strong>KLUBB<\/strong><\/td>\n<\/tr>\n<tr>\n<td>J15-19<\/td>\n<td>Ull\/Kisa<\/td>\n<\/tr>\n<tr>\n<td>J15-19<\/td>\n<td>Sturla<\/td>\n<\/tr>\n<tr>\n<td>J15-19<\/td>\n<td>Tyrving 1<\/td>\n<\/tr>\n<tr>\n<td>J15-19<\/td>\n<td>Tyrving 2<\/td>\n<\/tr>\n<tr>\n<td><strong>KLASSE<\/strong><\/td>\n<td><strong>KLUBB<\/strong><\/td>\n<\/tr>\n<tr>\n<td>KS<\/td>\n<td>Tyrving<\/td>\n<\/tr>\n<tr>\n<td><strong>KLASSE<\/strong><\/td>\n<td><strong>KLUBB<\/strong><\/td>\n<\/tr>\n<tr>\n<td>MS<\/td>\n<td>Tyrving<\/td>\n<\/tr>\n<\/tbody>\n<\/table>\n","protected":false},"excerpt":{"rendered":"Etter et par \u00e5rs frav\u00e6r pga covid, er Craft Tyrvingstafetten n\u00e5 tilbake p\u00e5 terminlisten.\u00a0 S\u00f8ndag 23. april kl. 1300 er det klart for den f\u00f8rste Tyrvingstafetten med utgangspunkt stadion p\u00e5 B\u00e6rum Idret&#8230;","protected":false},"author":2,"featured_media":24506,"comment_status":"closed","ping_status":"open","sticky":false,"template":"","format":"standard","meta":{"footnotes":"","_jetpack_memberships_contains_paid_content":false},"categories":[1],"tags":[],"acf":[],"yoast_head":"<!-- This site is optimized with the Yoast SEO plugin v21.2 - https:\/\/yoast.com\/wordpress\/plugins\/seo\/ -->\n<title>Craft Tyrvingstafett p\u00e5 s\u00f8ndag - Tyrving - Friidrett<\/title>\n<meta name=\"robots\" content=\"index, follow, max-snippet:-1, max-image-preview:large, max-video-preview:-1\" \/>\n<link rel=\"canonical\" href=\"https:\/\/tyrving.idrett.no\/10\/f\/2023\/04\/20\/craft-tyrvingstafett-pa-sondag\/\" \/>\n<meta property=\"og:locale\" content=\"nb_NO\" \/>\n<meta property=\"og:type\" content=\"article\" \/>\n<meta property=\"og:title\" content=\"Craft Tyrvingstafett p\u00e5 s\u00f8ndag - Tyrving - Friidrett\" \/>\n<meta property=\"og:description\" content=\"Etter et par \u00e5rs frav\u00e6r pga covid, er Craft Tyrvingstafetten n\u00e5 tilbake p\u00e5 terminlisten.\u00a0 S\u00f8ndag 23. april kl. 1300 er det klart for den f\u00f8rste Tyrvingstafetten med utgangspunkt stadion p\u00e5 B\u00e6rum Idret...\" \/>\n<meta property=\"og:url\" content=\"https:\/\/tyrving.idrett.no\/10\/f\/2023\/04\/20\/craft-tyrvingstafett-pa-sondag\/\" \/>\n<meta property=\"og:site_name\" content=\"Tyrving - Friidrett\" \/>\n<meta property=\"article:published_time\" content=\"2023-04-20T09:40:47+00:00\" \/>\n<meta property=\"og:image\" content=\"https:\/\/tyrving.idrett.no\/10\/f\/files\/2023\/04\/00s.jpg\" \/>\n\t<meta property=\"og:image:width\" content=\"1200\" \/>\n\t<meta property=\"og:image:height\" content=\"715\" \/>\n\t<meta property=\"og:image:type\" content=\"image\/jpeg\" \/>\n<meta name=\"author\" content=\"Kirsten Larsen\" \/>\n<meta name=\"twitter:card\" content=\"summary_large_image\" \/>\n<meta name=\"twitter:label1\" content=\"Skrevet av\" \/>\n\t<meta name=\"twitter:data1\" content=\"Kirsten Larsen\" \/>\n\t<meta name=\"twitter:label2\" content=\"Ansl. lesetid\" \/>\n\t<meta name=\"twitter:data2\" content=\"1 minutt\" \/>\n<script type=\"application\/ld+json\" class=\"yoast-schema-graph\">{\"@context\":\"https:\/\/schema.org\",\"@graph\":[{\"@type\":\"Article\",\"@id\":\"https:\/\/tyrving.idrett.no\/10\/f\/2023\/04\/20\/craft-tyrvingstafett-pa-sondag\/#article\",\"isPartOf\":{\"@id\":\"https:\/\/tyrving.idrett.no\/10\/f\/2023\/04\/20\/craft-tyrvingstafett-pa-sondag\/\"},\"author\":{\"name\":\"Kirsten Larsen\",\"@id\":\"https:\/\/tyrving.idrett.no\/10\/f\/#\/schema\/person\/9d33b15b4997b99c21c6e0b044d8bfd3\"},\"headline\":\"Craft Tyrvingstafett p\u00e5 s\u00f8ndag\",\"datePublished\":\"2023-04-20T09:40:47+00:00\",\"dateModified\":\"2023-04-20T09:40:47+00:00\",\"mainEntityOfPage\":{\"@id\":\"https:\/\/tyrving.idrett.no\/10\/f\/2023\/04\/20\/craft-tyrvingstafett-pa-sondag\/\"},\"wordCount\":195,\"publisher\":{\"@id\":\"https:\/\/tyrving.idrett.no\/10\/f\/#organization\"},\"articleSection\":[\"Nyheter\"],\"inLanguage\":\"nb-NO\"},{\"@type\":\"WebPage\",\"@id\":\"https:\/\/tyrving.idrett.no\/10\/f\/2023\/04\/20\/craft-tyrvingstafett-pa-sondag\/\",\"url\":\"https:\/\/tyrving.idrett.no\/10\/f\/2023\/04\/20\/craft-tyrvingstafett-pa-sondag\/\",\"name\":\"Craft Tyrvingstafett p\u00e5 s\u00f8ndag - Tyrving - Friidrett\",\"isPartOf\":{\"@id\":\"https:\/\/tyrving.idrett.no\/10\/f\/#website\"},\"datePublished\":\"2023-04-20T09:40:47+00:00\",\"dateModified\":\"2023-04-20T09:40:47+00:00\",\"breadcrumb\":{\"@id\":\"https:\/\/tyrving.idrett.no\/10\/f\/2023\/04\/20\/craft-tyrvingstafett-pa-sondag\/#breadcrumb\"},\"inLanguage\":\"nb-NO\",\"potentialAction\":[{\"@type\":\"ReadAction\",\"target\":[\"https:\/\/tyrving.idrett.no\/10\/f\/2023\/04\/20\/craft-tyrvingstafett-pa-sondag\/\"]}]},{\"@type\":\"BreadcrumbList\",\"@id\":\"https:\/\/tyrving.idrett.no\/10\/f\/2023\/04\/20\/craft-tyrvingstafett-pa-sondag\/#breadcrumb\",\"itemListElement\":[{\"@type\":\"ListItem\",\"position\":1,\"name\":\"Hjem\",\"item\":\"https:\/\/tyrving.idrett.no\/10\/f\/\"},{\"@type\":\"ListItem\",\"position\":2,\"name\":\"Craft Tyrvingstafett p\u00e5 s\u00f8ndag\"}]},{\"@type\":\"WebSite\",\"@id\":\"https:\/\/tyrving.idrett.no\/10\/f\/#website\",\"url\":\"https:\/\/tyrving.idrett.no\/10\/f\/\",\"name\":\"Tyrving - Friidrett\",\"description\":\"Friidrettsgruppa\",\"publisher\":{\"@id\":\"https:\/\/tyrving.idrett.no\/10\/f\/#organization\"},\"potentialAction\":[{\"@type\":\"SearchAction\",\"target\":{\"@type\":\"EntryPoint\",\"urlTemplate\":\"https:\/\/tyrving.idrett.no\/10\/f\/?s={search_term_string}\"},\"query-input\":\"required name=search_term_string\"}],\"inLanguage\":\"nb-NO\"},{\"@type\":\"Organization\",\"@id\":\"https:\/\/tyrving.idrett.no\/10\/f\/#organization\",\"name\":\"Tyrving Friidrettsgruppa\",\"url\":\"https:\/\/tyrving.idrett.no\/10\/f\/\",\"logo\":{\"@type\":\"ImageObject\",\"inLanguage\":\"nb-NO\",\"@id\":\"https:\/\/tyrving.idrett.no\/10\/f\/#\/schema\/logo\/image\/\",\"url\":\"https:\/\/tyrving.idrett.no\/10\/f\/files\/2019\/04\/Tyrving-Logo-Friidrett-2019.jpg\",\"contentUrl\":\"https:\/\/tyrving.idrett.no\/10\/f\/files\/2019\/04\/Tyrving-Logo-Friidrett-2019.jpg\",\"width\":460,\"height\":360,\"caption\":\"Tyrving Friidrettsgruppa\"},\"image\":{\"@id\":\"https:\/\/tyrving.idrett.no\/10\/f\/#\/schema\/logo\/image\/\"}},{\"@type\":\"Person\",\"@id\":\"https:\/\/tyrving.idrett.no\/10\/f\/#\/schema\/person\/9d33b15b4997b99c21c6e0b044d8bfd3\",\"name\":\"Kirsten Larsen\",\"image\":{\"@type\":\"ImageObject\",\"inLanguage\":\"nb-NO\",\"@id\":\"https:\/\/tyrving.idrett.no\/10\/f\/#\/schema\/person\/image\/\",\"url\":\"https:\/\/secure.gravatar.com\/avatar\/2924b58c2b807e7f70945c639540a744?s=96&d=mm&r=g\",\"contentUrl\":\"https:\/\/secure.gravatar.com\/avatar\/2924b58c2b807e7f70945c639540a744?s=96&d=mm&r=g\",\"caption\":\"Kirsten Larsen\"}}]}<\/script>\n<!-- \/ Yoast SEO plugin. -->","yoast_head_json":{"title":"Craft Tyrvingstafett p\u00e5 s\u00f8ndag - Tyrving - Friidrett","robots":{"index":"index","follow":"follow","max-snippet":"max-snippet:-1","max-image-preview":"max-image-preview:large","max-video-preview":"max-video-preview:-1"},"canonical":"https:\/\/tyrving.idrett.no\/10\/f\/2023\/04\/20\/craft-tyrvingstafett-pa-sondag\/","og_locale":"nb_NO","og_type":"article","og_title":"Craft Tyrvingstafett p\u00e5 s\u00f8ndag - Tyrving - Friidrett","og_description":"Etter et par \u00e5rs frav\u00e6r pga covid, er Craft Tyrvingstafetten n\u00e5 tilbake p\u00e5 terminlisten.\u00a0 S\u00f8ndag 23. april kl. 1300 er det klart for den f\u00f8rste Tyrvingstafetten med utgangspunkt stadion p\u00e5 B\u00e6rum Idret...","og_url":"https:\/\/tyrving.idrett.no\/10\/f\/2023\/04\/20\/craft-tyrvingstafett-pa-sondag\/","og_site_name":"Tyrving - Friidrett","article_published_time":"2023-04-20T09:40:47+00:00","og_image":[{"width":1200,"height":715,"url":"https:\/\/tyrving.idrett.no\/10\/f\/files\/2023\/04\/00s.jpg","type":"image\/jpeg"}],"author":"Kirsten Larsen","twitter_card":"summary_large_image","twitter_misc":{"Skrevet av":"Kirsten Larsen","Ansl. lesetid":"1 minutt"},"schema":{"@context":"https:\/\/schema.org","@graph":[{"@type":"Article","@id":"https:\/\/tyrving.idrett.no\/10\/f\/2023\/04\/20\/craft-tyrvingstafett-pa-sondag\/#article","isPartOf":{"@id":"https:\/\/tyrving.idrett.no\/10\/f\/2023\/04\/20\/craft-tyrvingstafett-pa-sondag\/"},"author":{"name":"Kirsten Larsen","@id":"https:\/\/tyrving.idrett.no\/10\/f\/#\/schema\/person\/9d33b15b4997b99c21c6e0b044d8bfd3"},"headline":"Craft Tyrvingstafett p\u00e5 s\u00f8ndag","datePublished":"2023-04-20T09:40:47+00:00","dateModified":"2023-04-20T09:40:47+00:00","mainEntityOfPage":{"@id":"https:\/\/tyrving.idrett.no\/10\/f\/2023\/04\/20\/craft-tyrvingstafett-pa-sondag\/"},"wordCount":195,"publisher":{"@id":"https:\/\/tyrving.idrett.no\/10\/f\/#organization"},"articleSection":["Nyheter"],"inLanguage":"nb-NO"},{"@type":"WebPage","@id":"https:\/\/tyrving.idrett.no\/10\/f\/2023\/04\/20\/craft-tyrvingstafett-pa-sondag\/","url":"https:\/\/tyrving.idrett.no\/10\/f\/2023\/04\/20\/craft-tyrvingstafett-pa-sondag\/","name":"Craft Tyrvingstafett p\u00e5 s\u00f8ndag - Tyrving - Friidrett","isPartOf":{"@id":"https:\/\/tyrving.idrett.no\/10\/f\/#website"},"datePublished":"2023-04-20T09:40:47+00:00","dateModified":"2023-04-20T09:40:47+00:00","breadcrumb":{"@id":"https:\/\/tyrving.idrett.no\/10\/f\/2023\/04\/20\/craft-tyrvingstafett-pa-sondag\/#breadcrumb"},"inLanguage":"nb-NO","potentialAction":[{"@type":"ReadAction","target":["https:\/\/tyrving.idrett.no\/10\/f\/2023\/04\/20\/craft-tyrvingstafett-pa-sondag\/"]}]},{"@type":"BreadcrumbList","@id":"https:\/\/tyrving.idrett.no\/10\/f\/2023\/04\/20\/craft-tyrvingstafett-pa-sondag\/#breadcrumb","itemListElement":[{"@type":"ListItem","position":1,"name":"Hjem","item":"https:\/\/tyrving.idrett.no\/10\/f\/"},{"@type":"ListItem","position":2,"name":"Craft Tyrvingstafett p\u00e5 s\u00f8ndag"}]},{"@type":"WebSite","@id":"https:\/\/tyrving.idrett.no\/10\/f\/#website","url":"https:\/\/tyrving.idrett.no\/10\/f\/","name":"Tyrving - Friidrett","description":"Friidrettsgruppa","publisher":{"@id":"https:\/\/tyrving.idrett.no\/10\/f\/#organization"},"potentialAction":[{"@type":"SearchAction","target":{"@type":"EntryPoint","urlTemplate":"https:\/\/tyrving.idrett.no\/10\/f\/?s={search_term_string}"},"query-input":"required name=search_term_string"}],"inLanguage":"nb-NO"},{"@type":"Organization","@id":"https:\/\/tyrving.idrett.no\/10\/f\/#organization","name":"Tyrving Friidrettsgruppa","url":"https:\/\/tyrving.idrett.no\/10\/f\/","logo":{"@type":"ImageObject","inLanguage":"nb-NO","@id":"https:\/\/tyrving.idrett.no\/10\/f\/#\/schema\/logo\/image\/","url":"https:\/\/tyrving.idrett.no\/10\/f\/files\/2019\/04\/Tyrving-Logo-Friidrett-2019.jpg","contentUrl":"https:\/\/tyrving.idrett.no\/10\/f\/files\/2019\/04\/Tyrving-Logo-Friidrett-2019.jpg","width":460,"height":360,"caption":"Tyrving Friidrettsgruppa"},"image":{"@id":"https:\/\/tyrving.idrett.no\/10\/f\/#\/schema\/logo\/image\/"}},{"@type":"Person","@id":"https:\/\/tyrving.idrett.no\/10\/f\/#\/schema\/person\/9d33b15b4997b99c21c6e0b044d8bfd3","name":"Kirsten Larsen","image":{"@type":"ImageObject","inLanguage":"nb-NO","@id":"https:\/\/tyrving.idrett.no\/10\/f\/#\/schema\/person\/image\/","url":"https:\/\/secure.gravatar.com\/avatar\/2924b58c2b807e7f70945c639540a744?s=96&d=mm&r=g","contentUrl":"https:\/\/secure.gravatar.com\/avatar\/2924b58c2b807e7f70945c639540a744?s=96&d=mm&r=g","caption":"Kirsten Larsen"}}]}},"jetpack_sharing_enabled":true,"jetpack_featured_media_url":"https:\/\/tyrving.idrett.no\/10\/f\/files\/2023\/04\/00s.jpg","_links":{"self":[{"href":"https:\/\/tyrving.idrett.no\/10\/f\/wp-json\/wp\/v2\/posts\/24501"}],"collection":[{"href":"https:\/\/tyrving.idrett.no\/10\/f\/wp-json\/wp\/v2\/posts"}],"about":[{"href":"https:\/\/tyrving.idrett.no\/10\/f\/wp-json\/wp\/v2\/types\/post"}],"author":[{"embeddable":true,"href":"https:\/\/tyrving.idrett.no\/10\/f\/wp-json\/wp\/v2\/users\/2"}],"replies":[{"embeddable":true,"href":"https:\/\/tyrving.idrett.no\/10\/f\/wp-json\/wp\/v2\/comments?post=24501"}],"version-history":[{"count":5,"href":"https:\/\/tyrving.idrett.no\/10\/f\/wp-json\/wp\/v2\/posts\/24501\/revisions"}],"predecessor-version":[{"id":24507,"href":"https:\/\/tyrving.idrett.no\/10\/f\/wp-json\/wp\/v2\/posts\/24501\/revisions\/24507"}],"wp:featuredmedia":[{"embeddable":true,"href":"https:\/\/tyrving.idrett.no\/10\/f\/wp-json\/wp\/v2\/media\/24506"}],"wp:attachment":[{"href":"https:\/\/tyrving.idrett.no\/10\/f\/wp-json\/wp\/v2\/media?parent=24501"}],"wp:term":[{"taxonomy":"category","embeddable":true,"href":"https:\/\/tyrving.idrett.no\/10\/f\/wp-json\/wp\/v2\/categories?post=24501"},{"taxonomy":"post_tag","embeddable":true,"href":"https:\/\/tyrving.idrett.no\/10\/f\/wp-json\/wp\/v2\/tags?post=24501"}],"curies":[{"name":"wp","href":"https:\/\/api.w.org\/{rel}","templated":true}]}}