{"id":24551,"date":"2023-04-30T17:45:38","date_gmt":"2023-04-30T15:45:38","guid":{"rendered":"https:\/\/tyrving.idrett.no\/10\/f\/?p=24551"},"modified":"2023-04-30T17:45:39","modified_gmt":"2023-04-30T15:45:39","slug":"stevnesesongen-ute-er-i-full-gang","status":"publish","type":"post","link":"https:\/\/tyrving.idrett.no\/10\/f\/2023\/04\/30\/stevnesesongen-ute-er-i-full-gang\/","title":{"rendered":"Stevnesesongen ute er i full gang!"},"content":{"rendered":"<p>N\u00e5 er det bare \u00e5 melde seg p\u00e5 stevner framover.\u00a0 N\u00e5 er tid for \u00e5 se om vinterens trening har gitt resultater i forhold til raskere l\u00f8p og\/eller lengre hopp og kast.\u00a0 Meld deg!\u00a0 Husk at deltakelse i banestevner er inkludert i treningsavgiften.<\/p>\n<p>&nbsp;<\/p>\n<p>Klikk <strong><a href=\"https:\/\/tyrving.idrett.no\/10\/f\/2023\/04\/30\/stevnesesongen-ute-er-i-full-gang\/stevneoversikt-mai-juni-2023\/\" rel=\"attachment wp-att-24552\">HER<\/a><\/strong> for stevnetilbud i mai og juni, eller se oversikten under.\u00a0 Er det sp\u00f8rsm\u00e5l, s\u00e5 send en mail til <strong><a href=\"mailto:friidrett@tyrving.no\">friidrett@tyrving.no<\/a><\/strong><\/p>\n<p>&nbsp;<\/p>\n<table width=\"925\">\n<tbody>\n<tr>\n<td width=\"72\"><strong>Dato<\/strong><\/td>\n<td width=\"197\"><strong>Stevne<\/strong><\/td>\n<td width=\"159\"><strong>Arrang\u00f8r<\/strong><\/td>\n<td width=\"95\"><strong>P\u00e5meldings-frist<\/strong><\/td>\n<td width=\"402\"><strong>Lenke til Isonen\/p\u00e5melding<\/strong><\/td>\n<\/tr>\n<tr>\n<td><\/td>\n<td><\/td>\n<td><\/td>\n<td><\/td>\n<td><\/td>\n<\/tr>\n<tr>\n<td>02.mai<\/td>\n<td>Treningsstevne<\/td>\n<td>Nittedal IL<\/td>\n<td>02.mai<\/td>\n<td><a href=\"https:\/\/isonen.no\/event\/claazcbsm58925711daut6ac9a8\/\">iSonen | Treningsstevne<\/a><\/td>\n<\/tr>\n<tr>\n<td>02.mai<\/td>\n<td>Banestevne<\/td>\n<td>Ski IL<\/td>\n<td>01.mai<\/td>\n<td><a href=\"https:\/\/isonen.no\/event\/cl9ayujtk35379213eb58gy0363\/\">iSonen | Banestevne<\/a><\/td>\n<\/tr>\n<tr>\n<td>04.mai<\/td>\n<td>V\u00e5rslepp &#8211; l\u00f8psstevne<\/td>\n<td>Tyrving IL<\/td>\n<td>02.mai<\/td>\n<td><a href=\"https:\/\/isonen.no\/event\/clf85jwnk899901018z4l0suqni\/\">iSonen | V\u00e5rslepp<\/a><\/td>\n<\/tr>\n<tr>\n<td>06.mai<\/td>\n<td width=\"197\">B\u00e6kkelagets Maileker<\/td>\n<td>B\u00e6kkelagets SK<\/td>\n<td>01.mai<\/td>\n<td><a href=\"https:\/\/isonen.no\/event\/cl95vbz1l22343313gw7b1s2qsm\/\">iSonen | B\u00e6kkelagets Maileker<\/a><\/td>\n<\/tr>\n<tr>\n<td>06.mai<\/td>\n<td>\u00c5pningsstevnet 6. mai<\/td>\n<td>Hellas IF<\/td>\n<td>02.mai<\/td>\n<td><a href=\"https:\/\/isonen.no\/event\/cla9m1s7g14387811e48eanlqqg\/\">iSonen | \u00c5pningsstevne 6.mai 2023 &#8211; friidrett.<\/a><\/td>\n<\/tr>\n<tr>\n<td>12.mai<\/td>\n<td width=\"197\">Lambertsetersprinten<\/td>\n<td>Lambertseter IF<\/td>\n<td>10.mai<\/td>\n<td><a href=\"https:\/\/isonen.no\/event\/cl94ivq9732336213hv7gcsc577\/\">iSonen | Lambertsetersprinten p\u00e5 Lambertseter Stadion<\/a><\/td>\n<\/tr>\n<tr>\n<td>13.mai<\/td>\n<td width=\"197\">Romerikslekene<\/td>\n<td>Romerike Friidrett<\/td>\n<td>07.mai<\/td>\n<td><a href=\"https:\/\/isonen.no\/event\/clgeon3u717972201ajxtu335x1\/\">iSonen | Romerikslekene 2023<\/a><\/td>\n<\/tr>\n<tr>\n<td>14.mai<\/td>\n<td width=\"197\">Groruddalslekene<\/td>\n<td>Groruddalen FIK<\/td>\n<td>08.mai<\/td>\n<td><a href=\"https:\/\/isonen.no\/event\/clf75276g513415018zeiry8211\/\">iSonen | Groruddalslekene<\/a><\/td>\n<\/tr>\n<tr>\n<td>15.mai<\/td>\n<td>H\u00f8ydestevne p\u00e5 Rud<\/td>\n<td>Tyrving IL<\/td>\n<td>14.mai<\/td>\n<td><a href=\"https:\/\/isonen.no\/event\/clckfuiba59477011cuhx5hyjhf\/\">iSonen | Klubbstevne &#8211; H\u00f8yde<\/a><\/td>\n<\/tr>\n<tr>\n<td>22.mai<\/td>\n<td width=\"197\">Nasjonalt l\u00f8psstevne<\/td>\n<td>Nittedal IL<\/td>\n<td>\u00c5pner 29.04<\/td>\n<td><a href=\"https:\/\/isonen.no\/event\/clgvd27af143986501d00ynsp3j5\/\">iSonen | Nasjonalt l\u00f8psstevne<\/a><\/td>\n<\/tr>\n<tr>\n<td>23.mai<\/td>\n<td>Banestevne<\/td>\n<td>Ski IL<\/td>\n<td>\u00c5pner 9.05<\/td>\n<td><a href=\"https:\/\/isonen.no\/event\/cl9az8wm337228713f1ehy0ukzh\/\">iSonen | Banestevne<\/a><\/td>\n<\/tr>\n<tr>\n<td>23.mai<\/td>\n<td width=\"197\">Nasjonalt stevne 1<\/td>\n<td>KFUM Kam. Oslo<\/td>\n<td>22.mai<\/td>\n<td><a href=\"https:\/\/isonen.no\/event\/clgum68ok3393201d0rrnt8ahq\/\">iSonen | Nasjonalt stevne 1<\/a><\/td>\n<\/tr>\n<tr>\n<td>24.mai<\/td>\n<td>Obos Fornebul\u00f8pet<\/td>\n<td>Tyrving IL<\/td>\n<td>24.mai<\/td>\n<td><a href=\"https:\/\/isonen.no\/event\/cl8wxxa4p48503315nknmp0esyl\/\">iSonen | OBOS Fornebul\u00f8pet<\/a><\/td>\n<\/tr>\n<tr>\n<td>24.mai<\/td>\n<td>Budstikka Barnel\u00f8p<\/td>\n<td>Tyrving IL<\/td>\n<td>24.mai<\/td>\n<td><a href=\"https:\/\/isonen.no\/event\/cl8wxxa4p48503315nknmp0esyl\/\">iSonen | OBOS Fornebul\u00f8pet<\/a><\/td>\n<\/tr>\n<tr>\n<td>25.mai<\/td>\n<td>Treningsstevne<\/td>\n<td>Nittedal IL<\/td>\n<td>25.mai<\/td>\n<td><a href=\"https:\/\/isonen.no\/event\/claayxuw758047011dan4iac1wn\/\">iSonen | Treningsstevne<\/a><\/td>\n<\/tr>\n<tr>\n<td>25.mai<\/td>\n<td width=\"197\">Bislett-lekene<\/td>\n<td>SK Vidar<\/td>\n<td>22.mai<\/td>\n<td><a href=\"https:\/\/isonen.no\/event\/clguobt0712595201d0as7nq3vn\/\">iSonen | Bislett-lekene<\/a><\/td>\n<\/tr>\n<tr>\n<td>30.mai<\/td>\n<td width=\"197\">KM i stafetter<\/td>\n<td>Lambertseter IF<\/td>\n<td>28.mai<\/td>\n<td><a href=\"https:\/\/isonen.no\/event\/cl94j8hco32960013hvebbd77h0\/\">iSonen | KM i stafetter p\u00e5 Lambertseter Stadion<\/a><\/td>\n<\/tr>\n<tr>\n<td>01.jun<\/td>\n<td>Lengdestevne p\u00e5 Rud<\/td>\n<td>Tyrving IL<\/td>\n<td>01.jun<\/td>\n<td><a href=\"https:\/\/isonen.no\/event\/clckfz9su61226311cud8nyrrji\/\">iSonen | Klubbstevne &#8211; Lengde<\/a><\/td>\n<\/tr>\n<tr>\n<td>02.jun<\/td>\n<td width=\"197\">Tjalvelekene 2023<\/td>\n<td>Tjalve, IK<\/td>\n<td>28.mai<\/td>\n<td><a href=\"https:\/\/isonen.no\/event\/cl8lewikx38669315njzmn612tk\/\">iSonen | Tjalvelekene 2023<\/a><\/td>\n<\/tr>\n<tr>\n<td>08.jun<\/td>\n<td width=\"197\">UKI-karusellen 2023 L\u00f8p 3<\/td>\n<td>Ullensaker\/Kisa IL<\/td>\n<td>08.jun<\/td>\n<td><a href=\"https:\/\/isonen.no\/event\/cl9l0qr8k46966911fs8ur39c00\/\">iSonen | UKI-karusellen 2023 L\u00f8p 3 &#8211; mosjonsl\u00f8p f\u00f8r 1500 m Elite<\/a><\/td>\n<\/tr>\n<tr>\n<td>08.jun<\/td>\n<td width=\"197\">Junistevne i \u00c5s<\/td>\n<td>\u00c5s IL<\/td>\n<td>06.jun<\/td>\n<td><a href=\"https:\/\/isonen.no\/event\/clasbimuy19067311fsql0h04za\/\">https:\/\/isonen.no\/event\/clasbimuy19067311fsql0h04za\/<\/a><\/td>\n<\/tr>\n<tr>\n<td>14.jun<\/td>\n<td width=\"197\">Tyrvinglekene JR.(t.o.m.12 \u00e5r)<\/td>\n<td>Tyrving IL<\/td>\n<td><\/td>\n<td>P\u00e5melding ved fremm\u00f8te<\/td>\n<\/tr>\n<tr>\n<td>16-18.jun<\/td>\n<td width=\"197\">Oslo Sportslager Tyrvinglekene<\/td>\n<td>Tyrving IL<\/td>\n<td>08.jun<\/td>\n<td><a href=\"https:\/\/isonen.no\/event\/clf0ywf2v20364801dgrvx3frfr\/\">iSonen | Oslo Sportslager Tyrvinglekene<\/a><\/td>\n<\/tr>\n<tr>\n<td>20.jun<\/td>\n<td width=\"197\">Banestevne<\/td>\n<td>Ski IL<\/td>\n<td>\u00c5pner 1.06<\/td>\n<td><a href=\"https:\/\/isonen.no\/event\/cl9azh8ee35725413e5t9w5j4g9\/\">iSonen | Banestevne<\/a><\/td>\n<\/tr>\n<tr>\n<td>21.jun<\/td>\n<td>Banestevne<\/td>\n<td>Ski IL<\/td>\n<td>\u00c5pner 7.06<\/td>\n<td><a href=\"https:\/\/isonen.no\/event\/cl9azp1w437587013ebvxrkuq4b\/\">iSonen | Banestevne<\/a><\/td>\n<\/tr>\n<tr>\n<td>22.jun<\/td>\n<td width=\"197\">Nasjonalt l\u00f8psstevne<\/td>\n<td>Nittedal IL<\/td>\n<td>18.jun<\/td>\n<td><a href=\"https:\/\/isonen.no\/event\/cl93yq1l58265013ijgtfuzzpe\/\">iSonen | Nasjonalt l\u00f8psstevne<\/a><\/td>\n<\/tr>\n<tr>\n<td>23.jun<\/td>\n<td>Veteran NM<\/td>\n<td>Modum FIK<\/td>\n<td>13.jun<\/td>\n<td><a href=\"https:\/\/isonen.no\/event\/clcz29fgx30699211g2p477jjed\/\">iSonen | Veteran NM friidrett<\/a><\/td>\n<\/tr>\n<tr>\n<td>28.jun<\/td>\n<td width=\"197\">Boysen Memorial<\/td>\n<td>Tjalve, IK<\/td>\n<td>19.jun<\/td>\n<td><a href=\"https:\/\/isonen.no\/event\/cl8lezuzm32465516nk78go9za8\/\">iSonen | Boysen Memorial 2023<\/a><\/td>\n<\/tr>\n<\/tbody>\n<\/table>\n<p>&nbsp;<\/p>\n","protected":false},"excerpt":{"rendered":"N\u00e5 er det bare \u00e5 melde seg p\u00e5 stevner framover.\u00a0 N\u00e5 er tid for \u00e5 se om vinterens trening har gitt resultater i forhold til raskere l\u00f8p og\/eller lengre hopp og kast.\u00a0 Meld deg!\u00a0 Husk at deltakelse i ba&#8230;","protected":false},"author":2,"featured_media":23654,"comment_status":"closed","ping_status":"open","sticky":false,"template":"","format":"standard","meta":{"footnotes":"","_jetpack_memberships_contains_paid_content":false},"categories":[1],"tags":[],"acf":[],"yoast_head":"<!-- This site is optimized with the Yoast SEO plugin v21.2 - https:\/\/yoast.com\/wordpress\/plugins\/seo\/ -->\n<title>Stevnesesongen ute er i full gang! - Tyrving - Friidrett<\/title>\n<meta name=\"robots\" content=\"index, follow, max-snippet:-1, max-image-preview:large, max-video-preview:-1\" \/>\n<link rel=\"canonical\" href=\"https:\/\/tyrving.idrett.no\/10\/f\/2023\/04\/30\/stevnesesongen-ute-er-i-full-gang\/\" \/>\n<meta property=\"og:locale\" content=\"nb_NO\" \/>\n<meta property=\"og:type\" content=\"article\" \/>\n<meta property=\"og:title\" content=\"Stevnesesongen ute er i full gang! - Tyrving - Friidrett\" \/>\n<meta property=\"og:description\" content=\"N\u00e5 er det bare \u00e5 melde seg p\u00e5 stevner framover.\u00a0 N\u00e5 er tid for \u00e5 se om vinterens trening har gitt resultater i forhold til raskere l\u00f8p og\/eller lengre hopp og kast.\u00a0 Meld deg!\u00a0 Husk at deltakelse i ba...\" \/>\n<meta property=\"og:url\" content=\"https:\/\/tyrving.idrett.no\/10\/f\/2023\/04\/30\/stevnesesongen-ute-er-i-full-gang\/\" \/>\n<meta property=\"og:site_name\" content=\"Tyrving - Friidrett\" \/>\n<meta property=\"article:published_time\" content=\"2023-04-30T15:45:38+00:00\" \/>\n<meta property=\"article:modified_time\" content=\"2023-04-30T15:45:39+00:00\" \/>\n<meta property=\"og:image\" content=\"https:\/\/tyrving.idrett.no\/10\/f\/files\/2022\/08\/DSC_6002-518-scaled.jpg\" \/>\n\t<meta property=\"og:image:width\" content=\"2560\" \/>\n\t<meta property=\"og:image:height\" content=\"1707\" \/>\n\t<meta property=\"og:image:type\" content=\"image\/jpeg\" \/>\n<meta name=\"author\" content=\"Kirsten Larsen\" \/>\n<meta name=\"twitter:card\" content=\"summary_large_image\" \/>\n<meta name=\"twitter:label1\" content=\"Skrevet av\" \/>\n\t<meta name=\"twitter:data1\" content=\"Kirsten Larsen\" \/>\n\t<meta name=\"twitter:label2\" content=\"Ansl. lesetid\" \/>\n\t<meta name=\"twitter:data2\" content=\"2 minutter\" \/>\n<script type=\"application\/ld+json\" class=\"yoast-schema-graph\">{\"@context\":\"https:\/\/schema.org\",\"@graph\":[{\"@type\":\"Article\",\"@id\":\"https:\/\/tyrving.idrett.no\/10\/f\/2023\/04\/30\/stevnesesongen-ute-er-i-full-gang\/#article\",\"isPartOf\":{\"@id\":\"https:\/\/tyrving.idrett.no\/10\/f\/2023\/04\/30\/stevnesesongen-ute-er-i-full-gang\/\"},\"author\":{\"name\":\"Kirsten Larsen\",\"@id\":\"https:\/\/tyrving.idrett.no\/10\/f\/#\/schema\/person\/9d33b15b4997b99c21c6e0b044d8bfd3\"},\"headline\":\"Stevnesesongen ute er i full gang!\",\"datePublished\":\"2023-04-30T15:45:38+00:00\",\"dateModified\":\"2023-04-30T15:45:39+00:00\",\"mainEntityOfPage\":{\"@id\":\"https:\/\/tyrving.idrett.no\/10\/f\/2023\/04\/30\/stevnesesongen-ute-er-i-full-gang\/\"},\"wordCount\":374,\"publisher\":{\"@id\":\"https:\/\/tyrving.idrett.no\/10\/f\/#organization\"},\"articleSection\":[\"Nyheter\"],\"inLanguage\":\"nb-NO\"},{\"@type\":\"WebPage\",\"@id\":\"https:\/\/tyrving.idrett.no\/10\/f\/2023\/04\/30\/stevnesesongen-ute-er-i-full-gang\/\",\"url\":\"https:\/\/tyrving.idrett.no\/10\/f\/2023\/04\/30\/stevnesesongen-ute-er-i-full-gang\/\",\"name\":\"Stevnesesongen ute er i full gang! - Tyrving - Friidrett\",\"isPartOf\":{\"@id\":\"https:\/\/tyrving.idrett.no\/10\/f\/#website\"},\"datePublished\":\"2023-04-30T15:45:38+00:00\",\"dateModified\":\"2023-04-30T15:45:39+00:00\",\"breadcrumb\":{\"@id\":\"https:\/\/tyrving.idrett.no\/10\/f\/2023\/04\/30\/stevnesesongen-ute-er-i-full-gang\/#breadcrumb\"},\"inLanguage\":\"nb-NO\",\"potentialAction\":[{\"@type\":\"ReadAction\",\"target\":[\"https:\/\/tyrving.idrett.no\/10\/f\/2023\/04\/30\/stevnesesongen-ute-er-i-full-gang\/\"]}]},{\"@type\":\"BreadcrumbList\",\"@id\":\"https:\/\/tyrving.idrett.no\/10\/f\/2023\/04\/30\/stevnesesongen-ute-er-i-full-gang\/#breadcrumb\",\"itemListElement\":[{\"@type\":\"ListItem\",\"position\":1,\"name\":\"Hjem\",\"item\":\"https:\/\/tyrving.idrett.no\/10\/f\/\"},{\"@type\":\"ListItem\",\"position\":2,\"name\":\"Stevnesesongen ute er i full gang!\"}]},{\"@type\":\"WebSite\",\"@id\":\"https:\/\/tyrving.idrett.no\/10\/f\/#website\",\"url\":\"https:\/\/tyrving.idrett.no\/10\/f\/\",\"name\":\"Tyrving - Friidrett\",\"description\":\"Friidrettsgruppa\",\"publisher\":{\"@id\":\"https:\/\/tyrving.idrett.no\/10\/f\/#organization\"},\"potentialAction\":[{\"@type\":\"SearchAction\",\"target\":{\"@type\":\"EntryPoint\",\"urlTemplate\":\"https:\/\/tyrving.idrett.no\/10\/f\/?s={search_term_string}\"},\"query-input\":\"required name=search_term_string\"}],\"inLanguage\":\"nb-NO\"},{\"@type\":\"Organization\",\"@id\":\"https:\/\/tyrving.idrett.no\/10\/f\/#organization\",\"name\":\"Tyrving Friidrettsgruppa\",\"url\":\"https:\/\/tyrving.idrett.no\/10\/f\/\",\"logo\":{\"@type\":\"ImageObject\",\"inLanguage\":\"nb-NO\",\"@id\":\"https:\/\/tyrving.idrett.no\/10\/f\/#\/schema\/logo\/image\/\",\"url\":\"https:\/\/tyrving.idrett.no\/10\/f\/files\/2019\/04\/Tyrving-Logo-Friidrett-2019.jpg\",\"contentUrl\":\"https:\/\/tyrving.idrett.no\/10\/f\/files\/2019\/04\/Tyrving-Logo-Friidrett-2019.jpg\",\"width\":460,\"height\":360,\"caption\":\"Tyrving Friidrettsgruppa\"},\"image\":{\"@id\":\"https:\/\/tyrving.idrett.no\/10\/f\/#\/schema\/logo\/image\/\"}},{\"@type\":\"Person\",\"@id\":\"https:\/\/tyrving.idrett.no\/10\/f\/#\/schema\/person\/9d33b15b4997b99c21c6e0b044d8bfd3\",\"name\":\"Kirsten Larsen\",\"image\":{\"@type\":\"ImageObject\",\"inLanguage\":\"nb-NO\",\"@id\":\"https:\/\/tyrving.idrett.no\/10\/f\/#\/schema\/person\/image\/\",\"url\":\"https:\/\/secure.gravatar.com\/avatar\/2924b58c2b807e7f70945c639540a744?s=96&d=mm&r=g\",\"contentUrl\":\"https:\/\/secure.gravatar.com\/avatar\/2924b58c2b807e7f70945c639540a744?s=96&d=mm&r=g\",\"caption\":\"Kirsten Larsen\"}}]}<\/script>\n<!-- \/ Yoast SEO plugin. -->","yoast_head_json":{"title":"Stevnesesongen ute er i full gang! - Tyrving - Friidrett","robots":{"index":"index","follow":"follow","max-snippet":"max-snippet:-1","max-image-preview":"max-image-preview:large","max-video-preview":"max-video-preview:-1"},"canonical":"https:\/\/tyrving.idrett.no\/10\/f\/2023\/04\/30\/stevnesesongen-ute-er-i-full-gang\/","og_locale":"nb_NO","og_type":"article","og_title":"Stevnesesongen ute er i full gang! - Tyrving - Friidrett","og_description":"N\u00e5 er det bare \u00e5 melde seg p\u00e5 stevner framover.\u00a0 N\u00e5 er tid for \u00e5 se om vinterens trening har gitt resultater i forhold til raskere l\u00f8p og\/eller lengre hopp og kast.\u00a0 Meld deg!\u00a0 Husk at deltakelse i ba...","og_url":"https:\/\/tyrving.idrett.no\/10\/f\/2023\/04\/30\/stevnesesongen-ute-er-i-full-gang\/","og_site_name":"Tyrving - Friidrett","article_published_time":"2023-04-30T15:45:38+00:00","article_modified_time":"2023-04-30T15:45:39+00:00","og_image":[{"width":2560,"height":1707,"url":"https:\/\/tyrving.idrett.no\/10\/f\/files\/2022\/08\/DSC_6002-518-scaled.jpg","type":"image\/jpeg"}],"author":"Kirsten Larsen","twitter_card":"summary_large_image","twitter_misc":{"Skrevet av":"Kirsten Larsen","Ansl. lesetid":"2 minutter"},"schema":{"@context":"https:\/\/schema.org","@graph":[{"@type":"Article","@id":"https:\/\/tyrving.idrett.no\/10\/f\/2023\/04\/30\/stevnesesongen-ute-er-i-full-gang\/#article","isPartOf":{"@id":"https:\/\/tyrving.idrett.no\/10\/f\/2023\/04\/30\/stevnesesongen-ute-er-i-full-gang\/"},"author":{"name":"Kirsten Larsen","@id":"https:\/\/tyrving.idrett.no\/10\/f\/#\/schema\/person\/9d33b15b4997b99c21c6e0b044d8bfd3"},"headline":"Stevnesesongen ute er i full gang!","datePublished":"2023-04-30T15:45:38+00:00","dateModified":"2023-04-30T15:45:39+00:00","mainEntityOfPage":{"@id":"https:\/\/tyrving.idrett.no\/10\/f\/2023\/04\/30\/stevnesesongen-ute-er-i-full-gang\/"},"wordCount":374,"publisher":{"@id":"https:\/\/tyrving.idrett.no\/10\/f\/#organization"},"articleSection":["Nyheter"],"inLanguage":"nb-NO"},{"@type":"WebPage","@id":"https:\/\/tyrving.idrett.no\/10\/f\/2023\/04\/30\/stevnesesongen-ute-er-i-full-gang\/","url":"https:\/\/tyrving.idrett.no\/10\/f\/2023\/04\/30\/stevnesesongen-ute-er-i-full-gang\/","name":"Stevnesesongen ute er i full gang! - Tyrving - Friidrett","isPartOf":{"@id":"https:\/\/tyrving.idrett.no\/10\/f\/#website"},"datePublished":"2023-04-30T15:45:38+00:00","dateModified":"2023-04-30T15:45:39+00:00","breadcrumb":{"@id":"https:\/\/tyrving.idrett.no\/10\/f\/2023\/04\/30\/stevnesesongen-ute-er-i-full-gang\/#breadcrumb"},"inLanguage":"nb-NO","potentialAction":[{"@type":"ReadAction","target":["https:\/\/tyrving.idrett.no\/10\/f\/2023\/04\/30\/stevnesesongen-ute-er-i-full-gang\/"]}]},{"@type":"BreadcrumbList","@id":"https:\/\/tyrving.idrett.no\/10\/f\/2023\/04\/30\/stevnesesongen-ute-er-i-full-gang\/#breadcrumb","itemListElement":[{"@type":"ListItem","position":1,"name":"Hjem","item":"https:\/\/tyrving.idrett.no\/10\/f\/"},{"@type":"ListItem","position":2,"name":"Stevnesesongen ute er i full gang!"}]},{"@type":"WebSite","@id":"https:\/\/tyrving.idrett.no\/10\/f\/#website","url":"https:\/\/tyrving.idrett.no\/10\/f\/","name":"Tyrving - Friidrett","description":"Friidrettsgruppa","publisher":{"@id":"https:\/\/tyrving.idrett.no\/10\/f\/#organization"},"potentialAction":[{"@type":"SearchAction","target":{"@type":"EntryPoint","urlTemplate":"https:\/\/tyrving.idrett.no\/10\/f\/?s={search_term_string}"},"query-input":"required name=search_term_string"}],"inLanguage":"nb-NO"},{"@type":"Organization","@id":"https:\/\/tyrving.idrett.no\/10\/f\/#organization","name":"Tyrving Friidrettsgruppa","url":"https:\/\/tyrving.idrett.no\/10\/f\/","logo":{"@type":"ImageObject","inLanguage":"nb-NO","@id":"https:\/\/tyrving.idrett.no\/10\/f\/#\/schema\/logo\/image\/","url":"https:\/\/tyrving.idrett.no\/10\/f\/files\/2019\/04\/Tyrving-Logo-Friidrett-2019.jpg","contentUrl":"https:\/\/tyrving.idrett.no\/10\/f\/files\/2019\/04\/Tyrving-Logo-Friidrett-2019.jpg","width":460,"height":360,"caption":"Tyrving Friidrettsgruppa"},"image":{"@id":"https:\/\/tyrving.idrett.no\/10\/f\/#\/schema\/logo\/image\/"}},{"@type":"Person","@id":"https:\/\/tyrving.idrett.no\/10\/f\/#\/schema\/person\/9d33b15b4997b99c21c6e0b044d8bfd3","name":"Kirsten Larsen","image":{"@type":"ImageObject","inLanguage":"nb-NO","@id":"https:\/\/tyrving.idrett.no\/10\/f\/#\/schema\/person\/image\/","url":"https:\/\/secure.gravatar.com\/avatar\/2924b58c2b807e7f70945c639540a744?s=96&d=mm&r=g","contentUrl":"https:\/\/secure.gravatar.com\/avatar\/2924b58c2b807e7f70945c639540a744?s=96&d=mm&r=g","caption":"Kirsten Larsen"}}]}},"jetpack_sharing_enabled":true,"jetpack_featured_media_url":"https:\/\/tyrving.idrett.no\/10\/f\/files\/2022\/08\/DSC_6002-518-scaled.jpg","_links":{"self":[{"href":"https:\/\/tyrving.idrett.no\/10\/f\/wp-json\/wp\/v2\/posts\/24551"}],"collection":[{"href":"https:\/\/tyrving.idrett.no\/10\/f\/wp-json\/wp\/v2\/posts"}],"about":[{"href":"https:\/\/tyrving.idrett.no\/10\/f\/wp-json\/wp\/v2\/types\/post"}],"author":[{"embeddable":true,"href":"https:\/\/tyrving.idrett.no\/10\/f\/wp-json\/wp\/v2\/users\/2"}],"replies":[{"embeddable":true,"href":"https:\/\/tyrving.idrett.no\/10\/f\/wp-json\/wp\/v2\/comments?post=24551"}],"version-history":[{"count":3,"href":"https:\/\/tyrving.idrett.no\/10\/f\/wp-json\/wp\/v2\/posts\/24551\/revisions"}],"predecessor-version":[{"id":24555,"href":"https:\/\/tyrving.idrett.no\/10\/f\/wp-json\/wp\/v2\/posts\/24551\/revisions\/24555"}],"wp:featuredmedia":[{"embeddable":true,"href":"https:\/\/tyrving.idrett.no\/10\/f\/wp-json\/wp\/v2\/media\/23654"}],"wp:attachment":[{"href":"https:\/\/tyrving.idrett.no\/10\/f\/wp-json\/wp\/v2\/media?parent=24551"}],"wp:term":[{"taxonomy":"category","embeddable":true,"href":"https:\/\/tyrving.idrett.no\/10\/f\/wp-json\/wp\/v2\/categories?post=24551"},{"taxonomy":"post_tag","embeddable":true,"href":"https:\/\/tyrving.idrett.no\/10\/f\/wp-json\/wp\/v2\/tags?post=24551"}],"curies":[{"name":"wp","href":"https:\/\/api.w.org\/{rel}","templated":true}]}}