{"id":24828,"date":"2023-08-27T04:14:18","date_gmt":"2023-08-27T02:14:18","guid":{"rendered":"https:\/\/tyrving.idrett.no\/10\/f\/?p=24828"},"modified":"2023-08-27T04:14:18","modified_gmt":"2023-08-27T02:14:18","slug":"gull-til-sigmund-pa-jr-nm","status":"publish","type":"post","link":"https:\/\/tyrving.idrett.no\/10\/f\/2023\/08\/27\/gull-til-sigmund-pa-jr-nm\/","title":{"rendered":"Gull til Sigmund p\u00e5 jr.NM"},"content":{"rendered":"<p>&nbsp;<\/p>\n<p>Sigmund Le Fjeld sto for den beste Tyrving-prestasjonen da han vant tresteg i U20-klassen.\u00a0 Sigmunds lengste hopp var p\u00e5 13,54.\u00a0 P\u00e5 bildet over er Sigmund sammen med s\u00f8lvvinner Tobias Heldal fra Fana og Thomas Biermann fra BUL som ble nr. 3. Ogs\u00e5 Simen Gimnes hoppet langt i tresteg, og med resultatet 13,40 ble det s\u00f8lv i U23-klassen.\u00a0 De to siste Tyrving-ut\u00f8verne som fikk medalje l\u00f8rdag, var Kristine Moland Leiknes i lengde (5,34) og Sigurd Clementsen p\u00e5 400m hekk (57,75).\u00a0 Begge deltar i U23-klassen.<\/p>\n<p>&nbsp;<\/p>\n<p><strong>Dette var l\u00f8rdagens Tyrving-resultater:\u00a0<\/strong><\/p>\n<table width=\"614\">\n<tbody>\n<tr>\n<td width=\"49\">1<\/td>\n<td width=\"225\">Sigmund Le Fjeld<\/td>\n<td width=\"245\">Tresteg &#8211; Menn u20<\/td>\n<td width=\"95\">13,54 (-0,7)<\/td>\n<\/tr>\n<tr>\n<td>2<\/td>\n<td width=\"225\">Simen Gimnes<\/td>\n<td width=\"245\">Tresteg &#8211; Menn u23<\/td>\n<td>13,40 (0,1)<\/td>\n<\/tr>\n<tr>\n<td>3<\/td>\n<td width=\"225\">Kristine Moland Leiknes<\/td>\n<td width=\"245\">Lengde &#8211; Kvinner u23<\/td>\n<td>5,34 (0,2)<\/td>\n<\/tr>\n<tr>\n<td>3<\/td>\n<td width=\"225\">Sigurd Clementsen<\/td>\n<td width=\"245\">400 meter hekk &#8211; Menn u23<\/td>\n<td>57,75<\/td>\n<\/tr>\n<tr>\n<td>4<\/td>\n<td width=\"225\">Camilla Dahl Kristiansen<\/td>\n<td width=\"245\">400 meter &#8211; Kvinner u20<\/td>\n<td>57,02<\/td>\n<\/tr>\n<tr>\n<td>5<\/td>\n<td width=\"225\">Anastasia Charlotte Schnell<\/td>\n<td width=\"245\">Lengde &#8211; Kvinner u23<\/td>\n<td>4,97 (-1,1)<\/td>\n<\/tr>\n<tr>\n<td>5<\/td>\n<td width=\"225\">Mille Baastad Berg<\/td>\n<td width=\"245\">400 meter &#8211; Kvinner u20<\/td>\n<td>60,30<\/td>\n<\/tr>\n<tr>\n<td>10<\/td>\n<td width=\"225\">Linnea Hove L\u00e5hne<\/td>\n<td width=\"245\">1500 meter &#8211; Kvinner u20<\/td>\n<td>4,44,26<\/td>\n<\/tr>\n<tr>\n<td>10<\/td>\n<td width=\"225\">Sigrid Alvik<\/td>\n<td width=\"245\">1500 meter &#8211; Kvinner u23<\/td>\n<td>4,36,13<\/td>\n<\/tr>\n<tr>\n<td><\/td>\n<td width=\"225\">Axel Andreas Mj\u00f8r<\/td>\n<td width=\"245\">200 meter &#8211; Menn u20<\/td>\n<td>23,32 (0,8)<\/td>\n<\/tr>\n<tr>\n<td><\/td>\n<td width=\"225\">Benjamin Carlsen-Brown<\/td>\n<td width=\"245\">200 meter &#8211; Menn u20<\/td>\n<td>23,66 (0,9)<\/td>\n<\/tr>\n<tr>\n<td><\/td>\n<td width=\"225\">Camilla Dahl Kristiansen<\/td>\n<td width=\"245\">200 meter &#8211; Kvinner u20<\/td>\n<td>DNS<\/td>\n<\/tr>\n<tr>\n<td><\/td>\n<td width=\"225\">Eline Folvik<\/td>\n<td width=\"245\">200 meter &#8211; Kvinner u20<\/td>\n<td>26,45 (0,8)<\/td>\n<\/tr>\n<tr>\n<td><\/td>\n<td width=\"225\">Franz Philip Pap Holmen<\/td>\n<td width=\"245\">200 meter &#8211; Menn u20<\/td>\n<td>23,15 (0,9)<\/td>\n<\/tr>\n<tr>\n<td><\/td>\n<td width=\"225\">Kaja Carlsen-Brown<\/td>\n<td width=\"245\">200 meter &#8211; Kvinner u20<\/td>\n<td>27,23 (1,3)<\/td>\n<\/tr>\n<tr>\n<td><\/td>\n<td width=\"225\">Kaja Carlsen-Brown<\/td>\n<td width=\"245\">Tresteg &#8211; Kvinner u20<\/td>\n<td>10,99 (0,2)<\/td>\n<\/tr>\n<tr>\n<td><\/td>\n<td width=\"225\">Lewis Alexander Kjemhus<\/td>\n<td width=\"245\">800 meter &#8211; Menn u20<\/td>\n<td>2,00,14<\/td>\n<\/tr>\n<tr>\n<td><\/td>\n<td width=\"225\">Lina Svarlien<\/td>\n<td width=\"245\">Tresteg &#8211; Kvinner u20<\/td>\n<td>11,28 (0,9)\/Q Fi<\/td>\n<\/tr>\n<tr>\n<td><\/td>\n<td width=\"225\">Markus Le Fjeld<\/td>\n<td width=\"245\">200 meter &#8211; Menn u20<\/td>\n<td>DNS<\/td>\n<\/tr>\n<tr>\n<td><\/td>\n<td width=\"225\">Martin W. Hoff Gj\u00f8rvad<\/td>\n<td width=\"245\">200 meter &#8211; Menn u20<\/td>\n<td>23,63 (0,4)<\/td>\n<\/tr>\n<tr>\n<td><\/td>\n<td width=\"225\">Mille Baastad Berg<\/td>\n<td width=\"245\">200 meter &#8211; Kvinner u20<\/td>\n<td>25,86 (1,3)\/Q Fi<\/td>\n<\/tr>\n<tr>\n<td><\/td>\n<td width=\"225\">Sigmund Le Fjeld<\/td>\n<td width=\"245\">200 meter &#8211; Menn u20<\/td>\n<td>23,16 (0,8)<\/td>\n<\/tr>\n<tr>\n<td><\/td>\n<td width=\"225\">Sigurd Clementsen<\/td>\n<td width=\"245\">200 meter &#8211; Menn u23<\/td>\n<td>DNS<\/td>\n<\/tr>\n<tr>\n<td><\/td>\n<td width=\"225\">Sigurd Clementsen<\/td>\n<td width=\"245\">400 meter &#8211; Menn u23<\/td>\n<td>DNS<\/td>\n<\/tr>\n<tr>\n<td><\/td>\n<td width=\"225\">Sophia Oliva Borgen<\/td>\n<td width=\"245\">Tresteg &#8211; Kvinner u20<\/td>\n<td>10,63 (0,2)<\/td>\n<\/tr>\n<tr>\n<td><\/td>\n<td width=\"225\">Sophia Oliva Borgen<\/td>\n<td width=\"245\">Lengde &#8211; Kvinner u20<\/td>\n<td>4,84 (0,2)<\/td>\n<\/tr>\n<tr>\n<td><\/td>\n<td width=\"225\">Teodor Miller<\/td>\n<td width=\"245\">200 meter &#8211; Menn u20<\/td>\n<td>23,93 (0,8)<\/td>\n<\/tr>\n<\/tbody>\n<\/table>\n<p>&nbsp;<\/p>\n<p>&nbsp;<\/p>\n","protected":false},"excerpt":{"rendered":"&nbsp; Sigmund Le Fjeld sto for den beste Tyrving-prestasjonen da han vant tresteg i U20-klassen.\u00a0 Sigmunds lengste hopp var p\u00e5 13,54.\u00a0 P\u00e5 bildet over er Sigmund sammen med s\u00f8lvvinner Tobias Heldal fr&#8230;","protected":false},"author":2,"featured_media":24830,"comment_status":"closed","ping_status":"open","sticky":false,"template":"","format":"standard","meta":{"footnotes":"","_jetpack_memberships_contains_paid_content":false},"categories":[1],"tags":[],"acf":[],"yoast_head":"<!-- This site is optimized with the Yoast SEO plugin v21.2 - https:\/\/yoast.com\/wordpress\/plugins\/seo\/ -->\n<title>Gull til Sigmund p\u00e5 jr.NM - Tyrving - Friidrett<\/title>\n<meta name=\"robots\" content=\"index, follow, max-snippet:-1, max-image-preview:large, max-video-preview:-1\" \/>\n<link rel=\"canonical\" href=\"https:\/\/tyrving.idrett.no\/10\/f\/2023\/08\/27\/gull-til-sigmund-pa-jr-nm\/\" \/>\n<meta property=\"og:locale\" content=\"nb_NO\" \/>\n<meta property=\"og:type\" content=\"article\" \/>\n<meta property=\"og:title\" content=\"Gull til Sigmund p\u00e5 jr.NM - Tyrving - Friidrett\" \/>\n<meta property=\"og:description\" content=\"&nbsp; Sigmund Le Fjeld sto for den beste Tyrving-prestasjonen da han vant tresteg i U20-klassen.\u00a0 Sigmunds lengste hopp var p\u00e5 13,54.\u00a0 P\u00e5 bildet over er Sigmund sammen med s\u00f8lvvinner Tobias Heldal fr...\" \/>\n<meta property=\"og:url\" content=\"https:\/\/tyrving.idrett.no\/10\/f\/2023\/08\/27\/gull-til-sigmund-pa-jr-nm\/\" \/>\n<meta property=\"og:site_name\" content=\"Tyrving - Friidrett\" \/>\n<meta property=\"article:published_time\" content=\"2023-08-27T02:14:18+00:00\" \/>\n<meta property=\"og:image\" content=\"https:\/\/tyrving.idrett.no\/10\/f\/files\/2023\/08\/image0000021-1.jpg\" \/>\n\t<meta property=\"og:image:width\" content=\"1600\" \/>\n\t<meta property=\"og:image:height\" content=\"900\" \/>\n\t<meta property=\"og:image:type\" content=\"image\/jpeg\" \/>\n<meta name=\"author\" content=\"Kirsten Larsen\" \/>\n<meta name=\"twitter:card\" content=\"summary_large_image\" \/>\n<meta name=\"twitter:label1\" content=\"Skrevet av\" \/>\n\t<meta name=\"twitter:data1\" content=\"Kirsten Larsen\" \/>\n\t<meta name=\"twitter:label2\" content=\"Ansl. lesetid\" \/>\n\t<meta name=\"twitter:data2\" content=\"2 minutter\" \/>\n<script type=\"application\/ld+json\" class=\"yoast-schema-graph\">{\"@context\":\"https:\/\/schema.org\",\"@graph\":[{\"@type\":\"Article\",\"@id\":\"https:\/\/tyrving.idrett.no\/10\/f\/2023\/08\/27\/gull-til-sigmund-pa-jr-nm\/#article\",\"isPartOf\":{\"@id\":\"https:\/\/tyrving.idrett.no\/10\/f\/2023\/08\/27\/gull-til-sigmund-pa-jr-nm\/\"},\"author\":{\"name\":\"Kirsten Larsen\",\"@id\":\"https:\/\/tyrving.idrett.no\/10\/f\/#\/schema\/person\/9d33b15b4997b99c21c6e0b044d8bfd3\"},\"headline\":\"Gull til Sigmund p\u00e5 jr.NM\",\"datePublished\":\"2023-08-27T02:14:18+00:00\",\"dateModified\":\"2023-08-27T02:14:18+00:00\",\"mainEntityOfPage\":{\"@id\":\"https:\/\/tyrving.idrett.no\/10\/f\/2023\/08\/27\/gull-til-sigmund-pa-jr-nm\/\"},\"wordCount\":294,\"publisher\":{\"@id\":\"https:\/\/tyrving.idrett.no\/10\/f\/#organization\"},\"articleSection\":[\"Nyheter\"],\"inLanguage\":\"nb-NO\"},{\"@type\":\"WebPage\",\"@id\":\"https:\/\/tyrving.idrett.no\/10\/f\/2023\/08\/27\/gull-til-sigmund-pa-jr-nm\/\",\"url\":\"https:\/\/tyrving.idrett.no\/10\/f\/2023\/08\/27\/gull-til-sigmund-pa-jr-nm\/\",\"name\":\"Gull til Sigmund p\u00e5 jr.NM - Tyrving - Friidrett\",\"isPartOf\":{\"@id\":\"https:\/\/tyrving.idrett.no\/10\/f\/#website\"},\"datePublished\":\"2023-08-27T02:14:18+00:00\",\"dateModified\":\"2023-08-27T02:14:18+00:00\",\"breadcrumb\":{\"@id\":\"https:\/\/tyrving.idrett.no\/10\/f\/2023\/08\/27\/gull-til-sigmund-pa-jr-nm\/#breadcrumb\"},\"inLanguage\":\"nb-NO\",\"potentialAction\":[{\"@type\":\"ReadAction\",\"target\":[\"https:\/\/tyrving.idrett.no\/10\/f\/2023\/08\/27\/gull-til-sigmund-pa-jr-nm\/\"]}]},{\"@type\":\"BreadcrumbList\",\"@id\":\"https:\/\/tyrving.idrett.no\/10\/f\/2023\/08\/27\/gull-til-sigmund-pa-jr-nm\/#breadcrumb\",\"itemListElement\":[{\"@type\":\"ListItem\",\"position\":1,\"name\":\"Hjem\",\"item\":\"https:\/\/tyrving.idrett.no\/10\/f\/\"},{\"@type\":\"ListItem\",\"position\":2,\"name\":\"Gull til Sigmund p\u00e5 jr.NM\"}]},{\"@type\":\"WebSite\",\"@id\":\"https:\/\/tyrving.idrett.no\/10\/f\/#website\",\"url\":\"https:\/\/tyrving.idrett.no\/10\/f\/\",\"name\":\"Tyrving - Friidrett\",\"description\":\"Friidrettsgruppa\",\"publisher\":{\"@id\":\"https:\/\/tyrving.idrett.no\/10\/f\/#organization\"},\"potentialAction\":[{\"@type\":\"SearchAction\",\"target\":{\"@type\":\"EntryPoint\",\"urlTemplate\":\"https:\/\/tyrving.idrett.no\/10\/f\/?s={search_term_string}\"},\"query-input\":\"required name=search_term_string\"}],\"inLanguage\":\"nb-NO\"},{\"@type\":\"Organization\",\"@id\":\"https:\/\/tyrving.idrett.no\/10\/f\/#organization\",\"name\":\"Tyrving Friidrettsgruppa\",\"url\":\"https:\/\/tyrving.idrett.no\/10\/f\/\",\"logo\":{\"@type\":\"ImageObject\",\"inLanguage\":\"nb-NO\",\"@id\":\"https:\/\/tyrving.idrett.no\/10\/f\/#\/schema\/logo\/image\/\",\"url\":\"https:\/\/tyrving.idrett.no\/10\/f\/files\/2019\/04\/Tyrving-Logo-Friidrett-2019.jpg\",\"contentUrl\":\"https:\/\/tyrving.idrett.no\/10\/f\/files\/2019\/04\/Tyrving-Logo-Friidrett-2019.jpg\",\"width\":460,\"height\":360,\"caption\":\"Tyrving Friidrettsgruppa\"},\"image\":{\"@id\":\"https:\/\/tyrving.idrett.no\/10\/f\/#\/schema\/logo\/image\/\"}},{\"@type\":\"Person\",\"@id\":\"https:\/\/tyrving.idrett.no\/10\/f\/#\/schema\/person\/9d33b15b4997b99c21c6e0b044d8bfd3\",\"name\":\"Kirsten Larsen\",\"image\":{\"@type\":\"ImageObject\",\"inLanguage\":\"nb-NO\",\"@id\":\"https:\/\/tyrving.idrett.no\/10\/f\/#\/schema\/person\/image\/\",\"url\":\"https:\/\/secure.gravatar.com\/avatar\/2924b58c2b807e7f70945c639540a744?s=96&d=mm&r=g\",\"contentUrl\":\"https:\/\/secure.gravatar.com\/avatar\/2924b58c2b807e7f70945c639540a744?s=96&d=mm&r=g\",\"caption\":\"Kirsten Larsen\"}}]}<\/script>\n<!-- \/ Yoast SEO plugin. -->","yoast_head_json":{"title":"Gull til Sigmund p\u00e5 jr.NM - Tyrving - Friidrett","robots":{"index":"index","follow":"follow","max-snippet":"max-snippet:-1","max-image-preview":"max-image-preview:large","max-video-preview":"max-video-preview:-1"},"canonical":"https:\/\/tyrving.idrett.no\/10\/f\/2023\/08\/27\/gull-til-sigmund-pa-jr-nm\/","og_locale":"nb_NO","og_type":"article","og_title":"Gull til Sigmund p\u00e5 jr.NM - Tyrving - Friidrett","og_description":"&nbsp; Sigmund Le Fjeld sto for den beste Tyrving-prestasjonen da han vant tresteg i U20-klassen.\u00a0 Sigmunds lengste hopp var p\u00e5 13,54.\u00a0 P\u00e5 bildet over er Sigmund sammen med s\u00f8lvvinner Tobias Heldal fr...","og_url":"https:\/\/tyrving.idrett.no\/10\/f\/2023\/08\/27\/gull-til-sigmund-pa-jr-nm\/","og_site_name":"Tyrving - Friidrett","article_published_time":"2023-08-27T02:14:18+00:00","og_image":[{"width":1600,"height":900,"url":"https:\/\/tyrving.idrett.no\/10\/f\/files\/2023\/08\/image0000021-1.jpg","type":"image\/jpeg"}],"author":"Kirsten Larsen","twitter_card":"summary_large_image","twitter_misc":{"Skrevet av":"Kirsten Larsen","Ansl. lesetid":"2 minutter"},"schema":{"@context":"https:\/\/schema.org","@graph":[{"@type":"Article","@id":"https:\/\/tyrving.idrett.no\/10\/f\/2023\/08\/27\/gull-til-sigmund-pa-jr-nm\/#article","isPartOf":{"@id":"https:\/\/tyrving.idrett.no\/10\/f\/2023\/08\/27\/gull-til-sigmund-pa-jr-nm\/"},"author":{"name":"Kirsten Larsen","@id":"https:\/\/tyrving.idrett.no\/10\/f\/#\/schema\/person\/9d33b15b4997b99c21c6e0b044d8bfd3"},"headline":"Gull til Sigmund p\u00e5 jr.NM","datePublished":"2023-08-27T02:14:18+00:00","dateModified":"2023-08-27T02:14:18+00:00","mainEntityOfPage":{"@id":"https:\/\/tyrving.idrett.no\/10\/f\/2023\/08\/27\/gull-til-sigmund-pa-jr-nm\/"},"wordCount":294,"publisher":{"@id":"https:\/\/tyrving.idrett.no\/10\/f\/#organization"},"articleSection":["Nyheter"],"inLanguage":"nb-NO"},{"@type":"WebPage","@id":"https:\/\/tyrving.idrett.no\/10\/f\/2023\/08\/27\/gull-til-sigmund-pa-jr-nm\/","url":"https:\/\/tyrving.idrett.no\/10\/f\/2023\/08\/27\/gull-til-sigmund-pa-jr-nm\/","name":"Gull til Sigmund p\u00e5 jr.NM - Tyrving - Friidrett","isPartOf":{"@id":"https:\/\/tyrving.idrett.no\/10\/f\/#website"},"datePublished":"2023-08-27T02:14:18+00:00","dateModified":"2023-08-27T02:14:18+00:00","breadcrumb":{"@id":"https:\/\/tyrving.idrett.no\/10\/f\/2023\/08\/27\/gull-til-sigmund-pa-jr-nm\/#breadcrumb"},"inLanguage":"nb-NO","potentialAction":[{"@type":"ReadAction","target":["https:\/\/tyrving.idrett.no\/10\/f\/2023\/08\/27\/gull-til-sigmund-pa-jr-nm\/"]}]},{"@type":"BreadcrumbList","@id":"https:\/\/tyrving.idrett.no\/10\/f\/2023\/08\/27\/gull-til-sigmund-pa-jr-nm\/#breadcrumb","itemListElement":[{"@type":"ListItem","position":1,"name":"Hjem","item":"https:\/\/tyrving.idrett.no\/10\/f\/"},{"@type":"ListItem","position":2,"name":"Gull til Sigmund p\u00e5 jr.NM"}]},{"@type":"WebSite","@id":"https:\/\/tyrving.idrett.no\/10\/f\/#website","url":"https:\/\/tyrving.idrett.no\/10\/f\/","name":"Tyrving - Friidrett","description":"Friidrettsgruppa","publisher":{"@id":"https:\/\/tyrving.idrett.no\/10\/f\/#organization"},"potentialAction":[{"@type":"SearchAction","target":{"@type":"EntryPoint","urlTemplate":"https:\/\/tyrving.idrett.no\/10\/f\/?s={search_term_string}"},"query-input":"required name=search_term_string"}],"inLanguage":"nb-NO"},{"@type":"Organization","@id":"https:\/\/tyrving.idrett.no\/10\/f\/#organization","name":"Tyrving Friidrettsgruppa","url":"https:\/\/tyrving.idrett.no\/10\/f\/","logo":{"@type":"ImageObject","inLanguage":"nb-NO","@id":"https:\/\/tyrving.idrett.no\/10\/f\/#\/schema\/logo\/image\/","url":"https:\/\/tyrving.idrett.no\/10\/f\/files\/2019\/04\/Tyrving-Logo-Friidrett-2019.jpg","contentUrl":"https:\/\/tyrving.idrett.no\/10\/f\/files\/2019\/04\/Tyrving-Logo-Friidrett-2019.jpg","width":460,"height":360,"caption":"Tyrving Friidrettsgruppa"},"image":{"@id":"https:\/\/tyrving.idrett.no\/10\/f\/#\/schema\/logo\/image\/"}},{"@type":"Person","@id":"https:\/\/tyrving.idrett.no\/10\/f\/#\/schema\/person\/9d33b15b4997b99c21c6e0b044d8bfd3","name":"Kirsten Larsen","image":{"@type":"ImageObject","inLanguage":"nb-NO","@id":"https:\/\/tyrving.idrett.no\/10\/f\/#\/schema\/person\/image\/","url":"https:\/\/secure.gravatar.com\/avatar\/2924b58c2b807e7f70945c639540a744?s=96&d=mm&r=g","contentUrl":"https:\/\/secure.gravatar.com\/avatar\/2924b58c2b807e7f70945c639540a744?s=96&d=mm&r=g","caption":"Kirsten Larsen"}}]}},"jetpack_sharing_enabled":true,"jetpack_featured_media_url":"https:\/\/tyrving.idrett.no\/10\/f\/files\/2023\/08\/image0000021-1.jpg","_links":{"self":[{"href":"https:\/\/tyrving.idrett.no\/10\/f\/wp-json\/wp\/v2\/posts\/24828"}],"collection":[{"href":"https:\/\/tyrving.idrett.no\/10\/f\/wp-json\/wp\/v2\/posts"}],"about":[{"href":"https:\/\/tyrving.idrett.no\/10\/f\/wp-json\/wp\/v2\/types\/post"}],"author":[{"embeddable":true,"href":"https:\/\/tyrving.idrett.no\/10\/f\/wp-json\/wp\/v2\/users\/2"}],"replies":[{"embeddable":true,"href":"https:\/\/tyrving.idrett.no\/10\/f\/wp-json\/wp\/v2\/comments?post=24828"}],"version-history":[{"count":3,"href":"https:\/\/tyrving.idrett.no\/10\/f\/wp-json\/wp\/v2\/posts\/24828\/revisions"}],"predecessor-version":[{"id":24832,"href":"https:\/\/tyrving.idrett.no\/10\/f\/wp-json\/wp\/v2\/posts\/24828\/revisions\/24832"}],"wp:featuredmedia":[{"embeddable":true,"href":"https:\/\/tyrving.idrett.no\/10\/f\/wp-json\/wp\/v2\/media\/24830"}],"wp:attachment":[{"href":"https:\/\/tyrving.idrett.no\/10\/f\/wp-json\/wp\/v2\/media?parent=24828"}],"wp:term":[{"taxonomy":"category","embeddable":true,"href":"https:\/\/tyrving.idrett.no\/10\/f\/wp-json\/wp\/v2\/categories?post=24828"},{"taxonomy":"post_tag","embeddable":true,"href":"https:\/\/tyrving.idrett.no\/10\/f\/wp-json\/wp\/v2\/tags?post=24828"}],"curies":[{"name":"wp","href":"https:\/\/api.w.org\/{rel}","templated":true}]}}