{"id":24834,"date":"2023-08-28T21:59:01","date_gmt":"2023-08-28T19:59:01","guid":{"rendered":"https:\/\/tyrving.idrett.no\/10\/f\/?p=24834"},"modified":"2023-08-28T22:07:29","modified_gmt":"2023-08-28T20:07:29","slug":"dramatisk-hendelse-pa-jr-nm","status":"publish","type":"post","link":"https:\/\/tyrving.idrett.no\/10\/f\/2023\/08\/28\/dramatisk-hendelse-pa-jr-nm\/","title":{"rendered":"Dramatisk hendelse p\u00e5 Jr.NM"},"content":{"rendered":"<p>&nbsp;<\/p>\n<p style=\"font-weight: 400\">Under s\u00f8ndagens Jr.NM i friidrett i Sandnes hadde vi en sv\u00e6rt dramatisk hendelse under stafetten, der v\u00e5r ut\u00f8ver kollapset rett etter m\u00e5lgang. Ut\u00f8veren falt om, fikk umiddelbart medisinsk n\u00f8dhjelp av kvalifisert personnel og ble kj\u00f8rt med ambulanse til sykehus.<\/p>\n<p style=\"font-weight: 400\">Vi er glade for \u00e5 kunne informere om at alt st\u00e5r bra til med ut\u00f8veren. Han er n\u00e5 skrevet ut av sykehuset. Betegnelsen p\u00e5 det som hendte fra sykehusets side er Utmattelseskollaps.<\/p>\n<p>&nbsp;<\/p>\n<p style=\"font-weight: 400\">Tyrving og familien \u00f8nsker \u00e5 rette en stor takk til arrang\u00f8ren som hadde sv\u00e6rt god beredskap p\u00e5 plass og sikret at ut\u00f8veren fikk den beste hjelp umiddelbart etter hendelsen. Takken g\u00e5r selvf\u00f8lgelig ogs\u00e5 til alt medisinsk personell\u00a0 involvert. Dette viser hvor viktig det er \u00e5 ha slik beredskap p\u00e5 plass.<\/p>\n<p>&nbsp;<\/p>\n<p><strong>Informasjonsm\u00f8te &#8211; onsdag 30. august kl. 1930 i BIP-hallen<\/strong><\/p>\n<p>&nbsp;<\/p>\n<p style=\"font-weight: 400\">Det spres seg fort usikkerhet etter slike hendelser, og mange har behov for \u00e5 prate eller vite mer. I etterkant av hendelsen \u00f8nsker vi derfor \u00e5 arrangere et informasjons- og diskusjonsm\u00f8te der alle ut\u00f8vere som var med til Jr.NM inviteres, og det er ogs\u00e5 \u00e5pent for alle andre som \u00f8nsker \u00e5 delta.<\/p>\n<p>&nbsp;<\/p>\n<p style=\"font-weight: 400\">P\u00e5 m\u00f8te vil trener og lege Tadeusz Tomala, som var legen p\u00e5 stedet under hendelsen, delta og informere litt om slike hendelser fra et medisinsk st\u00e5sted. Det vil ogs\u00e5 v\u00e6re mulighet for \u00e5 stille sp\u00f8rsm\u00e5l til Tyrvings tillitsvalgte og diskutere hendelser og f\u00f8lelser rundt dette generelt.<\/p>\n<p>&nbsp;<\/p>\n<p style=\"font-weight: 400\">Mvh Sverre Alvik,\u00a0Styreleder Tyrving friidrett<\/p>\n","protected":false},"excerpt":{"rendered":"&nbsp; Under s\u00f8ndagens Jr.NM i friidrett i Sandnes hadde vi en sv\u00e6rt dramatisk hendelse under stafetten, der v\u00e5r ut\u00f8ver kollapset rett etter m\u00e5lgang. Ut\u00f8veren falt om, fikk umiddelbart medisinsk n\u00f8dhj&#8230;","protected":false},"author":2,"featured_media":24835,"comment_status":"closed","ping_status":"open","sticky":false,"template":"","format":"standard","meta":{"footnotes":"","_jetpack_memberships_contains_paid_content":false},"categories":[1],"tags":[],"acf":[],"yoast_head":"<!-- This site is optimized with the Yoast SEO plugin v21.2 - https:\/\/yoast.com\/wordpress\/plugins\/seo\/ -->\n<title>Dramatisk hendelse p\u00e5 Jr.NM - Tyrving - Friidrett<\/title>\n<meta name=\"robots\" content=\"index, follow, max-snippet:-1, max-image-preview:large, max-video-preview:-1\" \/>\n<link rel=\"canonical\" href=\"https:\/\/tyrving.idrett.no\/10\/f\/2023\/08\/28\/dramatisk-hendelse-pa-jr-nm\/\" \/>\n<meta property=\"og:locale\" content=\"nb_NO\" \/>\n<meta property=\"og:type\" content=\"article\" \/>\n<meta property=\"og:title\" content=\"Dramatisk hendelse p\u00e5 Jr.NM - Tyrving - Friidrett\" \/>\n<meta property=\"og:description\" content=\"&nbsp; Under s\u00f8ndagens Jr.NM i friidrett i Sandnes hadde vi en sv\u00e6rt dramatisk hendelse under stafetten, der v\u00e5r ut\u00f8ver kollapset rett etter m\u00e5lgang. Ut\u00f8veren falt om, fikk umiddelbart medisinsk n\u00f8dhj...\" \/>\n<meta property=\"og:url\" content=\"https:\/\/tyrving.idrett.no\/10\/f\/2023\/08\/28\/dramatisk-hendelse-pa-jr-nm\/\" \/>\n<meta property=\"og:site_name\" content=\"Tyrving - Friidrett\" \/>\n<meta property=\"article:published_time\" content=\"2023-08-28T19:59:01+00:00\" \/>\n<meta property=\"article:modified_time\" content=\"2023-08-28T20:07:29+00:00\" \/>\n<meta property=\"og:image\" content=\"https:\/\/tyrving.idrett.no\/10\/f\/files\/2023\/08\/img_3962.png\" \/>\n\t<meta property=\"og:image:width\" content=\"705\" \/>\n\t<meta property=\"og:image:height\" content=\"405\" \/>\n\t<meta property=\"og:image:type\" content=\"image\/png\" \/>\n<meta name=\"author\" content=\"Kirsten Larsen\" \/>\n<meta name=\"twitter:card\" content=\"summary_large_image\" \/>\n<meta name=\"twitter:label1\" content=\"Skrevet av\" \/>\n\t<meta name=\"twitter:data1\" content=\"Kirsten Larsen\" \/>\n\t<meta name=\"twitter:label2\" content=\"Ansl. lesetid\" \/>\n\t<meta name=\"twitter:data2\" content=\"2 minutter\" \/>\n<script type=\"application\/ld+json\" class=\"yoast-schema-graph\">{\"@context\":\"https:\/\/schema.org\",\"@graph\":[{\"@type\":\"Article\",\"@id\":\"https:\/\/tyrving.idrett.no\/10\/f\/2023\/08\/28\/dramatisk-hendelse-pa-jr-nm\/#article\",\"isPartOf\":{\"@id\":\"https:\/\/tyrving.idrett.no\/10\/f\/2023\/08\/28\/dramatisk-hendelse-pa-jr-nm\/\"},\"author\":{\"name\":\"Kirsten Larsen\",\"@id\":\"https:\/\/tyrving.idrett.no\/10\/f\/#\/schema\/person\/9d33b15b4997b99c21c6e0b044d8bfd3\"},\"headline\":\"Dramatisk hendelse p\u00e5 Jr.NM\",\"datePublished\":\"2023-08-28T19:59:01+00:00\",\"dateModified\":\"2023-08-28T20:07:29+00:00\",\"mainEntityOfPage\":{\"@id\":\"https:\/\/tyrving.idrett.no\/10\/f\/2023\/08\/28\/dramatisk-hendelse-pa-jr-nm\/\"},\"wordCount\":262,\"publisher\":{\"@id\":\"https:\/\/tyrving.idrett.no\/10\/f\/#organization\"},\"articleSection\":[\"Nyheter\"],\"inLanguage\":\"nb-NO\"},{\"@type\":\"WebPage\",\"@id\":\"https:\/\/tyrving.idrett.no\/10\/f\/2023\/08\/28\/dramatisk-hendelse-pa-jr-nm\/\",\"url\":\"https:\/\/tyrving.idrett.no\/10\/f\/2023\/08\/28\/dramatisk-hendelse-pa-jr-nm\/\",\"name\":\"Dramatisk hendelse p\u00e5 Jr.NM - Tyrving - Friidrett\",\"isPartOf\":{\"@id\":\"https:\/\/tyrving.idrett.no\/10\/f\/#website\"},\"datePublished\":\"2023-08-28T19:59:01+00:00\",\"dateModified\":\"2023-08-28T20:07:29+00:00\",\"breadcrumb\":{\"@id\":\"https:\/\/tyrving.idrett.no\/10\/f\/2023\/08\/28\/dramatisk-hendelse-pa-jr-nm\/#breadcrumb\"},\"inLanguage\":\"nb-NO\",\"potentialAction\":[{\"@type\":\"ReadAction\",\"target\":[\"https:\/\/tyrving.idrett.no\/10\/f\/2023\/08\/28\/dramatisk-hendelse-pa-jr-nm\/\"]}]},{\"@type\":\"BreadcrumbList\",\"@id\":\"https:\/\/tyrving.idrett.no\/10\/f\/2023\/08\/28\/dramatisk-hendelse-pa-jr-nm\/#breadcrumb\",\"itemListElement\":[{\"@type\":\"ListItem\",\"position\":1,\"name\":\"Hjem\",\"item\":\"https:\/\/tyrving.idrett.no\/10\/f\/\"},{\"@type\":\"ListItem\",\"position\":2,\"name\":\"Dramatisk hendelse p\u00e5 Jr.NM\"}]},{\"@type\":\"WebSite\",\"@id\":\"https:\/\/tyrving.idrett.no\/10\/f\/#website\",\"url\":\"https:\/\/tyrving.idrett.no\/10\/f\/\",\"name\":\"Tyrving - Friidrett\",\"description\":\"Friidrettsgruppa\",\"publisher\":{\"@id\":\"https:\/\/tyrving.idrett.no\/10\/f\/#organization\"},\"potentialAction\":[{\"@type\":\"SearchAction\",\"target\":{\"@type\":\"EntryPoint\",\"urlTemplate\":\"https:\/\/tyrving.idrett.no\/10\/f\/?s={search_term_string}\"},\"query-input\":\"required name=search_term_string\"}],\"inLanguage\":\"nb-NO\"},{\"@type\":\"Organization\",\"@id\":\"https:\/\/tyrving.idrett.no\/10\/f\/#organization\",\"name\":\"Tyrving Friidrettsgruppa\",\"url\":\"https:\/\/tyrving.idrett.no\/10\/f\/\",\"logo\":{\"@type\":\"ImageObject\",\"inLanguage\":\"nb-NO\",\"@id\":\"https:\/\/tyrving.idrett.no\/10\/f\/#\/schema\/logo\/image\/\",\"url\":\"https:\/\/tyrving.idrett.no\/10\/f\/files\/2019\/04\/Tyrving-Logo-Friidrett-2019.jpg\",\"contentUrl\":\"https:\/\/tyrving.idrett.no\/10\/f\/files\/2019\/04\/Tyrving-Logo-Friidrett-2019.jpg\",\"width\":460,\"height\":360,\"caption\":\"Tyrving Friidrettsgruppa\"},\"image\":{\"@id\":\"https:\/\/tyrving.idrett.no\/10\/f\/#\/schema\/logo\/image\/\"}},{\"@type\":\"Person\",\"@id\":\"https:\/\/tyrving.idrett.no\/10\/f\/#\/schema\/person\/9d33b15b4997b99c21c6e0b044d8bfd3\",\"name\":\"Kirsten Larsen\",\"image\":{\"@type\":\"ImageObject\",\"inLanguage\":\"nb-NO\",\"@id\":\"https:\/\/tyrving.idrett.no\/10\/f\/#\/schema\/person\/image\/\",\"url\":\"https:\/\/secure.gravatar.com\/avatar\/2924b58c2b807e7f70945c639540a744?s=96&d=mm&r=g\",\"contentUrl\":\"https:\/\/secure.gravatar.com\/avatar\/2924b58c2b807e7f70945c639540a744?s=96&d=mm&r=g\",\"caption\":\"Kirsten Larsen\"}}]}<\/script>\n<!-- \/ Yoast SEO plugin. -->","yoast_head_json":{"title":"Dramatisk hendelse p\u00e5 Jr.NM - Tyrving - Friidrett","robots":{"index":"index","follow":"follow","max-snippet":"max-snippet:-1","max-image-preview":"max-image-preview:large","max-video-preview":"max-video-preview:-1"},"canonical":"https:\/\/tyrving.idrett.no\/10\/f\/2023\/08\/28\/dramatisk-hendelse-pa-jr-nm\/","og_locale":"nb_NO","og_type":"article","og_title":"Dramatisk hendelse p\u00e5 Jr.NM - Tyrving - Friidrett","og_description":"&nbsp; Under s\u00f8ndagens Jr.NM i friidrett i Sandnes hadde vi en sv\u00e6rt dramatisk hendelse under stafetten, der v\u00e5r ut\u00f8ver kollapset rett etter m\u00e5lgang. Ut\u00f8veren falt om, fikk umiddelbart medisinsk n\u00f8dhj...","og_url":"https:\/\/tyrving.idrett.no\/10\/f\/2023\/08\/28\/dramatisk-hendelse-pa-jr-nm\/","og_site_name":"Tyrving - Friidrett","article_published_time":"2023-08-28T19:59:01+00:00","article_modified_time":"2023-08-28T20:07:29+00:00","og_image":[{"width":705,"height":405,"url":"https:\/\/tyrving.idrett.no\/10\/f\/files\/2023\/08\/img_3962.png","type":"image\/png"}],"author":"Kirsten Larsen","twitter_card":"summary_large_image","twitter_misc":{"Skrevet av":"Kirsten Larsen","Ansl. lesetid":"2 minutter"},"schema":{"@context":"https:\/\/schema.org","@graph":[{"@type":"Article","@id":"https:\/\/tyrving.idrett.no\/10\/f\/2023\/08\/28\/dramatisk-hendelse-pa-jr-nm\/#article","isPartOf":{"@id":"https:\/\/tyrving.idrett.no\/10\/f\/2023\/08\/28\/dramatisk-hendelse-pa-jr-nm\/"},"author":{"name":"Kirsten Larsen","@id":"https:\/\/tyrving.idrett.no\/10\/f\/#\/schema\/person\/9d33b15b4997b99c21c6e0b044d8bfd3"},"headline":"Dramatisk hendelse p\u00e5 Jr.NM","datePublished":"2023-08-28T19:59:01+00:00","dateModified":"2023-08-28T20:07:29+00:00","mainEntityOfPage":{"@id":"https:\/\/tyrving.idrett.no\/10\/f\/2023\/08\/28\/dramatisk-hendelse-pa-jr-nm\/"},"wordCount":262,"publisher":{"@id":"https:\/\/tyrving.idrett.no\/10\/f\/#organization"},"articleSection":["Nyheter"],"inLanguage":"nb-NO"},{"@type":"WebPage","@id":"https:\/\/tyrving.idrett.no\/10\/f\/2023\/08\/28\/dramatisk-hendelse-pa-jr-nm\/","url":"https:\/\/tyrving.idrett.no\/10\/f\/2023\/08\/28\/dramatisk-hendelse-pa-jr-nm\/","name":"Dramatisk hendelse p\u00e5 Jr.NM - Tyrving - Friidrett","isPartOf":{"@id":"https:\/\/tyrving.idrett.no\/10\/f\/#website"},"datePublished":"2023-08-28T19:59:01+00:00","dateModified":"2023-08-28T20:07:29+00:00","breadcrumb":{"@id":"https:\/\/tyrving.idrett.no\/10\/f\/2023\/08\/28\/dramatisk-hendelse-pa-jr-nm\/#breadcrumb"},"inLanguage":"nb-NO","potentialAction":[{"@type":"ReadAction","target":["https:\/\/tyrving.idrett.no\/10\/f\/2023\/08\/28\/dramatisk-hendelse-pa-jr-nm\/"]}]},{"@type":"BreadcrumbList","@id":"https:\/\/tyrving.idrett.no\/10\/f\/2023\/08\/28\/dramatisk-hendelse-pa-jr-nm\/#breadcrumb","itemListElement":[{"@type":"ListItem","position":1,"name":"Hjem","item":"https:\/\/tyrving.idrett.no\/10\/f\/"},{"@type":"ListItem","position":2,"name":"Dramatisk hendelse p\u00e5 Jr.NM"}]},{"@type":"WebSite","@id":"https:\/\/tyrving.idrett.no\/10\/f\/#website","url":"https:\/\/tyrving.idrett.no\/10\/f\/","name":"Tyrving - Friidrett","description":"Friidrettsgruppa","publisher":{"@id":"https:\/\/tyrving.idrett.no\/10\/f\/#organization"},"potentialAction":[{"@type":"SearchAction","target":{"@type":"EntryPoint","urlTemplate":"https:\/\/tyrving.idrett.no\/10\/f\/?s={search_term_string}"},"query-input":"required name=search_term_string"}],"inLanguage":"nb-NO"},{"@type":"Organization","@id":"https:\/\/tyrving.idrett.no\/10\/f\/#organization","name":"Tyrving Friidrettsgruppa","url":"https:\/\/tyrving.idrett.no\/10\/f\/","logo":{"@type":"ImageObject","inLanguage":"nb-NO","@id":"https:\/\/tyrving.idrett.no\/10\/f\/#\/schema\/logo\/image\/","url":"https:\/\/tyrving.idrett.no\/10\/f\/files\/2019\/04\/Tyrving-Logo-Friidrett-2019.jpg","contentUrl":"https:\/\/tyrving.idrett.no\/10\/f\/files\/2019\/04\/Tyrving-Logo-Friidrett-2019.jpg","width":460,"height":360,"caption":"Tyrving Friidrettsgruppa"},"image":{"@id":"https:\/\/tyrving.idrett.no\/10\/f\/#\/schema\/logo\/image\/"}},{"@type":"Person","@id":"https:\/\/tyrving.idrett.no\/10\/f\/#\/schema\/person\/9d33b15b4997b99c21c6e0b044d8bfd3","name":"Kirsten Larsen","image":{"@type":"ImageObject","inLanguage":"nb-NO","@id":"https:\/\/tyrving.idrett.no\/10\/f\/#\/schema\/person\/image\/","url":"https:\/\/secure.gravatar.com\/avatar\/2924b58c2b807e7f70945c639540a744?s=96&d=mm&r=g","contentUrl":"https:\/\/secure.gravatar.com\/avatar\/2924b58c2b807e7f70945c639540a744?s=96&d=mm&r=g","caption":"Kirsten Larsen"}}]}},"jetpack_sharing_enabled":true,"jetpack_featured_media_url":"https:\/\/tyrving.idrett.no\/10\/f\/files\/2023\/08\/img_3962.png","_links":{"self":[{"href":"https:\/\/tyrving.idrett.no\/10\/f\/wp-json\/wp\/v2\/posts\/24834"}],"collection":[{"href":"https:\/\/tyrving.idrett.no\/10\/f\/wp-json\/wp\/v2\/posts"}],"about":[{"href":"https:\/\/tyrving.idrett.no\/10\/f\/wp-json\/wp\/v2\/types\/post"}],"author":[{"embeddable":true,"href":"https:\/\/tyrving.idrett.no\/10\/f\/wp-json\/wp\/v2\/users\/2"}],"replies":[{"embeddable":true,"href":"https:\/\/tyrving.idrett.no\/10\/f\/wp-json\/wp\/v2\/comments?post=24834"}],"version-history":[{"count":6,"href":"https:\/\/tyrving.idrett.no\/10\/f\/wp-json\/wp\/v2\/posts\/24834\/revisions"}],"predecessor-version":[{"id":24841,"href":"https:\/\/tyrving.idrett.no\/10\/f\/wp-json\/wp\/v2\/posts\/24834\/revisions\/24841"}],"wp:featuredmedia":[{"embeddable":true,"href":"https:\/\/tyrving.idrett.no\/10\/f\/wp-json\/wp\/v2\/media\/24835"}],"wp:attachment":[{"href":"https:\/\/tyrving.idrett.no\/10\/f\/wp-json\/wp\/v2\/media?parent=24834"}],"wp:term":[{"taxonomy":"category","embeddable":true,"href":"https:\/\/tyrving.idrett.no\/10\/f\/wp-json\/wp\/v2\/categories?post=24834"},{"taxonomy":"post_tag","embeddable":true,"href":"https:\/\/tyrving.idrett.no\/10\/f\/wp-json\/wp\/v2\/tags?post=24834"}],"curies":[{"name":"wp","href":"https:\/\/api.w.org\/{rel}","templated":true}]}}