{"id":24875,"date":"2023-09-07T12:23:52","date_gmt":"2023-09-07T10:23:52","guid":{"rendered":"https:\/\/tyrving.idrett.no\/10\/f\/?p=24875"},"modified":"2023-09-07T12:23:52","modified_gmt":"2023-09-07T10:23:52","slug":"charlotte-36-er-pa-plass-hos-tyrving","status":"publish","type":"post","link":"https:\/\/tyrving.idrett.no\/10\/f\/2023\/09\/07\/charlotte-36-er-pa-plass-hos-tyrving\/","title":{"rendered":"Charlotte (36) er p\u00e5 plass hos Tyrving"},"content":{"rendered":"<p>Tyrving har f\u00e5tt ny daglig leder. Charlotte Lund Antonijevic (36) startet 1. september i sin nye jobb. Charlotte har en rik friidrettserfaring \u2013 og gleder seg stort til \u00e5 komme ordentlig i gang.<\/p>\n<p>&nbsp;<\/p>\n<p>36-\u00e5ringen som tidligere hadde etternavnet Abrahamsen har en masse meritter fra friidrettsbanen. Blant annet vant hun NM i kule utend\u00f8rs i 2017. Samme \u00e5r ble hun norsk mester i b\u00e5de kule og h\u00f8yde innend\u00f8rs.<\/p>\n<p>&nbsp;<\/p>\n<p>Hun var ogs\u00e5 friidrettsstudent i USA i flere \u00e5r \u2013 med mange sterke prestasjoner der. Hun var en av landets aller beste mangekjempere i flere \u00e5r. N\u00e5 er hun klar for \u00e5 ta Tyrving som friidrettsklubb videre.<\/p>\n<p>&nbsp;<\/p>\n<p>Charlotte kommer opprinnelig fra Sande, men bor n\u00e5 i Reistad. Hun er gift og har to barn, en jente p\u00e5 \u00e5tte m\u00e5neder og en gutt p\u00e5 snart tre. Av utdanning er hun Bachelor of Science Nutritional Sciences, ern\u00e6ringsfysiolog p\u00e5 godt norsk.<\/p>\n<p>&nbsp;<\/p>\n<p><strong>Godt friidrettsnavn<\/strong><\/p>\n<p>&nbsp;<\/p>\n<p>Mange husker henne godt fra friidrettsbanen. Hun var f\u00f8rst i Sandvin, deretter i Tjalve. Hun brenner for friidretten.<\/p>\n<p>&nbsp;<\/p>\n<p>\u2013 Friidrett er en unik idrett der du f\u00e5r en form for lagf\u00f8lelse p\u00e5 tross av at man konkurrerer i en \u00aballe mot alle\u00bb-filosofi, bortsett fra stafetter. Du trener sammen med, men konkurrerer mot lagkamerater\/venninner. Gjennom friidrett har jeg f\u00e5tt mine aller beste venner, uansett hvor i verden de m\u00e5tte befinne seg. Friidrett ga meg ogs\u00e5 muligheten til \u00e5 studere i utlandet som igjen har gitt meg mange erfaringer jeg har m\u00e5ttet takle selv, p\u00e5 b\u00e5de godt og vondt. Jeg har bred erfaring med mange ulike \u00f8velser og variert trening ettersom mangekamp var det som var aller mest interessant for meg, sier Charlotte.<\/p>\n<p>&nbsp;<\/p>\n<p>Hun tente p\u00e5 utlysningen av jobben i Tyrving.<\/p>\n<p>&nbsp;<\/p>\n<p>\u2013 Jeg fikk nyss om at stillingen var ledig og synes dette kunne v\u00e6rt veldig g\u00f8y med min bakgrunn, b\u00e5de p\u00e5 friidrettsbanen og utdanning. Det g\u00e5r h\u00e5nd i h\u00e5nd, forteller hun.<\/p>\n<p>&nbsp;<\/p>\n<p>N\u00e5r hun f\u00e5r sp\u00f8rsm\u00e5l om hva som gj\u00f8r at hun passer godt som daglig leder i Tyrving, sier hun f\u00f8lgende.<\/p>\n<p>&nbsp;<\/p>\n<p><strong>Planlegging av stevner<\/strong><\/p>\n<p>&nbsp;<\/p>\n<p>\u2013 \u00c5 ha litt kunnskap om, og erfaring med, friidrett n\u00e5r det skal planlegges store og sm\u00e5 stevner tror jeg kommer godt med, samtidig som unge trenere gjerne kan se p\u00e5 meg som en sparringspartner n\u00e5r det gjelder treningsopplegg og inspirasjon.<\/p>\n<p>&nbsp;<\/p>\n<p>Charlotte har ambisjoner p\u00e5 vegne av Tyrving. Men f\u00f8rst vil hun sette seg mer inn i klubben.<\/p>\n<p>&nbsp;<\/p>\n<p>\u2013 Jeg vil f\u00f8rst og fremst fortsette med det som har fungert her, og kanskje \u00abbrainstorme\u00bb litt ekstra med Morten og de andre ansatte, pluss styret dersom noe kan endres i ut\u00f8vere og funksjon\u00e6renes fav\u00f8r, sier hun.<\/p>\n<p>&nbsp;<\/p>\n<p>De f\u00f8rste arbeidsdagene hos Tyrving er allerede gjennomf\u00f8rt.<\/p>\n<p>&nbsp;<\/p>\n<p>\u2013 Kirsten har v\u00e6rt veldig streng de f\u00f8rste dagene (neida). Men det er viktig \u00e5 bli kjent med anlegget og de trivelige ansatte der. Og jeg m\u00e5 komme meg inn i systemene som brukes for \u00e5 kommunisere til medlemmene og foresatte, sier hun.<\/p>\n<p>&nbsp;<\/p>\n<p><strong>Bred erfaring<\/strong><\/p>\n<p>&nbsp;<\/p>\n<p>Hun er bitt av friidrettsbasillen, men har ogs\u00e5 erfaring fra andre idretter.<\/p>\n<p>&nbsp;<\/p>\n<p>\u2013 Jeg har ogs\u00e5 spilt h\u00e5ndball fra jeg var 4 \u00e5r. Jeg begynte med friidrett da jeg var 14 (eller 15). Grunnen til at jeg begynte med friidrett var at min far mente jeg kunne bli en enda bedre h\u00e5ndballspiller ved \u00e5 f\u00e5 inn litt sprinttrening. Jeg syns det var s\u00e5 g\u00f8y \u00e5 trene friidrett at jeg til slutt m\u00e5tte velge mellom h\u00e5ndball eller friidrett. Og svaret om hva valget ble ligger jo svart p\u00e5 hvitt i statistikken. Man utfordrer seg selv hele tiden og hele m\u00e5let med en friidrettskarriere er jo \u00e5 forbedre persen(e) hver eneste sesong, og gjerne hvert stevne.<\/p>\n<p>&nbsp;<\/p>\n<p>N\u00e5r vi ber henne komme med assosiasjoner til Tyrving, kommer det f\u00f8lgende fra henne:<\/p>\n<p>&nbsp;<\/p>\n<p>\u2013 Jeg har jo blitt godt kjent med mange av trenerne og ut\u00f8verne gjennom \u00e5rene, og ikke minst brukt BIP-hallen til trening og deltatt p\u00e5 Tyrvinglekene. Helt \u00e6rlig s\u00e5 forbinder jeg Tyrving med Jo og Tyrvinglekene, forteller Charlotte.<\/p>\n<p>&nbsp;<\/p>\n<p>Men i hvilken retning skal Tyrving med ny daglig leder.<\/p>\n<p>&nbsp;<\/p>\n<p>\u2013 Vi g\u00e5r fremover med skylapper. Neida, jeg h\u00e5per \u00e5 kunne bidra positivt med min bakgrunn og erfaring og samarbeide godt med kollegaene mine.<\/p>\n<p>&nbsp;<\/p>\n<p><strong>Idrett og ern\u00e6ring<\/strong><\/p>\n<p>&nbsp;<\/p>\n<p>Og alle har sine favorittomr\u00e5der \u00e5 jobbe med. Det gjelder ogs\u00e5 klubbens rykende ferske daglige leder.<\/p>\n<p>&nbsp;<\/p>\n<p>\u2013 Jeg liker \u00e5 jobbe med idrett og ern\u00e6ring.\u00a0 Jeg trives med \u00e5 jobbe med mennesker og samarbeide s\u00e5 utfallet av en problemstilling gagner alle, sier hun.<\/p>\n<p>&nbsp;<\/p>\n<p>Som alle klubber, s\u00e5 har ogs\u00e5 Tyrving sine utfordringer. Hva tenker hun rundt dette?<\/p>\n<p>&nbsp;<\/p>\n<p>\u2013 Jeg er kun p\u00e5 dag 4 s\u00e5 jeg vet faktisk ikke. Men skulle jeg sagt noe s\u00e5 er kanskje idretten generelt i manko p\u00e5 frivillige, og det inkluderer foreldre som viser interesse p\u00e5 trening og stevner s\u00e5 de f\u00e5r kunnskap til \u00e5 kunne bidra med funksjon\u00e6roppgaver dersom de allerede er der. Det m\u00e5 jo v\u00e6re artig \u00e5 kunne dele b\u00e5de oppturer og nedturer med barna sine erfaringer p\u00e5 idrettsbanen.<\/p>\n<p>&nbsp;<\/p>\n<p>Tyrving er ogs\u00e5 en klubb for fremtiden. Men hvor er Tyrving om fem \u00e5r, i henhold til Charlottes tanker.<\/p>\n<p>&nbsp;<\/p>\n<p>\u2013 Jeg h\u00e5per og tror det bugner av glade barn og andre eldre ut\u00f8vere som har f\u00e5tt oppf\u00f8lging fra kunnskapsrike trenere og foreldre. At vi kan tilby den beste treningen, dette koster jo, s\u00e5 \u00e5 f\u00e5 inn sponsorer som gj\u00f8r det mulig m\u00e5 ogs\u00e5 v\u00e6re et m\u00e5l innen fem \u00e5r, avslutter hun.<\/p>\n","protected":false},"excerpt":{"rendered":"Tyrving har f\u00e5tt ny daglig leder. Charlotte Lund Antonijevic (36) startet 1. september i sin nye jobb. Charlotte har en rik friidrettserfaring \u2013 og gleder seg stort til \u00e5 komme ordentlig i gang. &#038;nbsp&#8230;","protected":false},"author":1,"featured_media":24876,"comment_status":"closed","ping_status":"open","sticky":false,"template":"","format":"standard","meta":{"footnotes":"","_jetpack_memberships_contains_paid_content":false},"categories":[1],"tags":[],"acf":[],"yoast_head":"<!-- This site is optimized with the Yoast SEO plugin v21.2 - https:\/\/yoast.com\/wordpress\/plugins\/seo\/ -->\n<title>Charlotte (36) er p\u00e5 plass hos Tyrving - Tyrving - Friidrett<\/title>\n<meta name=\"robots\" content=\"index, follow, max-snippet:-1, max-image-preview:large, max-video-preview:-1\" \/>\n<link rel=\"canonical\" href=\"https:\/\/tyrving.idrett.no\/10\/f\/2023\/09\/07\/charlotte-36-er-pa-plass-hos-tyrving\/\" \/>\n<meta property=\"og:locale\" content=\"nb_NO\" \/>\n<meta property=\"og:type\" content=\"article\" \/>\n<meta property=\"og:title\" content=\"Charlotte (36) er p\u00e5 plass hos Tyrving - Tyrving - Friidrett\" \/>\n<meta property=\"og:description\" content=\"Tyrving har f\u00e5tt ny daglig leder. Charlotte Lund Antonijevic (36) startet 1. september i sin nye jobb. Charlotte har en rik friidrettserfaring \u2013 og gleder seg stort til \u00e5 komme ordentlig i gang. &amp;nbsp...\" \/>\n<meta property=\"og:url\" content=\"https:\/\/tyrving.idrett.no\/10\/f\/2023\/09\/07\/charlotte-36-er-pa-plass-hos-tyrving\/\" \/>\n<meta property=\"og:site_name\" content=\"Tyrving - Friidrett\" \/>\n<meta property=\"article:published_time\" content=\"2023-09-07T10:23:52+00:00\" \/>\n<meta property=\"og:image\" content=\"https:\/\/tyrving.idrett.no\/10\/f\/files\/2023\/09\/unnamed.jpg\" \/>\n\t<meta property=\"og:image:width\" content=\"1170\" \/>\n\t<meta property=\"og:image:height\" content=\"1126\" \/>\n\t<meta property=\"og:image:type\" content=\"image\/jpeg\" \/>\n<meta name=\"author\" content=\"admin\" \/>\n<meta name=\"twitter:card\" content=\"summary_large_image\" \/>\n<meta name=\"twitter:label1\" content=\"Skrevet av\" \/>\n\t<meta name=\"twitter:data1\" content=\"admin\" \/>\n\t<meta name=\"twitter:label2\" content=\"Ansl. lesetid\" \/>\n\t<meta name=\"twitter:data2\" content=\"5 minutter\" \/>\n<script type=\"application\/ld+json\" class=\"yoast-schema-graph\">{\"@context\":\"https:\/\/schema.org\",\"@graph\":[{\"@type\":\"Article\",\"@id\":\"https:\/\/tyrving.idrett.no\/10\/f\/2023\/09\/07\/charlotte-36-er-pa-plass-hos-tyrving\/#article\",\"isPartOf\":{\"@id\":\"https:\/\/tyrving.idrett.no\/10\/f\/2023\/09\/07\/charlotte-36-er-pa-plass-hos-tyrving\/\"},\"author\":{\"name\":\"admin\",\"@id\":\"https:\/\/tyrving.idrett.no\/10\/f\/#\/schema\/person\/b0b301ce26d13339293caf5c0bc7d286\"},\"headline\":\"Charlotte (36) er p\u00e5 plass hos Tyrving\",\"datePublished\":\"2023-09-07T10:23:52+00:00\",\"dateModified\":\"2023-09-07T10:23:52+00:00\",\"mainEntityOfPage\":{\"@id\":\"https:\/\/tyrving.idrett.no\/10\/f\/2023\/09\/07\/charlotte-36-er-pa-plass-hos-tyrving\/\"},\"wordCount\":944,\"publisher\":{\"@id\":\"https:\/\/tyrving.idrett.no\/10\/f\/#organization\"},\"articleSection\":[\"Nyheter\"],\"inLanguage\":\"nb-NO\"},{\"@type\":\"WebPage\",\"@id\":\"https:\/\/tyrving.idrett.no\/10\/f\/2023\/09\/07\/charlotte-36-er-pa-plass-hos-tyrving\/\",\"url\":\"https:\/\/tyrving.idrett.no\/10\/f\/2023\/09\/07\/charlotte-36-er-pa-plass-hos-tyrving\/\",\"name\":\"Charlotte (36) er p\u00e5 plass hos Tyrving - Tyrving - Friidrett\",\"isPartOf\":{\"@id\":\"https:\/\/tyrving.idrett.no\/10\/f\/#website\"},\"datePublished\":\"2023-09-07T10:23:52+00:00\",\"dateModified\":\"2023-09-07T10:23:52+00:00\",\"breadcrumb\":{\"@id\":\"https:\/\/tyrving.idrett.no\/10\/f\/2023\/09\/07\/charlotte-36-er-pa-plass-hos-tyrving\/#breadcrumb\"},\"inLanguage\":\"nb-NO\",\"potentialAction\":[{\"@type\":\"ReadAction\",\"target\":[\"https:\/\/tyrving.idrett.no\/10\/f\/2023\/09\/07\/charlotte-36-er-pa-plass-hos-tyrving\/\"]}]},{\"@type\":\"BreadcrumbList\",\"@id\":\"https:\/\/tyrving.idrett.no\/10\/f\/2023\/09\/07\/charlotte-36-er-pa-plass-hos-tyrving\/#breadcrumb\",\"itemListElement\":[{\"@type\":\"ListItem\",\"position\":1,\"name\":\"Hjem\",\"item\":\"https:\/\/tyrving.idrett.no\/10\/f\/\"},{\"@type\":\"ListItem\",\"position\":2,\"name\":\"Charlotte (36) er p\u00e5 plass hos Tyrving\"}]},{\"@type\":\"WebSite\",\"@id\":\"https:\/\/tyrving.idrett.no\/10\/f\/#website\",\"url\":\"https:\/\/tyrving.idrett.no\/10\/f\/\",\"name\":\"Tyrving - Friidrett\",\"description\":\"Friidrettsgruppa\",\"publisher\":{\"@id\":\"https:\/\/tyrving.idrett.no\/10\/f\/#organization\"},\"potentialAction\":[{\"@type\":\"SearchAction\",\"target\":{\"@type\":\"EntryPoint\",\"urlTemplate\":\"https:\/\/tyrving.idrett.no\/10\/f\/?s={search_term_string}\"},\"query-input\":\"required name=search_term_string\"}],\"inLanguage\":\"nb-NO\"},{\"@type\":\"Organization\",\"@id\":\"https:\/\/tyrving.idrett.no\/10\/f\/#organization\",\"name\":\"Tyrving Friidrettsgruppa\",\"url\":\"https:\/\/tyrving.idrett.no\/10\/f\/\",\"logo\":{\"@type\":\"ImageObject\",\"inLanguage\":\"nb-NO\",\"@id\":\"https:\/\/tyrving.idrett.no\/10\/f\/#\/schema\/logo\/image\/\",\"url\":\"https:\/\/tyrving.idrett.no\/10\/f\/files\/2019\/04\/Tyrving-Logo-Friidrett-2019.jpg\",\"contentUrl\":\"https:\/\/tyrving.idrett.no\/10\/f\/files\/2019\/04\/Tyrving-Logo-Friidrett-2019.jpg\",\"width\":460,\"height\":360,\"caption\":\"Tyrving Friidrettsgruppa\"},\"image\":{\"@id\":\"https:\/\/tyrving.idrett.no\/10\/f\/#\/schema\/logo\/image\/\"}},{\"@type\":\"Person\",\"@id\":\"https:\/\/tyrving.idrett.no\/10\/f\/#\/schema\/person\/b0b301ce26d13339293caf5c0bc7d286\",\"name\":\"admin\",\"image\":{\"@type\":\"ImageObject\",\"inLanguage\":\"nb-NO\",\"@id\":\"https:\/\/tyrving.idrett.no\/10\/f\/#\/schema\/person\/image\/\",\"url\":\"https:\/\/secure.gravatar.com\/avatar\/4b0456acc2ea550a97d3a11ebb27598d?s=96&d=mm&r=g\",\"contentUrl\":\"https:\/\/secure.gravatar.com\/avatar\/4b0456acc2ea550a97d3a11ebb27598d?s=96&d=mm&r=g\",\"caption\":\"admin\"}}]}<\/script>\n<!-- \/ Yoast SEO plugin. -->","yoast_head_json":{"title":"Charlotte (36) er p\u00e5 plass hos Tyrving - Tyrving - Friidrett","robots":{"index":"index","follow":"follow","max-snippet":"max-snippet:-1","max-image-preview":"max-image-preview:large","max-video-preview":"max-video-preview:-1"},"canonical":"https:\/\/tyrving.idrett.no\/10\/f\/2023\/09\/07\/charlotte-36-er-pa-plass-hos-tyrving\/","og_locale":"nb_NO","og_type":"article","og_title":"Charlotte (36) er p\u00e5 plass hos Tyrving - Tyrving - Friidrett","og_description":"Tyrving har f\u00e5tt ny daglig leder. Charlotte Lund Antonijevic (36) startet 1. september i sin nye jobb. Charlotte har en rik friidrettserfaring \u2013 og gleder seg stort til \u00e5 komme ordentlig i gang. &nbsp...","og_url":"https:\/\/tyrving.idrett.no\/10\/f\/2023\/09\/07\/charlotte-36-er-pa-plass-hos-tyrving\/","og_site_name":"Tyrving - Friidrett","article_published_time":"2023-09-07T10:23:52+00:00","og_image":[{"width":1170,"height":1126,"url":"https:\/\/tyrving.idrett.no\/10\/f\/files\/2023\/09\/unnamed.jpg","type":"image\/jpeg"}],"author":"admin","twitter_card":"summary_large_image","twitter_misc":{"Skrevet av":"admin","Ansl. lesetid":"5 minutter"},"schema":{"@context":"https:\/\/schema.org","@graph":[{"@type":"Article","@id":"https:\/\/tyrving.idrett.no\/10\/f\/2023\/09\/07\/charlotte-36-er-pa-plass-hos-tyrving\/#article","isPartOf":{"@id":"https:\/\/tyrving.idrett.no\/10\/f\/2023\/09\/07\/charlotte-36-er-pa-plass-hos-tyrving\/"},"author":{"name":"admin","@id":"https:\/\/tyrving.idrett.no\/10\/f\/#\/schema\/person\/b0b301ce26d13339293caf5c0bc7d286"},"headline":"Charlotte (36) er p\u00e5 plass hos Tyrving","datePublished":"2023-09-07T10:23:52+00:00","dateModified":"2023-09-07T10:23:52+00:00","mainEntityOfPage":{"@id":"https:\/\/tyrving.idrett.no\/10\/f\/2023\/09\/07\/charlotte-36-er-pa-plass-hos-tyrving\/"},"wordCount":944,"publisher":{"@id":"https:\/\/tyrving.idrett.no\/10\/f\/#organization"},"articleSection":["Nyheter"],"inLanguage":"nb-NO"},{"@type":"WebPage","@id":"https:\/\/tyrving.idrett.no\/10\/f\/2023\/09\/07\/charlotte-36-er-pa-plass-hos-tyrving\/","url":"https:\/\/tyrving.idrett.no\/10\/f\/2023\/09\/07\/charlotte-36-er-pa-plass-hos-tyrving\/","name":"Charlotte (36) er p\u00e5 plass hos Tyrving - Tyrving - Friidrett","isPartOf":{"@id":"https:\/\/tyrving.idrett.no\/10\/f\/#website"},"datePublished":"2023-09-07T10:23:52+00:00","dateModified":"2023-09-07T10:23:52+00:00","breadcrumb":{"@id":"https:\/\/tyrving.idrett.no\/10\/f\/2023\/09\/07\/charlotte-36-er-pa-plass-hos-tyrving\/#breadcrumb"},"inLanguage":"nb-NO","potentialAction":[{"@type":"ReadAction","target":["https:\/\/tyrving.idrett.no\/10\/f\/2023\/09\/07\/charlotte-36-er-pa-plass-hos-tyrving\/"]}]},{"@type":"BreadcrumbList","@id":"https:\/\/tyrving.idrett.no\/10\/f\/2023\/09\/07\/charlotte-36-er-pa-plass-hos-tyrving\/#breadcrumb","itemListElement":[{"@type":"ListItem","position":1,"name":"Hjem","item":"https:\/\/tyrving.idrett.no\/10\/f\/"},{"@type":"ListItem","position":2,"name":"Charlotte (36) er p\u00e5 plass hos Tyrving"}]},{"@type":"WebSite","@id":"https:\/\/tyrving.idrett.no\/10\/f\/#website","url":"https:\/\/tyrving.idrett.no\/10\/f\/","name":"Tyrving - Friidrett","description":"Friidrettsgruppa","publisher":{"@id":"https:\/\/tyrving.idrett.no\/10\/f\/#organization"},"potentialAction":[{"@type":"SearchAction","target":{"@type":"EntryPoint","urlTemplate":"https:\/\/tyrving.idrett.no\/10\/f\/?s={search_term_string}"},"query-input":"required name=search_term_string"}],"inLanguage":"nb-NO"},{"@type":"Organization","@id":"https:\/\/tyrving.idrett.no\/10\/f\/#organization","name":"Tyrving Friidrettsgruppa","url":"https:\/\/tyrving.idrett.no\/10\/f\/","logo":{"@type":"ImageObject","inLanguage":"nb-NO","@id":"https:\/\/tyrving.idrett.no\/10\/f\/#\/schema\/logo\/image\/","url":"https:\/\/tyrving.idrett.no\/10\/f\/files\/2019\/04\/Tyrving-Logo-Friidrett-2019.jpg","contentUrl":"https:\/\/tyrving.idrett.no\/10\/f\/files\/2019\/04\/Tyrving-Logo-Friidrett-2019.jpg","width":460,"height":360,"caption":"Tyrving Friidrettsgruppa"},"image":{"@id":"https:\/\/tyrving.idrett.no\/10\/f\/#\/schema\/logo\/image\/"}},{"@type":"Person","@id":"https:\/\/tyrving.idrett.no\/10\/f\/#\/schema\/person\/b0b301ce26d13339293caf5c0bc7d286","name":"admin","image":{"@type":"ImageObject","inLanguage":"nb-NO","@id":"https:\/\/tyrving.idrett.no\/10\/f\/#\/schema\/person\/image\/","url":"https:\/\/secure.gravatar.com\/avatar\/4b0456acc2ea550a97d3a11ebb27598d?s=96&d=mm&r=g","contentUrl":"https:\/\/secure.gravatar.com\/avatar\/4b0456acc2ea550a97d3a11ebb27598d?s=96&d=mm&r=g","caption":"admin"}}]}},"jetpack_sharing_enabled":true,"jetpack_featured_media_url":"https:\/\/tyrving.idrett.no\/10\/f\/files\/2023\/09\/unnamed.jpg","_links":{"self":[{"href":"https:\/\/tyrving.idrett.no\/10\/f\/wp-json\/wp\/v2\/posts\/24875"}],"collection":[{"href":"https:\/\/tyrving.idrett.no\/10\/f\/wp-json\/wp\/v2\/posts"}],"about":[{"href":"https:\/\/tyrving.idrett.no\/10\/f\/wp-json\/wp\/v2\/types\/post"}],"author":[{"embeddable":true,"href":"https:\/\/tyrving.idrett.no\/10\/f\/wp-json\/wp\/v2\/users\/1"}],"replies":[{"embeddable":true,"href":"https:\/\/tyrving.idrett.no\/10\/f\/wp-json\/wp\/v2\/comments?post=24875"}],"version-history":[{"count":4,"href":"https:\/\/tyrving.idrett.no\/10\/f\/wp-json\/wp\/v2\/posts\/24875\/revisions"}],"predecessor-version":[{"id":24882,"href":"https:\/\/tyrving.idrett.no\/10\/f\/wp-json\/wp\/v2\/posts\/24875\/revisions\/24882"}],"wp:featuredmedia":[{"embeddable":true,"href":"https:\/\/tyrving.idrett.no\/10\/f\/wp-json\/wp\/v2\/media\/24876"}],"wp:attachment":[{"href":"https:\/\/tyrving.idrett.no\/10\/f\/wp-json\/wp\/v2\/media?parent=24875"}],"wp:term":[{"taxonomy":"category","embeddable":true,"href":"https:\/\/tyrving.idrett.no\/10\/f\/wp-json\/wp\/v2\/categories?post=24875"},{"taxonomy":"post_tag","embeddable":true,"href":"https:\/\/tyrving.idrett.no\/10\/f\/wp-json\/wp\/v2\/tags?post=24875"}],"curies":[{"name":"wp","href":"https:\/\/api.w.org\/{rel}","templated":true}]}}