{"id":24889,"date":"2023-09-11T11:31:27","date_gmt":"2023-09-11T09:31:27","guid":{"rendered":"https:\/\/tyrving.idrett.no\/10\/f\/?p=24889"},"modified":"2023-09-11T11:31:27","modified_gmt":"2023-09-11T09:31:27","slug":"fin-innsats-pa-leroylekene","status":"publish","type":"post","link":"https:\/\/tyrving.idrett.no\/10\/f\/2023\/09\/11\/fin-innsats-pa-leroylekene\/","title":{"rendered":"Fin innsats p\u00e5 Ler\u00f8ylekene"},"content":{"rendered":"<p>Ler\u00f8ylekene er friidrettskonkurransen hvor ut\u00f8verne som er 13 og 14 \u00e5r, deltar for sin krets.\u00a0 \u00c5rets Ler\u00f8yleker for Akershus ble avholdt p\u00e5 Rjukan f\u00f8rste helg i september.\u00a0 Det var til sammen 12 ut\u00f8vere fra Tyrving som var med kretsens vinnerlag.\u00a0 Vi gratulerer alle sammen &#8211; dere gjorde en flott innsats.\u00a0 Det var flere av ut\u00f8verne v\u00e5re som pr\u00f8vde seg i \u00f8velser de vanligvis ikke konkurrerer i &#8211; med det form\u00e5l \u00e5 skaffe lagpoeng til kretsen.\u00a0 Sporty gjort.<\/p>\n<p>&nbsp;<\/p>\n<p><strong>Dette er Tyrving-ut\u00f8vernes resultater:<\/strong><\/p>\n<p>&nbsp;<\/p>\n<table width=\"515\">\n<tbody>\n<tr>\n<td width=\"43\">G13<\/td>\n<td width=\"119\">1500m<\/td>\n<td width=\"54\"><\/td>\n<td width=\"219\">Theodor Masterud Lundamo<\/td>\n<td width=\"80\">5,32,10<\/td>\n<\/tr>\n<tr>\n<td>G13<\/td>\n<td>200m hekk<\/td>\n<td><\/td>\n<td>Theodor Masterud Lundamo<\/td>\n<td>36,78<\/td>\n<\/tr>\n<tr>\n<td>G13<\/td>\n<td>600m<\/td>\n<td><\/td>\n<td>Theodor Masterud Lundamo<\/td>\n<td>1,51,42<\/td>\n<\/tr>\n<tr>\n<td>G13<\/td>\n<td>60m hekk<\/td>\n<td><\/td>\n<td>Gabriel R. Jensen<\/td>\n<td>10,56<\/td>\n<\/tr>\n<tr>\n<td>G13<\/td>\n<td>60m hekk<\/td>\n<td><\/td>\n<td>Theodor Masterud Lundamo<\/td>\n<td>12,76<\/td>\n<\/tr>\n<tr>\n<td>G13<\/td>\n<td>Kule<\/td>\n<td><\/td>\n<td>Gabriel R. Jensen<\/td>\n<td>9,06<\/td>\n<\/tr>\n<tr>\n<td>G13<\/td>\n<td>Kule<\/td>\n<td><\/td>\n<td>Pilo Thiis-Messel<\/td>\n<td>7,58<\/td>\n<\/tr>\n<tr>\n<td>G13<\/td>\n<td>Lengde<\/td>\n<td><\/td>\n<td>Pilo Thiis-Messel<\/td>\n<td>4,56<\/td>\n<\/tr>\n<tr>\n<td>G13<\/td>\n<td>Spyd<\/td>\n<td><\/td>\n<td>Pilo Thiis-Messel<\/td>\n<td>26,28<\/td>\n<\/tr>\n<tr>\n<td>G13<\/td>\n<td>Tresteg<\/td>\n<td><\/td>\n<td>Pilo Thiis-Messel<\/td>\n<td>9,93<\/td>\n<\/tr>\n<tr>\n<td>G14<\/td>\n<td>1500m<\/td>\n<td>Nr.1<\/td>\n<td>Sebastian Brunsdon<\/td>\n<td>4,29,01<\/td>\n<\/tr>\n<tr>\n<td>G14<\/td>\n<td>200m<\/td>\n<td><\/td>\n<td>Brage Kaspersen Bjaaland<\/td>\n<td>26,36<\/td>\n<\/tr>\n<tr>\n<td>G14<\/td>\n<td>200m<\/td>\n<td><\/td>\n<td>Iver Fykerud<\/td>\n<td>28,48<\/td>\n<\/tr>\n<tr>\n<td>G14<\/td>\n<td>200m hekk<\/td>\n<td><\/td>\n<td>Brage Kaspersen Bjaaland<\/td>\n<td>32,06<\/td>\n<\/tr>\n<tr>\n<td>G14<\/td>\n<td>600m<\/td>\n<td>Nr.3<\/td>\n<td>Sebastian Brunsdon<\/td>\n<td>1,32,72<\/td>\n<\/tr>\n<tr>\n<td>G14<\/td>\n<td>60m<\/td>\n<td><\/td>\n<td>Brage Kaspersen Bjaaland<\/td>\n<td>8,34<\/td>\n<\/tr>\n<tr>\n<td>G14<\/td>\n<td>Diskos<\/td>\n<td><\/td>\n<td>Thomas Svendsen<\/td>\n<td>9,01<\/td>\n<\/tr>\n<tr>\n<td>G14<\/td>\n<td>Kule<\/td>\n<td><\/td>\n<td>Thomas Svendsen<\/td>\n<td>23,96<\/td>\n<\/tr>\n<tr>\n<td>G14<\/td>\n<td>Lengde<\/td>\n<td><\/td>\n<td>Brage Kaspersen Bjaaland<\/td>\n<td>4,57<\/td>\n<\/tr>\n<tr>\n<td>G14<\/td>\n<td>Spyd<\/td>\n<td><\/td>\n<td>Thomas Svendsen<\/td>\n<td>31,23<\/td>\n<\/tr>\n<tr>\n<td>G14<\/td>\n<td>Spyd<\/td>\n<td><\/td>\n<td>Iver Fykerud<\/td>\n<td>24,40<\/td>\n<\/tr>\n<tr>\n<td>G14<\/td>\n<td>Tresteg<\/td>\n<td><\/td>\n<td>Iver Fykerud<\/td>\n<td>9,27<\/td>\n<\/tr>\n<tr>\n<td>J13<\/td>\n<td>1000m kappgang<\/td>\n<td><\/td>\n<td>Tuva R\u00f8tvold Gerhardsen<\/td>\n<td>6,38,99<\/td>\n<\/tr>\n<tr>\n<td>J13<\/td>\n<td>1500m<\/td>\n<td><\/td>\n<td>Tuva R\u00f8tvold Gerhardsen<\/td>\n<td>5,35,45<\/td>\n<\/tr>\n<tr>\n<td>J13<\/td>\n<td>600m<\/td>\n<td><\/td>\n<td>Tuva R\u00f8tvold Gerhardsen<\/td>\n<td>1,54,60<\/td>\n<\/tr>\n<tr>\n<td>J14<\/td>\n<td>200m<\/td>\n<td>Nr.1<\/td>\n<td>Elise Sandvik Tornberg<\/td>\n<td>27,22<\/td>\n<\/tr>\n<tr>\n<td>J14<\/td>\n<td>1500m<\/td>\n<td>Nr.1<\/td>\n<td>Celine Kr\u00fcger Henningsen<\/td>\n<td>4,58,85<\/td>\n<\/tr>\n<tr>\n<td>J14<\/td>\n<td>1500m<\/td>\n<td>Nr.2<\/td>\n<td>Mia Mathilda Andersen<\/td>\n<td>4,59,09<\/td>\n<\/tr>\n<tr>\n<td>J14<\/td>\n<td>600m<\/td>\n<td>Nr.1<\/td>\n<td>Mia Mathilda Andersen<\/td>\n<td>1,42,33<\/td>\n<\/tr>\n<tr>\n<td>J14<\/td>\n<td>60m<\/td>\n<td><\/td>\n<td>Elise Sandvik Tornberg<\/td>\n<td>8,53<\/td>\n<\/tr>\n<tr>\n<td>J14<\/td>\n<td>Diskos<\/td>\n<td>Nr.2<\/td>\n<td>Alvilde Dalan<\/td>\n<td>25,32<\/td>\n<\/tr>\n<tr>\n<td>J14<\/td>\n<td>Kule<\/td>\n<td><\/td>\n<td>Alvilde Dalan<\/td>\n<td>7,24<\/td>\n<\/tr>\n<tr>\n<td>J14<\/td>\n<td>Lengde<\/td>\n<td><\/td>\n<td>Elise Sandvik Tornberg<\/td>\n<td>4,37<\/td>\n<\/tr>\n<tr>\n<td>J14<\/td>\n<td>Slegge<\/td>\n<td><\/td>\n<td>Alvilde Dalan<\/td>\n<td>22,96<\/td>\n<\/tr>\n<tr>\n<td>J14<\/td>\n<td>Spyd<\/td>\n<td>Nr.1<\/td>\n<td>Alvilde Dalan<\/td>\n<td>32,42<\/td>\n<\/tr>\n<tr>\n<td>J14<\/td>\n<td>Tresteg<\/td>\n<td>Nr.2<\/td>\n<td>Elise Sandvik Tornberg<\/td>\n<td>9,91<\/td>\n<\/tr>\n<tr>\n<td>J14<\/td>\n<td>Tresteg<\/td>\n<td><\/td>\n<td>Mia Mathilda Andersen<\/td>\n<td>8,14<\/td>\n<\/tr>\n<\/tbody>\n<\/table>\n<p>&nbsp;<\/p>\n","protected":false},"excerpt":{"rendered":"Ler\u00f8ylekene er friidrettskonkurransen hvor ut\u00f8verne som er 13 og 14 \u00e5r, deltar for sin krets.\u00a0 \u00c5rets Ler\u00f8yleker for Akershus ble avholdt p\u00e5 Rjukan f\u00f8rste helg i september.\u00a0 Det var til sammen 12 ut\u00f8ve&#8230;","protected":false},"author":2,"featured_media":24890,"comment_status":"closed","ping_status":"open","sticky":false,"template":"","format":"standard","meta":{"footnotes":"","_jetpack_memberships_contains_paid_content":false},"categories":[1],"tags":[],"acf":[],"yoast_head":"<!-- This site is optimized with the Yoast SEO plugin v21.2 - https:\/\/yoast.com\/wordpress\/plugins\/seo\/ -->\n<title>Fin innsats p\u00e5 Ler\u00f8ylekene - Tyrving - Friidrett<\/title>\n<meta name=\"robots\" content=\"index, follow, max-snippet:-1, max-image-preview:large, max-video-preview:-1\" \/>\n<link rel=\"canonical\" href=\"https:\/\/tyrving.idrett.no\/10\/f\/2023\/09\/11\/fin-innsats-pa-leroylekene\/\" \/>\n<meta property=\"og:locale\" content=\"nb_NO\" \/>\n<meta property=\"og:type\" content=\"article\" \/>\n<meta property=\"og:title\" content=\"Fin innsats p\u00e5 Ler\u00f8ylekene - Tyrving - Friidrett\" \/>\n<meta property=\"og:description\" content=\"Ler\u00f8ylekene er friidrettskonkurransen hvor ut\u00f8verne som er 13 og 14 \u00e5r, deltar for sin krets.\u00a0 \u00c5rets Ler\u00f8yleker for Akershus ble avholdt p\u00e5 Rjukan f\u00f8rste helg i september.\u00a0 Det var til sammen 12 ut\u00f8ve...\" \/>\n<meta property=\"og:url\" content=\"https:\/\/tyrving.idrett.no\/10\/f\/2023\/09\/11\/fin-innsats-pa-leroylekene\/\" \/>\n<meta property=\"og:site_name\" content=\"Tyrving - Friidrett\" \/>\n<meta property=\"article:published_time\" content=\"2023-09-11T09:31:27+00:00\" \/>\n<meta property=\"og:image\" content=\"https:\/\/tyrving.idrett.no\/10\/f\/files\/2023\/09\/Leroylekene.png\" \/>\n\t<meta property=\"og:image:width\" content=\"705\" \/>\n\t<meta property=\"og:image:height\" content=\"405\" \/>\n\t<meta property=\"og:image:type\" content=\"image\/png\" \/>\n<meta name=\"author\" content=\"Kirsten Larsen\" \/>\n<meta name=\"twitter:card\" content=\"summary_large_image\" \/>\n<meta name=\"twitter:label1\" content=\"Skrevet av\" \/>\n\t<meta name=\"twitter:data1\" content=\"Kirsten Larsen\" \/>\n\t<meta name=\"twitter:label2\" content=\"Ansl. lesetid\" \/>\n\t<meta name=\"twitter:data2\" content=\"2 minutter\" \/>\n<script type=\"application\/ld+json\" class=\"yoast-schema-graph\">{\"@context\":\"https:\/\/schema.org\",\"@graph\":[{\"@type\":\"Article\",\"@id\":\"https:\/\/tyrving.idrett.no\/10\/f\/2023\/09\/11\/fin-innsats-pa-leroylekene\/#article\",\"isPartOf\":{\"@id\":\"https:\/\/tyrving.idrett.no\/10\/f\/2023\/09\/11\/fin-innsats-pa-leroylekene\/\"},\"author\":{\"name\":\"Kirsten Larsen\",\"@id\":\"https:\/\/tyrving.idrett.no\/10\/f\/#\/schema\/person\/9d33b15b4997b99c21c6e0b044d8bfd3\"},\"headline\":\"Fin innsats p\u00e5 Ler\u00f8ylekene\",\"datePublished\":\"2023-09-11T09:31:27+00:00\",\"dateModified\":\"2023-09-11T09:31:27+00:00\",\"mainEntityOfPage\":{\"@id\":\"https:\/\/tyrving.idrett.no\/10\/f\/2023\/09\/11\/fin-innsats-pa-leroylekene\/\"},\"wordCount\":282,\"publisher\":{\"@id\":\"https:\/\/tyrving.idrett.no\/10\/f\/#organization\"},\"articleSection\":[\"Nyheter\"],\"inLanguage\":\"nb-NO\"},{\"@type\":\"WebPage\",\"@id\":\"https:\/\/tyrving.idrett.no\/10\/f\/2023\/09\/11\/fin-innsats-pa-leroylekene\/\",\"url\":\"https:\/\/tyrving.idrett.no\/10\/f\/2023\/09\/11\/fin-innsats-pa-leroylekene\/\",\"name\":\"Fin innsats p\u00e5 Ler\u00f8ylekene - Tyrving - Friidrett\",\"isPartOf\":{\"@id\":\"https:\/\/tyrving.idrett.no\/10\/f\/#website\"},\"datePublished\":\"2023-09-11T09:31:27+00:00\",\"dateModified\":\"2023-09-11T09:31:27+00:00\",\"breadcrumb\":{\"@id\":\"https:\/\/tyrving.idrett.no\/10\/f\/2023\/09\/11\/fin-innsats-pa-leroylekene\/#breadcrumb\"},\"inLanguage\":\"nb-NO\",\"potentialAction\":[{\"@type\":\"ReadAction\",\"target\":[\"https:\/\/tyrving.idrett.no\/10\/f\/2023\/09\/11\/fin-innsats-pa-leroylekene\/\"]}]},{\"@type\":\"BreadcrumbList\",\"@id\":\"https:\/\/tyrving.idrett.no\/10\/f\/2023\/09\/11\/fin-innsats-pa-leroylekene\/#breadcrumb\",\"itemListElement\":[{\"@type\":\"ListItem\",\"position\":1,\"name\":\"Hjem\",\"item\":\"https:\/\/tyrving.idrett.no\/10\/f\/\"},{\"@type\":\"ListItem\",\"position\":2,\"name\":\"Fin innsats p\u00e5 Ler\u00f8ylekene\"}]},{\"@type\":\"WebSite\",\"@id\":\"https:\/\/tyrving.idrett.no\/10\/f\/#website\",\"url\":\"https:\/\/tyrving.idrett.no\/10\/f\/\",\"name\":\"Tyrving - Friidrett\",\"description\":\"Friidrettsgruppa\",\"publisher\":{\"@id\":\"https:\/\/tyrving.idrett.no\/10\/f\/#organization\"},\"potentialAction\":[{\"@type\":\"SearchAction\",\"target\":{\"@type\":\"EntryPoint\",\"urlTemplate\":\"https:\/\/tyrving.idrett.no\/10\/f\/?s={search_term_string}\"},\"query-input\":\"required name=search_term_string\"}],\"inLanguage\":\"nb-NO\"},{\"@type\":\"Organization\",\"@id\":\"https:\/\/tyrving.idrett.no\/10\/f\/#organization\",\"name\":\"Tyrving Friidrettsgruppa\",\"url\":\"https:\/\/tyrving.idrett.no\/10\/f\/\",\"logo\":{\"@type\":\"ImageObject\",\"inLanguage\":\"nb-NO\",\"@id\":\"https:\/\/tyrving.idrett.no\/10\/f\/#\/schema\/logo\/image\/\",\"url\":\"https:\/\/tyrving.idrett.no\/10\/f\/files\/2019\/04\/Tyrving-Logo-Friidrett-2019.jpg\",\"contentUrl\":\"https:\/\/tyrving.idrett.no\/10\/f\/files\/2019\/04\/Tyrving-Logo-Friidrett-2019.jpg\",\"width\":460,\"height\":360,\"caption\":\"Tyrving Friidrettsgruppa\"},\"image\":{\"@id\":\"https:\/\/tyrving.idrett.no\/10\/f\/#\/schema\/logo\/image\/\"}},{\"@type\":\"Person\",\"@id\":\"https:\/\/tyrving.idrett.no\/10\/f\/#\/schema\/person\/9d33b15b4997b99c21c6e0b044d8bfd3\",\"name\":\"Kirsten Larsen\",\"image\":{\"@type\":\"ImageObject\",\"inLanguage\":\"nb-NO\",\"@id\":\"https:\/\/tyrving.idrett.no\/10\/f\/#\/schema\/person\/image\/\",\"url\":\"https:\/\/secure.gravatar.com\/avatar\/2924b58c2b807e7f70945c639540a744?s=96&d=mm&r=g\",\"contentUrl\":\"https:\/\/secure.gravatar.com\/avatar\/2924b58c2b807e7f70945c639540a744?s=96&d=mm&r=g\",\"caption\":\"Kirsten Larsen\"}}]}<\/script>\n<!-- \/ Yoast SEO plugin. -->","yoast_head_json":{"title":"Fin innsats p\u00e5 Ler\u00f8ylekene - Tyrving - Friidrett","robots":{"index":"index","follow":"follow","max-snippet":"max-snippet:-1","max-image-preview":"max-image-preview:large","max-video-preview":"max-video-preview:-1"},"canonical":"https:\/\/tyrving.idrett.no\/10\/f\/2023\/09\/11\/fin-innsats-pa-leroylekene\/","og_locale":"nb_NO","og_type":"article","og_title":"Fin innsats p\u00e5 Ler\u00f8ylekene - Tyrving - Friidrett","og_description":"Ler\u00f8ylekene er friidrettskonkurransen hvor ut\u00f8verne som er 13 og 14 \u00e5r, deltar for sin krets.\u00a0 \u00c5rets Ler\u00f8yleker for Akershus ble avholdt p\u00e5 Rjukan f\u00f8rste helg i september.\u00a0 Det var til sammen 12 ut\u00f8ve...","og_url":"https:\/\/tyrving.idrett.no\/10\/f\/2023\/09\/11\/fin-innsats-pa-leroylekene\/","og_site_name":"Tyrving - Friidrett","article_published_time":"2023-09-11T09:31:27+00:00","og_image":[{"width":705,"height":405,"url":"https:\/\/tyrving.idrett.no\/10\/f\/files\/2023\/09\/Leroylekene.png","type":"image\/png"}],"author":"Kirsten Larsen","twitter_card":"summary_large_image","twitter_misc":{"Skrevet av":"Kirsten Larsen","Ansl. lesetid":"2 minutter"},"schema":{"@context":"https:\/\/schema.org","@graph":[{"@type":"Article","@id":"https:\/\/tyrving.idrett.no\/10\/f\/2023\/09\/11\/fin-innsats-pa-leroylekene\/#article","isPartOf":{"@id":"https:\/\/tyrving.idrett.no\/10\/f\/2023\/09\/11\/fin-innsats-pa-leroylekene\/"},"author":{"name":"Kirsten Larsen","@id":"https:\/\/tyrving.idrett.no\/10\/f\/#\/schema\/person\/9d33b15b4997b99c21c6e0b044d8bfd3"},"headline":"Fin innsats p\u00e5 Ler\u00f8ylekene","datePublished":"2023-09-11T09:31:27+00:00","dateModified":"2023-09-11T09:31:27+00:00","mainEntityOfPage":{"@id":"https:\/\/tyrving.idrett.no\/10\/f\/2023\/09\/11\/fin-innsats-pa-leroylekene\/"},"wordCount":282,"publisher":{"@id":"https:\/\/tyrving.idrett.no\/10\/f\/#organization"},"articleSection":["Nyheter"],"inLanguage":"nb-NO"},{"@type":"WebPage","@id":"https:\/\/tyrving.idrett.no\/10\/f\/2023\/09\/11\/fin-innsats-pa-leroylekene\/","url":"https:\/\/tyrving.idrett.no\/10\/f\/2023\/09\/11\/fin-innsats-pa-leroylekene\/","name":"Fin innsats p\u00e5 Ler\u00f8ylekene - Tyrving - Friidrett","isPartOf":{"@id":"https:\/\/tyrving.idrett.no\/10\/f\/#website"},"datePublished":"2023-09-11T09:31:27+00:00","dateModified":"2023-09-11T09:31:27+00:00","breadcrumb":{"@id":"https:\/\/tyrving.idrett.no\/10\/f\/2023\/09\/11\/fin-innsats-pa-leroylekene\/#breadcrumb"},"inLanguage":"nb-NO","potentialAction":[{"@type":"ReadAction","target":["https:\/\/tyrving.idrett.no\/10\/f\/2023\/09\/11\/fin-innsats-pa-leroylekene\/"]}]},{"@type":"BreadcrumbList","@id":"https:\/\/tyrving.idrett.no\/10\/f\/2023\/09\/11\/fin-innsats-pa-leroylekene\/#breadcrumb","itemListElement":[{"@type":"ListItem","position":1,"name":"Hjem","item":"https:\/\/tyrving.idrett.no\/10\/f\/"},{"@type":"ListItem","position":2,"name":"Fin innsats p\u00e5 Ler\u00f8ylekene"}]},{"@type":"WebSite","@id":"https:\/\/tyrving.idrett.no\/10\/f\/#website","url":"https:\/\/tyrving.idrett.no\/10\/f\/","name":"Tyrving - Friidrett","description":"Friidrettsgruppa","publisher":{"@id":"https:\/\/tyrving.idrett.no\/10\/f\/#organization"},"potentialAction":[{"@type":"SearchAction","target":{"@type":"EntryPoint","urlTemplate":"https:\/\/tyrving.idrett.no\/10\/f\/?s={search_term_string}"},"query-input":"required name=search_term_string"}],"inLanguage":"nb-NO"},{"@type":"Organization","@id":"https:\/\/tyrving.idrett.no\/10\/f\/#organization","name":"Tyrving Friidrettsgruppa","url":"https:\/\/tyrving.idrett.no\/10\/f\/","logo":{"@type":"ImageObject","inLanguage":"nb-NO","@id":"https:\/\/tyrving.idrett.no\/10\/f\/#\/schema\/logo\/image\/","url":"https:\/\/tyrving.idrett.no\/10\/f\/files\/2019\/04\/Tyrving-Logo-Friidrett-2019.jpg","contentUrl":"https:\/\/tyrving.idrett.no\/10\/f\/files\/2019\/04\/Tyrving-Logo-Friidrett-2019.jpg","width":460,"height":360,"caption":"Tyrving Friidrettsgruppa"},"image":{"@id":"https:\/\/tyrving.idrett.no\/10\/f\/#\/schema\/logo\/image\/"}},{"@type":"Person","@id":"https:\/\/tyrving.idrett.no\/10\/f\/#\/schema\/person\/9d33b15b4997b99c21c6e0b044d8bfd3","name":"Kirsten Larsen","image":{"@type":"ImageObject","inLanguage":"nb-NO","@id":"https:\/\/tyrving.idrett.no\/10\/f\/#\/schema\/person\/image\/","url":"https:\/\/secure.gravatar.com\/avatar\/2924b58c2b807e7f70945c639540a744?s=96&d=mm&r=g","contentUrl":"https:\/\/secure.gravatar.com\/avatar\/2924b58c2b807e7f70945c639540a744?s=96&d=mm&r=g","caption":"Kirsten Larsen"}}]}},"jetpack_sharing_enabled":true,"jetpack_featured_media_url":"https:\/\/tyrving.idrett.no\/10\/f\/files\/2023\/09\/Leroylekene.png","_links":{"self":[{"href":"https:\/\/tyrving.idrett.no\/10\/f\/wp-json\/wp\/v2\/posts\/24889"}],"collection":[{"href":"https:\/\/tyrving.idrett.no\/10\/f\/wp-json\/wp\/v2\/posts"}],"about":[{"href":"https:\/\/tyrving.idrett.no\/10\/f\/wp-json\/wp\/v2\/types\/post"}],"author":[{"embeddable":true,"href":"https:\/\/tyrving.idrett.no\/10\/f\/wp-json\/wp\/v2\/users\/2"}],"replies":[{"embeddable":true,"href":"https:\/\/tyrving.idrett.no\/10\/f\/wp-json\/wp\/v2\/comments?post=24889"}],"version-history":[{"count":3,"href":"https:\/\/tyrving.idrett.no\/10\/f\/wp-json\/wp\/v2\/posts\/24889\/revisions"}],"predecessor-version":[{"id":24893,"href":"https:\/\/tyrving.idrett.no\/10\/f\/wp-json\/wp\/v2\/posts\/24889\/revisions\/24893"}],"wp:featuredmedia":[{"embeddable":true,"href":"https:\/\/tyrving.idrett.no\/10\/f\/wp-json\/wp\/v2\/media\/24890"}],"wp:attachment":[{"href":"https:\/\/tyrving.idrett.no\/10\/f\/wp-json\/wp\/v2\/media?parent=24889"}],"wp:term":[{"taxonomy":"category","embeddable":true,"href":"https:\/\/tyrving.idrett.no\/10\/f\/wp-json\/wp\/v2\/categories?post=24889"},{"taxonomy":"post_tag","embeddable":true,"href":"https:\/\/tyrving.idrett.no\/10\/f\/wp-json\/wp\/v2\/tags?post=24889"}],"curies":[{"name":"wp","href":"https:\/\/api.w.org\/{rel}","templated":true}]}}