{"id":24894,"date":"2023-09-11T13:40:45","date_gmt":"2023-09-11T11:40:45","guid":{"rendered":"https:\/\/tyrving.idrett.no\/10\/f\/?p=24894"},"modified":"2023-09-11T19:39:12","modified_gmt":"2023-09-11T17:39:12","slug":"tidsskjema-lopsstevne-12-sep","status":"publish","type":"post","link":"https:\/\/tyrving.idrett.no\/10\/f\/2023\/09\/11\/tidsskjema-lopsstevne-12-sep\/","title":{"rendered":"Tidsskjema l\u00f8psstevne tirsdag 12. sept"},"content":{"rendered":"<p>Tirsdag 12. sep. er det l\u00f8psstevne p\u00e5 B\u00e6rum Idrettspark.\u00a0 Dette er det f\u00f8rste stevnet i det vi har kalt H\u00f8stserien.\u00a0 L\u00f8psstevnet etterf\u00f8lges av Hoppstevne og Kaststevne.\u00a0 Disse to stevnene arrangeres henholdsvis onsdag 13. september og tirsdag 19. september.\u00a0 P\u00e5melding i <a href=\"http:\/\/isonen.no\">isonen.no<\/a><\/p>\n<p><!--more--><\/p>\n<p><em>Versjon 2 (11.09, 19:35)<\/p>\n<p><\/em><\/p>\n<table width=\"424\">\n<tbody>\n<tr>\n<td width=\"74\"><strong>Start<\/strong><\/td>\n<td width=\"116\"><strong>\u00d8velse<\/strong><\/td>\n<td width=\"112\"><strong>Klasse<\/strong><\/td>\n<td width=\"61\"><strong>Antal<\/strong>l<\/td>\n<td width=\"61\"><\/td>\n<\/tr>\n<tr>\n<td>17:30<\/td>\n<td>80m Hekk<\/td>\n<td>G14<\/td>\n<td>1<\/td>\n<td>\u00a084<\/td>\n<\/tr>\n<tr>\n<td>17:35<\/td>\n<td>60m Hekk<\/td>\n<td>G10, G11<\/td>\n<td>1+3<\/td>\n<td>68<\/td>\n<\/tr>\n<tr>\n<td>17:40<\/td>\n<td>60m Hekk<\/td>\n<td>J10, J11<\/td>\n<td>2+5<\/td>\n<td>68<\/td>\n<\/tr>\n<tr>\n<td>17:45<\/td>\n<td>60m Hekk<\/td>\n<td>G12, J12<\/td>\n<td>1+1<\/td>\n<td>76,5<\/td>\n<\/tr>\n<tr>\n<td>17:50<\/td>\n<td>60m Hekk<\/td>\n<td>G13<\/td>\n<td>1<\/td>\n<td>76,5<\/td>\n<\/tr>\n<tr>\n<td>18:00<\/td>\n<td>60m<\/td>\n<td>J10,J12<\/td>\n<td>2+1<\/td>\n<td><\/td>\n<\/tr>\n<tr>\n<td>18:05<\/td>\n<td>60m<\/td>\n<td>J11<\/td>\n<td>7<\/td>\n<td><\/td>\n<\/tr>\n<tr>\n<td>18:10<\/td>\n<td>60m<\/td>\n<td>G10,G11,G12<\/td>\n<td>1+3+1<\/td>\n<td><\/td>\n<\/tr>\n<tr>\n<td>18:20<\/td>\n<td>100m<\/td>\n<td>J13<\/td>\n<td>5<\/td>\n<td><\/td>\n<\/tr>\n<tr>\n<td>18:25<\/td>\n<td>100m<\/td>\n<td>G13+G14<\/td>\n<td>4+1<\/td>\n<td><\/td>\n<\/tr>\n<tr>\n<td>18:30<\/td>\n<td>100m<\/td>\n<td>J14+J15<\/td>\n<td>3+1<\/td>\n<td><\/td>\n<\/tr>\n<tr>\n<td>18:35<\/td>\n<td>100m<\/td>\n<td>G17+G18\/19+MS<\/td>\n<td>3+1+1<\/td>\n<td><\/td>\n<\/tr>\n<tr>\n<td>18:45<\/td>\n<td>600m<\/td>\n<td>J10+J11+J12<\/td>\n<td>2+5+1<\/td>\n<td><\/td>\n<\/tr>\n<tr>\n<td>18:55<\/td>\n<td>600m<\/td>\n<td>G10+G11+G12<\/td>\n<td>2+4+1<\/td>\n<td><\/td>\n<\/tr>\n<tr>\n<td>19:05<\/td>\n<td>800m<\/td>\n<td>J13+J14+J15<\/td>\n<td>1+4+1<\/td>\n<td><\/td>\n<\/tr>\n<tr>\n<td>19:15<\/td>\n<td>800m<\/td>\n<td>G13+G14<\/td>\n<td>2+1<\/td>\n<td><\/td>\n<\/tr>\n<tr>\n<td>19:20<\/td>\n<td>800m<\/td>\n<td>MS<\/td>\n<td>2<\/td>\n<td><\/td>\n<\/tr>\n<\/tbody>\n<\/table>\n","protected":false},"excerpt":{"rendered":"Tirsdag 12. sep. er det l\u00f8psstevne p\u00e5 B\u00e6rum Idrettspark.\u00a0 Dette er det f\u00f8rste stevnet i det vi har kalt H\u00f8stserien.\u00a0 L\u00f8psstevnet etterf\u00f8lges av Hoppstevne og Kaststevne.\u00a0 Disse to stevnene arrangeres &#8230;","protected":false},"author":2,"featured_media":24539,"comment_status":"closed","ping_status":"open","sticky":false,"template":"","format":"standard","meta":{"footnotes":"","_jetpack_memberships_contains_paid_content":false},"categories":[1],"tags":[],"acf":[],"yoast_head":"<!-- This site is optimized with the Yoast SEO plugin v21.2 - https:\/\/yoast.com\/wordpress\/plugins\/seo\/ -->\n<title>Tidsskjema l\u00f8psstevne tirsdag 12. sept - Tyrving - Friidrett<\/title>\n<meta name=\"robots\" content=\"index, follow, max-snippet:-1, max-image-preview:large, max-video-preview:-1\" \/>\n<link rel=\"canonical\" href=\"https:\/\/tyrving.idrett.no\/10\/f\/2023\/09\/11\/tidsskjema-lopsstevne-12-sep\/\" \/>\n<meta property=\"og:locale\" content=\"nb_NO\" \/>\n<meta property=\"og:type\" content=\"article\" \/>\n<meta property=\"og:title\" content=\"Tidsskjema l\u00f8psstevne tirsdag 12. sept - Tyrving - Friidrett\" \/>\n<meta property=\"og:description\" content=\"Tirsdag 12. sep. er det l\u00f8psstevne p\u00e5 B\u00e6rum Idrettspark.\u00a0 Dette er det f\u00f8rste stevnet i det vi har kalt H\u00f8stserien.\u00a0 L\u00f8psstevnet etterf\u00f8lges av Hoppstevne og Kaststevne.\u00a0 Disse to stevnene arrangeres ...\" \/>\n<meta property=\"og:url\" content=\"https:\/\/tyrving.idrett.no\/10\/f\/2023\/09\/11\/tidsskjema-lopsstevne-12-sep\/\" \/>\n<meta property=\"og:site_name\" content=\"Tyrving - Friidrett\" \/>\n<meta property=\"article:published_time\" content=\"2023-09-11T11:40:45+00:00\" \/>\n<meta property=\"article:modified_time\" content=\"2023-09-11T17:39:12+00:00\" \/>\n<meta property=\"og:image\" content=\"https:\/\/tyrving.idrett.no\/10\/f\/files\/2023\/04\/Utklipp-2.png\" \/>\n\t<meta property=\"og:image:width\" content=\"868\" \/>\n\t<meta property=\"og:image:height\" content=\"613\" \/>\n\t<meta property=\"og:image:type\" content=\"image\/png\" \/>\n<meta name=\"author\" content=\"Kirsten Larsen\" \/>\n<meta name=\"twitter:card\" content=\"summary_large_image\" \/>\n<meta name=\"twitter:label1\" content=\"Skrevet av\" \/>\n\t<meta name=\"twitter:data1\" content=\"Kirsten Larsen\" \/>\n\t<meta name=\"twitter:label2\" content=\"Ansl. lesetid\" \/>\n\t<meta name=\"twitter:data2\" content=\"1 minutt\" \/>\n<script type=\"application\/ld+json\" class=\"yoast-schema-graph\">{\"@context\":\"https:\/\/schema.org\",\"@graph\":[{\"@type\":\"Article\",\"@id\":\"https:\/\/tyrving.idrett.no\/10\/f\/2023\/09\/11\/tidsskjema-lopsstevne-12-sep\/#article\",\"isPartOf\":{\"@id\":\"https:\/\/tyrving.idrett.no\/10\/f\/2023\/09\/11\/tidsskjema-lopsstevne-12-sep\/\"},\"author\":{\"name\":\"Kirsten Larsen\",\"@id\":\"https:\/\/tyrving.idrett.no\/10\/f\/#\/schema\/person\/9d33b15b4997b99c21c6e0b044d8bfd3\"},\"headline\":\"Tidsskjema l\u00f8psstevne tirsdag 12. sept\",\"datePublished\":\"2023-09-11T11:40:45+00:00\",\"dateModified\":\"2023-09-11T17:39:12+00:00\",\"mainEntityOfPage\":{\"@id\":\"https:\/\/tyrving.idrett.no\/10\/f\/2023\/09\/11\/tidsskjema-lopsstevne-12-sep\/\"},\"wordCount\":112,\"publisher\":{\"@id\":\"https:\/\/tyrving.idrett.no\/10\/f\/#organization\"},\"articleSection\":[\"Nyheter\"],\"inLanguage\":\"nb-NO\"},{\"@type\":\"WebPage\",\"@id\":\"https:\/\/tyrving.idrett.no\/10\/f\/2023\/09\/11\/tidsskjema-lopsstevne-12-sep\/\",\"url\":\"https:\/\/tyrving.idrett.no\/10\/f\/2023\/09\/11\/tidsskjema-lopsstevne-12-sep\/\",\"name\":\"Tidsskjema l\u00f8psstevne tirsdag 12. sept - Tyrving - Friidrett\",\"isPartOf\":{\"@id\":\"https:\/\/tyrving.idrett.no\/10\/f\/#website\"},\"datePublished\":\"2023-09-11T11:40:45+00:00\",\"dateModified\":\"2023-09-11T17:39:12+00:00\",\"breadcrumb\":{\"@id\":\"https:\/\/tyrving.idrett.no\/10\/f\/2023\/09\/11\/tidsskjema-lopsstevne-12-sep\/#breadcrumb\"},\"inLanguage\":\"nb-NO\",\"potentialAction\":[{\"@type\":\"ReadAction\",\"target\":[\"https:\/\/tyrving.idrett.no\/10\/f\/2023\/09\/11\/tidsskjema-lopsstevne-12-sep\/\"]}]},{\"@type\":\"BreadcrumbList\",\"@id\":\"https:\/\/tyrving.idrett.no\/10\/f\/2023\/09\/11\/tidsskjema-lopsstevne-12-sep\/#breadcrumb\",\"itemListElement\":[{\"@type\":\"ListItem\",\"position\":1,\"name\":\"Hjem\",\"item\":\"https:\/\/tyrving.idrett.no\/10\/f\/\"},{\"@type\":\"ListItem\",\"position\":2,\"name\":\"Tidsskjema l\u00f8psstevne tirsdag 12. sept\"}]},{\"@type\":\"WebSite\",\"@id\":\"https:\/\/tyrving.idrett.no\/10\/f\/#website\",\"url\":\"https:\/\/tyrving.idrett.no\/10\/f\/\",\"name\":\"Tyrving - Friidrett\",\"description\":\"Friidrettsgruppa\",\"publisher\":{\"@id\":\"https:\/\/tyrving.idrett.no\/10\/f\/#organization\"},\"potentialAction\":[{\"@type\":\"SearchAction\",\"target\":{\"@type\":\"EntryPoint\",\"urlTemplate\":\"https:\/\/tyrving.idrett.no\/10\/f\/?s={search_term_string}\"},\"query-input\":\"required name=search_term_string\"}],\"inLanguage\":\"nb-NO\"},{\"@type\":\"Organization\",\"@id\":\"https:\/\/tyrving.idrett.no\/10\/f\/#organization\",\"name\":\"Tyrving Friidrettsgruppa\",\"url\":\"https:\/\/tyrving.idrett.no\/10\/f\/\",\"logo\":{\"@type\":\"ImageObject\",\"inLanguage\":\"nb-NO\",\"@id\":\"https:\/\/tyrving.idrett.no\/10\/f\/#\/schema\/logo\/image\/\",\"url\":\"https:\/\/tyrving.idrett.no\/10\/f\/files\/2019\/04\/Tyrving-Logo-Friidrett-2019.jpg\",\"contentUrl\":\"https:\/\/tyrving.idrett.no\/10\/f\/files\/2019\/04\/Tyrving-Logo-Friidrett-2019.jpg\",\"width\":460,\"height\":360,\"caption\":\"Tyrving Friidrettsgruppa\"},\"image\":{\"@id\":\"https:\/\/tyrving.idrett.no\/10\/f\/#\/schema\/logo\/image\/\"}},{\"@type\":\"Person\",\"@id\":\"https:\/\/tyrving.idrett.no\/10\/f\/#\/schema\/person\/9d33b15b4997b99c21c6e0b044d8bfd3\",\"name\":\"Kirsten Larsen\",\"image\":{\"@type\":\"ImageObject\",\"inLanguage\":\"nb-NO\",\"@id\":\"https:\/\/tyrving.idrett.no\/10\/f\/#\/schema\/person\/image\/\",\"url\":\"https:\/\/secure.gravatar.com\/avatar\/2924b58c2b807e7f70945c639540a744?s=96&d=mm&r=g\",\"contentUrl\":\"https:\/\/secure.gravatar.com\/avatar\/2924b58c2b807e7f70945c639540a744?s=96&d=mm&r=g\",\"caption\":\"Kirsten Larsen\"}}]}<\/script>\n<!-- \/ Yoast SEO plugin. -->","yoast_head_json":{"title":"Tidsskjema l\u00f8psstevne tirsdag 12. sept - Tyrving - Friidrett","robots":{"index":"index","follow":"follow","max-snippet":"max-snippet:-1","max-image-preview":"max-image-preview:large","max-video-preview":"max-video-preview:-1"},"canonical":"https:\/\/tyrving.idrett.no\/10\/f\/2023\/09\/11\/tidsskjema-lopsstevne-12-sep\/","og_locale":"nb_NO","og_type":"article","og_title":"Tidsskjema l\u00f8psstevne tirsdag 12. sept - Tyrving - Friidrett","og_description":"Tirsdag 12. sep. er det l\u00f8psstevne p\u00e5 B\u00e6rum Idrettspark.\u00a0 Dette er det f\u00f8rste stevnet i det vi har kalt H\u00f8stserien.\u00a0 L\u00f8psstevnet etterf\u00f8lges av Hoppstevne og Kaststevne.\u00a0 Disse to stevnene arrangeres ...","og_url":"https:\/\/tyrving.idrett.no\/10\/f\/2023\/09\/11\/tidsskjema-lopsstevne-12-sep\/","og_site_name":"Tyrving - Friidrett","article_published_time":"2023-09-11T11:40:45+00:00","article_modified_time":"2023-09-11T17:39:12+00:00","og_image":[{"width":868,"height":613,"url":"https:\/\/tyrving.idrett.no\/10\/f\/files\/2023\/04\/Utklipp-2.png","type":"image\/png"}],"author":"Kirsten Larsen","twitter_card":"summary_large_image","twitter_misc":{"Skrevet av":"Kirsten Larsen","Ansl. lesetid":"1 minutt"},"schema":{"@context":"https:\/\/schema.org","@graph":[{"@type":"Article","@id":"https:\/\/tyrving.idrett.no\/10\/f\/2023\/09\/11\/tidsskjema-lopsstevne-12-sep\/#article","isPartOf":{"@id":"https:\/\/tyrving.idrett.no\/10\/f\/2023\/09\/11\/tidsskjema-lopsstevne-12-sep\/"},"author":{"name":"Kirsten Larsen","@id":"https:\/\/tyrving.idrett.no\/10\/f\/#\/schema\/person\/9d33b15b4997b99c21c6e0b044d8bfd3"},"headline":"Tidsskjema l\u00f8psstevne tirsdag 12. sept","datePublished":"2023-09-11T11:40:45+00:00","dateModified":"2023-09-11T17:39:12+00:00","mainEntityOfPage":{"@id":"https:\/\/tyrving.idrett.no\/10\/f\/2023\/09\/11\/tidsskjema-lopsstevne-12-sep\/"},"wordCount":112,"publisher":{"@id":"https:\/\/tyrving.idrett.no\/10\/f\/#organization"},"articleSection":["Nyheter"],"inLanguage":"nb-NO"},{"@type":"WebPage","@id":"https:\/\/tyrving.idrett.no\/10\/f\/2023\/09\/11\/tidsskjema-lopsstevne-12-sep\/","url":"https:\/\/tyrving.idrett.no\/10\/f\/2023\/09\/11\/tidsskjema-lopsstevne-12-sep\/","name":"Tidsskjema l\u00f8psstevne tirsdag 12. sept - Tyrving - Friidrett","isPartOf":{"@id":"https:\/\/tyrving.idrett.no\/10\/f\/#website"},"datePublished":"2023-09-11T11:40:45+00:00","dateModified":"2023-09-11T17:39:12+00:00","breadcrumb":{"@id":"https:\/\/tyrving.idrett.no\/10\/f\/2023\/09\/11\/tidsskjema-lopsstevne-12-sep\/#breadcrumb"},"inLanguage":"nb-NO","potentialAction":[{"@type":"ReadAction","target":["https:\/\/tyrving.idrett.no\/10\/f\/2023\/09\/11\/tidsskjema-lopsstevne-12-sep\/"]}]},{"@type":"BreadcrumbList","@id":"https:\/\/tyrving.idrett.no\/10\/f\/2023\/09\/11\/tidsskjema-lopsstevne-12-sep\/#breadcrumb","itemListElement":[{"@type":"ListItem","position":1,"name":"Hjem","item":"https:\/\/tyrving.idrett.no\/10\/f\/"},{"@type":"ListItem","position":2,"name":"Tidsskjema l\u00f8psstevne tirsdag 12. sept"}]},{"@type":"WebSite","@id":"https:\/\/tyrving.idrett.no\/10\/f\/#website","url":"https:\/\/tyrving.idrett.no\/10\/f\/","name":"Tyrving - Friidrett","description":"Friidrettsgruppa","publisher":{"@id":"https:\/\/tyrving.idrett.no\/10\/f\/#organization"},"potentialAction":[{"@type":"SearchAction","target":{"@type":"EntryPoint","urlTemplate":"https:\/\/tyrving.idrett.no\/10\/f\/?s={search_term_string}"},"query-input":"required name=search_term_string"}],"inLanguage":"nb-NO"},{"@type":"Organization","@id":"https:\/\/tyrving.idrett.no\/10\/f\/#organization","name":"Tyrving Friidrettsgruppa","url":"https:\/\/tyrving.idrett.no\/10\/f\/","logo":{"@type":"ImageObject","inLanguage":"nb-NO","@id":"https:\/\/tyrving.idrett.no\/10\/f\/#\/schema\/logo\/image\/","url":"https:\/\/tyrving.idrett.no\/10\/f\/files\/2019\/04\/Tyrving-Logo-Friidrett-2019.jpg","contentUrl":"https:\/\/tyrving.idrett.no\/10\/f\/files\/2019\/04\/Tyrving-Logo-Friidrett-2019.jpg","width":460,"height":360,"caption":"Tyrving Friidrettsgruppa"},"image":{"@id":"https:\/\/tyrving.idrett.no\/10\/f\/#\/schema\/logo\/image\/"}},{"@type":"Person","@id":"https:\/\/tyrving.idrett.no\/10\/f\/#\/schema\/person\/9d33b15b4997b99c21c6e0b044d8bfd3","name":"Kirsten Larsen","image":{"@type":"ImageObject","inLanguage":"nb-NO","@id":"https:\/\/tyrving.idrett.no\/10\/f\/#\/schema\/person\/image\/","url":"https:\/\/secure.gravatar.com\/avatar\/2924b58c2b807e7f70945c639540a744?s=96&d=mm&r=g","contentUrl":"https:\/\/secure.gravatar.com\/avatar\/2924b58c2b807e7f70945c639540a744?s=96&d=mm&r=g","caption":"Kirsten Larsen"}}]}},"jetpack_sharing_enabled":true,"jetpack_featured_media_url":"https:\/\/tyrving.idrett.no\/10\/f\/files\/2023\/04\/Utklipp-2.png","_links":{"self":[{"href":"https:\/\/tyrving.idrett.no\/10\/f\/wp-json\/wp\/v2\/posts\/24894"}],"collection":[{"href":"https:\/\/tyrving.idrett.no\/10\/f\/wp-json\/wp\/v2\/posts"}],"about":[{"href":"https:\/\/tyrving.idrett.no\/10\/f\/wp-json\/wp\/v2\/types\/post"}],"author":[{"embeddable":true,"href":"https:\/\/tyrving.idrett.no\/10\/f\/wp-json\/wp\/v2\/users\/2"}],"replies":[{"embeddable":true,"href":"https:\/\/tyrving.idrett.no\/10\/f\/wp-json\/wp\/v2\/comments?post=24894"}],"version-history":[{"count":6,"href":"https:\/\/tyrving.idrett.no\/10\/f\/wp-json\/wp\/v2\/posts\/24894\/revisions"}],"predecessor-version":[{"id":24917,"href":"https:\/\/tyrving.idrett.no\/10\/f\/wp-json\/wp\/v2\/posts\/24894\/revisions\/24917"}],"wp:featuredmedia":[{"embeddable":true,"href":"https:\/\/tyrving.idrett.no\/10\/f\/wp-json\/wp\/v2\/media\/24539"}],"wp:attachment":[{"href":"https:\/\/tyrving.idrett.no\/10\/f\/wp-json\/wp\/v2\/media?parent=24894"}],"wp:term":[{"taxonomy":"category","embeddable":true,"href":"https:\/\/tyrving.idrett.no\/10\/f\/wp-json\/wp\/v2\/categories?post=24894"},{"taxonomy":"post_tag","embeddable":true,"href":"https:\/\/tyrving.idrett.no\/10\/f\/wp-json\/wp\/v2\/tags?post=24894"}],"curies":[{"name":"wp","href":"https:\/\/api.w.org\/{rel}","templated":true}]}}