{"id":24898,"date":"2023-09-11T19:24:29","date_gmt":"2023-09-11T17:24:29","guid":{"rendered":"https:\/\/tyrving.idrett.no\/10\/f\/?p=24898"},"modified":"2023-09-11T19:24:30","modified_gmt":"2023-09-11T17:24:30","slug":"12-medaljer-i-um","status":"publish","type":"post","link":"https:\/\/tyrving.idrett.no\/10\/f\/2023\/09\/11\/12-medaljer-i-um\/","title":{"rendered":"12 medaljer i UM"},"content":{"rendered":"<p>Tyrvings ut\u00f8vere kunne reise hjem fra UM i Bergen med totalt 12 medaljer.\u00a0 Den fra Tyrving som reiste hjem med flest medaljer var Camilla Dahl Kristiansen (p\u00e5 bildet sammen med Mille Baastad Berg).\u00a0 Camilla vant 200m, ble nr. 2 p\u00e5 400m og 1000m stafett.\u00a0 Gull og s\u00f8lv individuelt ble det ogs\u00e5 p\u00e5 Sigmund Le Fjeld i henholdsvis tresteg og lengde.<\/p>\n<p>&nbsp;<\/p>\n<p>Ogs\u00e5 Hanna Fiva \u00d8iestad (15) tok s\u00f8lv.\u00a0 Hanna hoppet 1,53 i h\u00f8yde og det var personlig rekord med 3 cm.\u00a0 Hanna var ogs\u00e5 med p\u00e5 Tyrvings lag som ble nr. 2 p\u00e5 1000m stafett.\u00a0 Her l\u00f8p ogs\u00e5 Arnica Shabani, Mille Baastad Berg og Camilla Dahl Kristiansen.\u00a0 V\u00e5re 16-\u00e5ringer Markus Le Fjeld og Martin Hoff Gj\u00f8rvad tok s\u00f8lv p\u00e5 henholdsvis 100m hekk og lengde.<\/p>\n<p>&nbsp;<\/p>\n<p>Bronsemedaljene &#8211; totalt 4 stk &#8211; gikk til Mille Baastad Berg p\u00e5 200m, Linnea Hove L\u00e5hne p\u00e5 3000mm, Franz Philip Pap Holmen p\u00e5 100m og Eirik Alvik p\u00e5 2000m hinder.\u00a0 Vi gratulerer alle fra Tyrving!\u00a0 Resultater sees ved \u00e5 klikke <strong><a href=\"https:\/\/tyrving.idrett.no\/10\/f\/2023\/09\/11\/12-medaljer-i-um\/um-bergen-resultater-tyrving\/\" rel=\"attachment wp-att-24900\">HER<\/a>\u00a0<\/strong> Send en mail til <a href=\"mailto:friidrett@tyrving.no\">friidrett@tyrving.no<\/a> \u00a0hvis det er noen feil i oversikten.<\/p>\n<div id=\"attachment_24902\" style=\"width: 1034px\" class=\"wp-caption alignnone\"><a href=\"https:\/\/tyrving.idrett.no\/10\/f\/2023\/09\/11\/12-medaljer-i-um\/image0000001-2-2\/\" rel=\"attachment wp-att-24902\"><img aria-describedby=\"caption-attachment-24902\" decoding=\"async\" loading=\"lazy\" class=\"wp-image-24902 size-large\" src=\"https:\/\/tyrving.idrett.no\/10\/f\/files\/2023\/09\/image0000001-2-1024x576.jpg\" alt=\"\" width=\"1024\" height=\"576\" srcset=\"https:\/\/tyrving.idrett.no\/10\/f\/files\/2023\/09\/image0000001-2-1024x576.jpg 1024w, https:\/\/tyrving.idrett.no\/10\/f\/files\/2023\/09\/image0000001-2-300x169.jpg 300w, https:\/\/tyrving.idrett.no\/10\/f\/files\/2023\/09\/image0000001-2-768x432.jpg 768w, https:\/\/tyrving.idrett.no\/10\/f\/files\/2023\/09\/image0000001-2-600x338.jpg 600w, https:\/\/tyrving.idrett.no\/10\/f\/files\/2023\/09\/image0000001-2-1536x864.jpg 1536w, https:\/\/tyrving.idrett.no\/10\/f\/files\/2023\/09\/image0000001-2.jpg 1600w\" sizes=\"(max-width: 1024px) 100vw, 1024px\" \/><\/a><p id=\"caption-attachment-24902\" class=\"wp-caption-text\">Fra v. Hanna Fiva \u00d8iestad, Arnica Shabani, Mille Baastad Berg og Camilla Dahl Kristiansen.<\/p><\/div>\n<div id=\"attachment_24903\" style=\"width: 586px\" class=\"wp-caption alignnone\"><a href=\"https:\/\/tyrving.idrett.no\/10\/f\/2023\/09\/11\/12-medaljer-i-um\/image0000001-3\/\" rel=\"attachment wp-att-24903\"><img aria-describedby=\"caption-attachment-24903\" decoding=\"async\" loading=\"lazy\" class=\"wp-image-24903 size-large\" src=\"https:\/\/tyrving.idrett.no\/10\/f\/files\/2023\/09\/image0000001-3-576x1024.jpg\" alt=\"\" width=\"576\" height=\"1024\" srcset=\"https:\/\/tyrving.idrett.no\/10\/f\/files\/2023\/09\/image0000001-3-576x1024.jpg 576w, https:\/\/tyrving.idrett.no\/10\/f\/files\/2023\/09\/image0000001-3-169x300.jpg 169w, https:\/\/tyrving.idrett.no\/10\/f\/files\/2023\/09\/image0000001-3-768x1365.jpg 768w, https:\/\/tyrving.idrett.no\/10\/f\/files\/2023\/09\/image0000001-3-600x1067.jpg 600w, https:\/\/tyrving.idrett.no\/10\/f\/files\/2023\/09\/image0000001-3-864x1536.jpg 864w, https:\/\/tyrving.idrett.no\/10\/f\/files\/2023\/09\/image0000001-3.jpg 900w\" sizes=\"(max-width: 576px) 100vw, 576px\" \/><\/a><p id=\"caption-attachment-24903\" class=\"wp-caption-text\">Martin Gj\u00f8rvad Hoff<\/p><\/div>\n<div id=\"attachment_24904\" style=\"width: 778px\" class=\"wp-caption alignnone\"><a href=\"https:\/\/tyrving.idrett.no\/10\/f\/2023\/09\/11\/12-medaljer-i-um\/image0000001-4\/\" rel=\"attachment wp-att-24904\"><img aria-describedby=\"caption-attachment-24904\" decoding=\"async\" loading=\"lazy\" class=\"wp-image-24904 size-large\" src=\"https:\/\/tyrving.idrett.no\/10\/f\/files\/2023\/09\/image0000001-4-768x1024.jpg\" alt=\"\" width=\"768\" height=\"1024\" srcset=\"https:\/\/tyrving.idrett.no\/10\/f\/files\/2023\/09\/image0000001-4-768x1024.jpg 768w, https:\/\/tyrving.idrett.no\/10\/f\/files\/2023\/09\/image0000001-4-225x300.jpg 225w, https:\/\/tyrving.idrett.no\/10\/f\/files\/2023\/09\/image0000001-4-600x800.jpg 600w, https:\/\/tyrving.idrett.no\/10\/f\/files\/2023\/09\/image0000001-4.jpg 960w\" sizes=\"(max-width: 768px) 100vw, 768px\" \/><\/a><p id=\"caption-attachment-24904\" class=\"wp-caption-text\">Linnea Hove L\u00e5hne &#8211; til h\u00f8yre p\u00e5 bildet.<\/p><\/div>\n<div id=\"attachment_24905\" style=\"width: 1034px\" class=\"wp-caption alignnone\"><a href=\"https:\/\/tyrving.idrett.no\/10\/f\/2023\/09\/11\/12-medaljer-i-um\/image0000001-5\/\" rel=\"attachment wp-att-24905\"><img aria-describedby=\"caption-attachment-24905\" decoding=\"async\" loading=\"lazy\" class=\"wp-image-24905 size-large\" src=\"https:\/\/tyrving.idrett.no\/10\/f\/files\/2023\/09\/image0000001-5-1024x576.jpg\" alt=\"\" width=\"1024\" height=\"576\" srcset=\"https:\/\/tyrving.idrett.no\/10\/f\/files\/2023\/09\/image0000001-5-1024x576.jpg 1024w, https:\/\/tyrving.idrett.no\/10\/f\/files\/2023\/09\/image0000001-5-300x169.jpg 300w, https:\/\/tyrving.idrett.no\/10\/f\/files\/2023\/09\/image0000001-5-768x432.jpg 768w, https:\/\/tyrving.idrett.no\/10\/f\/files\/2023\/09\/image0000001-5-600x338.jpg 600w, https:\/\/tyrving.idrett.no\/10\/f\/files\/2023\/09\/image0000001-5-1536x864.jpg 1536w, https:\/\/tyrving.idrett.no\/10\/f\/files\/2023\/09\/image0000001-5.jpg 1600w\" sizes=\"(max-width: 1024px) 100vw, 1024px\" \/><\/a><p id=\"caption-attachment-24905\" class=\"wp-caption-text\">Eirik Alvik.<\/p><\/div>\n<div id=\"attachment_24906\" style=\"width: 1034px\" class=\"wp-caption alignnone\"><a href=\"https:\/\/tyrving.idrett.no\/10\/f\/2023\/09\/11\/12-medaljer-i-um\/image0000001-6\/\" rel=\"attachment wp-att-24906\"><img aria-describedby=\"caption-attachment-24906\" decoding=\"async\" loading=\"lazy\" class=\"wp-image-24906 size-large\" src=\"https:\/\/tyrving.idrett.no\/10\/f\/files\/2023\/09\/image0000001-6-1024x576.jpg\" alt=\"\" width=\"1024\" height=\"576\" srcset=\"https:\/\/tyrving.idrett.no\/10\/f\/files\/2023\/09\/image0000001-6-1024x576.jpg 1024w, https:\/\/tyrving.idrett.no\/10\/f\/files\/2023\/09\/image0000001-6-300x169.jpg 300w, https:\/\/tyrving.idrett.no\/10\/f\/files\/2023\/09\/image0000001-6-768x432.jpg 768w, https:\/\/tyrving.idrett.no\/10\/f\/files\/2023\/09\/image0000001-6-600x338.jpg 600w, https:\/\/tyrving.idrett.no\/10\/f\/files\/2023\/09\/image0000001-6-1536x864.jpg 1536w, https:\/\/tyrving.idrett.no\/10\/f\/files\/2023\/09\/image0000001-6.jpg 1600w\" sizes=\"(max-width: 1024px) 100vw, 1024px\" \/><\/a><p id=\"caption-attachment-24906\" class=\"wp-caption-text\">Hanna Fiva \u00d8iestad.<\/p><\/div>\n<div id=\"attachment_24907\" style=\"width: 1034px\" class=\"wp-caption alignnone\"><a href=\"https:\/\/tyrving.idrett.no\/10\/f\/2023\/09\/11\/12-medaljer-i-um\/image0000001-7\/\" rel=\"attachment wp-att-24907\"><img aria-describedby=\"caption-attachment-24907\" decoding=\"async\" loading=\"lazy\" class=\"wp-image-24907 size-large\" src=\"https:\/\/tyrving.idrett.no\/10\/f\/files\/2023\/09\/image0000001-7-1024x576.jpg\" alt=\"\" width=\"1024\" height=\"576\" srcset=\"https:\/\/tyrving.idrett.no\/10\/f\/files\/2023\/09\/image0000001-7-1024x576.jpg 1024w, https:\/\/tyrving.idrett.no\/10\/f\/files\/2023\/09\/image0000001-7-300x169.jpg 300w, https:\/\/tyrving.idrett.no\/10\/f\/files\/2023\/09\/image0000001-7-768x432.jpg 768w, https:\/\/tyrving.idrett.no\/10\/f\/files\/2023\/09\/image0000001-7-600x338.jpg 600w, https:\/\/tyrving.idrett.no\/10\/f\/files\/2023\/09\/image0000001-7-1536x864.jpg 1536w, https:\/\/tyrving.idrett.no\/10\/f\/files\/2023\/09\/image0000001-7.jpg 1600w\" sizes=\"(max-width: 1024px) 100vw, 1024px\" \/><\/a><p id=\"caption-attachment-24907\" class=\"wp-caption-text\">Sigmund Le Fjeld.<\/p><\/div>\n<div id=\"attachment_24909\" style=\"width: 1034px\" class=\"wp-caption alignnone\"><a href=\"https:\/\/tyrving.idrett.no\/10\/f\/2023\/09\/11\/12-medaljer-i-um\/image0000021-2\/\" rel=\"attachment wp-att-24909\"><img aria-describedby=\"caption-attachment-24909\" decoding=\"async\" loading=\"lazy\" class=\"wp-image-24909 size-large\" src=\"https:\/\/tyrving.idrett.no\/10\/f\/files\/2023\/09\/image0000021-2-1024x576.jpg\" alt=\"\" width=\"1024\" height=\"576\" srcset=\"https:\/\/tyrving.idrett.no\/10\/f\/files\/2023\/09\/image0000021-2-1024x576.jpg 1024w, https:\/\/tyrving.idrett.no\/10\/f\/files\/2023\/09\/image0000021-2-300x169.jpg 300w, https:\/\/tyrving.idrett.no\/10\/f\/files\/2023\/09\/image0000021-2-768x432.jpg 768w, https:\/\/tyrving.idrett.no\/10\/f\/files\/2023\/09\/image0000021-2-600x338.jpg 600w, https:\/\/tyrving.idrett.no\/10\/f\/files\/2023\/09\/image0000021-2-1536x864.jpg 1536w, https:\/\/tyrving.idrett.no\/10\/f\/files\/2023\/09\/image0000021-2.jpg 1600w\" sizes=\"(max-width: 1024px) 100vw, 1024px\" \/><\/a><p id=\"caption-attachment-24909\" class=\"wp-caption-text\">Markus Le Fjeld.<\/p><\/div>\n<div id=\"attachment_24910\" style=\"width: 1034px\" class=\"wp-caption alignnone\"><a href=\"https:\/\/tyrving.idrett.no\/10\/f\/2023\/09\/11\/12-medaljer-i-um\/image0000031-1\/\" rel=\"attachment wp-att-24910\"><img aria-describedby=\"caption-attachment-24910\" decoding=\"async\" loading=\"lazy\" class=\"wp-image-24910 size-large\" src=\"https:\/\/tyrving.idrett.no\/10\/f\/files\/2023\/09\/image0000031-1-1024x576.jpg\" alt=\"\" width=\"1024\" height=\"576\" srcset=\"https:\/\/tyrving.idrett.no\/10\/f\/files\/2023\/09\/image0000031-1-1024x576.jpg 1024w, https:\/\/tyrving.idrett.no\/10\/f\/files\/2023\/09\/image0000031-1-300x169.jpg 300w, https:\/\/tyrving.idrett.no\/10\/f\/files\/2023\/09\/image0000031-1-768x432.jpg 768w, https:\/\/tyrving.idrett.no\/10\/f\/files\/2023\/09\/image0000031-1-600x338.jpg 600w, https:\/\/tyrving.idrett.no\/10\/f\/files\/2023\/09\/image0000031-1-1536x864.jpg 1536w, https:\/\/tyrving.idrett.no\/10\/f\/files\/2023\/09\/image0000031-1.jpg 1600w\" sizes=\"(max-width: 1024px) 100vw, 1024px\" \/><\/a><p id=\"caption-attachment-24910\" class=\"wp-caption-text\">Franz Philip Pap Holmen.<\/p><\/div>\n","protected":false},"excerpt":{"rendered":"Tyrvings ut\u00f8vere kunne reise hjem fra UM i Bergen med totalt 12 medaljer.\u00a0 Den fra Tyrving som reiste hjem med flest medaljer var Camilla Dahl Kristiansen (p\u00e5 bildet sammen med Mille Baastad Berg).\u00a0 C&#8230;","protected":false},"author":2,"featured_media":24899,"comment_status":"closed","ping_status":"open","sticky":false,"template":"","format":"standard","meta":{"footnotes":"","_jetpack_memberships_contains_paid_content":false},"categories":[1],"tags":[],"acf":[],"yoast_head":"<!-- This site is optimized with the Yoast SEO plugin v21.2 - https:\/\/yoast.com\/wordpress\/plugins\/seo\/ -->\n<title>12 medaljer i UM - Tyrving - Friidrett<\/title>\n<meta name=\"robots\" content=\"index, follow, max-snippet:-1, max-image-preview:large, max-video-preview:-1\" \/>\n<link rel=\"canonical\" href=\"https:\/\/tyrving.idrett.no\/10\/f\/2023\/09\/11\/12-medaljer-i-um\/\" \/>\n<meta property=\"og:locale\" content=\"nb_NO\" \/>\n<meta property=\"og:type\" content=\"article\" \/>\n<meta property=\"og:title\" content=\"12 medaljer i UM - Tyrving - Friidrett\" \/>\n<meta property=\"og:description\" content=\"Tyrvings ut\u00f8vere kunne reise hjem fra UM i Bergen med totalt 12 medaljer.\u00a0 Den fra Tyrving som reiste hjem med flest medaljer var Camilla Dahl Kristiansen (p\u00e5 bildet sammen med Mille Baastad Berg).\u00a0 C...\" \/>\n<meta property=\"og:url\" content=\"https:\/\/tyrving.idrett.no\/10\/f\/2023\/09\/11\/12-medaljer-i-um\/\" \/>\n<meta property=\"og:site_name\" content=\"Tyrving - Friidrett\" \/>\n<meta property=\"article:published_time\" content=\"2023-09-11T17:24:29+00:00\" \/>\n<meta property=\"article:modified_time\" content=\"2023-09-11T17:24:30+00:00\" \/>\n<meta property=\"og:image\" content=\"https:\/\/tyrving.idrett.no\/10\/f\/files\/2023\/09\/image0000031.jpg\" \/>\n\t<meta property=\"og:image:width\" content=\"1600\" \/>\n\t<meta property=\"og:image:height\" content=\"900\" \/>\n\t<meta property=\"og:image:type\" content=\"image\/jpeg\" \/>\n<meta name=\"author\" content=\"Kirsten Larsen\" \/>\n<meta name=\"twitter:card\" content=\"summary_large_image\" \/>\n<meta name=\"twitter:label1\" content=\"Skrevet av\" \/>\n\t<meta name=\"twitter:data1\" content=\"Kirsten Larsen\" \/>\n\t<meta name=\"twitter:label2\" content=\"Ansl. lesetid\" \/>\n\t<meta name=\"twitter:data2\" content=\"3 minutter\" \/>\n<script type=\"application\/ld+json\" class=\"yoast-schema-graph\">{\"@context\":\"https:\/\/schema.org\",\"@graph\":[{\"@type\":\"Article\",\"@id\":\"https:\/\/tyrving.idrett.no\/10\/f\/2023\/09\/11\/12-medaljer-i-um\/#article\",\"isPartOf\":{\"@id\":\"https:\/\/tyrving.idrett.no\/10\/f\/2023\/09\/11\/12-medaljer-i-um\/\"},\"author\":{\"name\":\"Kirsten Larsen\",\"@id\":\"https:\/\/tyrving.idrett.no\/10\/f\/#\/schema\/person\/9d33b15b4997b99c21c6e0b044d8bfd3\"},\"headline\":\"12 medaljer i UM\",\"datePublished\":\"2023-09-11T17:24:29+00:00\",\"dateModified\":\"2023-09-11T17:24:30+00:00\",\"mainEntityOfPage\":{\"@id\":\"https:\/\/tyrving.idrett.no\/10\/f\/2023\/09\/11\/12-medaljer-i-um\/\"},\"wordCount\":284,\"publisher\":{\"@id\":\"https:\/\/tyrving.idrett.no\/10\/f\/#organization\"},\"articleSection\":[\"Nyheter\"],\"inLanguage\":\"nb-NO\"},{\"@type\":\"WebPage\",\"@id\":\"https:\/\/tyrving.idrett.no\/10\/f\/2023\/09\/11\/12-medaljer-i-um\/\",\"url\":\"https:\/\/tyrving.idrett.no\/10\/f\/2023\/09\/11\/12-medaljer-i-um\/\",\"name\":\"12 medaljer i UM - Tyrving - Friidrett\",\"isPartOf\":{\"@id\":\"https:\/\/tyrving.idrett.no\/10\/f\/#website\"},\"datePublished\":\"2023-09-11T17:24:29+00:00\",\"dateModified\":\"2023-09-11T17:24:30+00:00\",\"breadcrumb\":{\"@id\":\"https:\/\/tyrving.idrett.no\/10\/f\/2023\/09\/11\/12-medaljer-i-um\/#breadcrumb\"},\"inLanguage\":\"nb-NO\",\"potentialAction\":[{\"@type\":\"ReadAction\",\"target\":[\"https:\/\/tyrving.idrett.no\/10\/f\/2023\/09\/11\/12-medaljer-i-um\/\"]}]},{\"@type\":\"BreadcrumbList\",\"@id\":\"https:\/\/tyrving.idrett.no\/10\/f\/2023\/09\/11\/12-medaljer-i-um\/#breadcrumb\",\"itemListElement\":[{\"@type\":\"ListItem\",\"position\":1,\"name\":\"Hjem\",\"item\":\"https:\/\/tyrving.idrett.no\/10\/f\/\"},{\"@type\":\"ListItem\",\"position\":2,\"name\":\"12 medaljer i UM\"}]},{\"@type\":\"WebSite\",\"@id\":\"https:\/\/tyrving.idrett.no\/10\/f\/#website\",\"url\":\"https:\/\/tyrving.idrett.no\/10\/f\/\",\"name\":\"Tyrving - Friidrett\",\"description\":\"Friidrettsgruppa\",\"publisher\":{\"@id\":\"https:\/\/tyrving.idrett.no\/10\/f\/#organization\"},\"potentialAction\":[{\"@type\":\"SearchAction\",\"target\":{\"@type\":\"EntryPoint\",\"urlTemplate\":\"https:\/\/tyrving.idrett.no\/10\/f\/?s={search_term_string}\"},\"query-input\":\"required name=search_term_string\"}],\"inLanguage\":\"nb-NO\"},{\"@type\":\"Organization\",\"@id\":\"https:\/\/tyrving.idrett.no\/10\/f\/#organization\",\"name\":\"Tyrving Friidrettsgruppa\",\"url\":\"https:\/\/tyrving.idrett.no\/10\/f\/\",\"logo\":{\"@type\":\"ImageObject\",\"inLanguage\":\"nb-NO\",\"@id\":\"https:\/\/tyrving.idrett.no\/10\/f\/#\/schema\/logo\/image\/\",\"url\":\"https:\/\/tyrving.idrett.no\/10\/f\/files\/2019\/04\/Tyrving-Logo-Friidrett-2019.jpg\",\"contentUrl\":\"https:\/\/tyrving.idrett.no\/10\/f\/files\/2019\/04\/Tyrving-Logo-Friidrett-2019.jpg\",\"width\":460,\"height\":360,\"caption\":\"Tyrving Friidrettsgruppa\"},\"image\":{\"@id\":\"https:\/\/tyrving.idrett.no\/10\/f\/#\/schema\/logo\/image\/\"}},{\"@type\":\"Person\",\"@id\":\"https:\/\/tyrving.idrett.no\/10\/f\/#\/schema\/person\/9d33b15b4997b99c21c6e0b044d8bfd3\",\"name\":\"Kirsten Larsen\",\"image\":{\"@type\":\"ImageObject\",\"inLanguage\":\"nb-NO\",\"@id\":\"https:\/\/tyrving.idrett.no\/10\/f\/#\/schema\/person\/image\/\",\"url\":\"https:\/\/secure.gravatar.com\/avatar\/2924b58c2b807e7f70945c639540a744?s=96&d=mm&r=g\",\"contentUrl\":\"https:\/\/secure.gravatar.com\/avatar\/2924b58c2b807e7f70945c639540a744?s=96&d=mm&r=g\",\"caption\":\"Kirsten Larsen\"}}]}<\/script>\n<!-- \/ Yoast SEO plugin. -->","yoast_head_json":{"title":"12 medaljer i UM - Tyrving - Friidrett","robots":{"index":"index","follow":"follow","max-snippet":"max-snippet:-1","max-image-preview":"max-image-preview:large","max-video-preview":"max-video-preview:-1"},"canonical":"https:\/\/tyrving.idrett.no\/10\/f\/2023\/09\/11\/12-medaljer-i-um\/","og_locale":"nb_NO","og_type":"article","og_title":"12 medaljer i UM - Tyrving - Friidrett","og_description":"Tyrvings ut\u00f8vere kunne reise hjem fra UM i Bergen med totalt 12 medaljer.\u00a0 Den fra Tyrving som reiste hjem med flest medaljer var Camilla Dahl Kristiansen (p\u00e5 bildet sammen med Mille Baastad Berg).\u00a0 C...","og_url":"https:\/\/tyrving.idrett.no\/10\/f\/2023\/09\/11\/12-medaljer-i-um\/","og_site_name":"Tyrving - Friidrett","article_published_time":"2023-09-11T17:24:29+00:00","article_modified_time":"2023-09-11T17:24:30+00:00","og_image":[{"width":1600,"height":900,"url":"https:\/\/tyrving.idrett.no\/10\/f\/files\/2023\/09\/image0000031.jpg","type":"image\/jpeg"}],"author":"Kirsten Larsen","twitter_card":"summary_large_image","twitter_misc":{"Skrevet av":"Kirsten Larsen","Ansl. lesetid":"3 minutter"},"schema":{"@context":"https:\/\/schema.org","@graph":[{"@type":"Article","@id":"https:\/\/tyrving.idrett.no\/10\/f\/2023\/09\/11\/12-medaljer-i-um\/#article","isPartOf":{"@id":"https:\/\/tyrving.idrett.no\/10\/f\/2023\/09\/11\/12-medaljer-i-um\/"},"author":{"name":"Kirsten Larsen","@id":"https:\/\/tyrving.idrett.no\/10\/f\/#\/schema\/person\/9d33b15b4997b99c21c6e0b044d8bfd3"},"headline":"12 medaljer i UM","datePublished":"2023-09-11T17:24:29+00:00","dateModified":"2023-09-11T17:24:30+00:00","mainEntityOfPage":{"@id":"https:\/\/tyrving.idrett.no\/10\/f\/2023\/09\/11\/12-medaljer-i-um\/"},"wordCount":284,"publisher":{"@id":"https:\/\/tyrving.idrett.no\/10\/f\/#organization"},"articleSection":["Nyheter"],"inLanguage":"nb-NO"},{"@type":"WebPage","@id":"https:\/\/tyrving.idrett.no\/10\/f\/2023\/09\/11\/12-medaljer-i-um\/","url":"https:\/\/tyrving.idrett.no\/10\/f\/2023\/09\/11\/12-medaljer-i-um\/","name":"12 medaljer i UM - Tyrving - Friidrett","isPartOf":{"@id":"https:\/\/tyrving.idrett.no\/10\/f\/#website"},"datePublished":"2023-09-11T17:24:29+00:00","dateModified":"2023-09-11T17:24:30+00:00","breadcrumb":{"@id":"https:\/\/tyrving.idrett.no\/10\/f\/2023\/09\/11\/12-medaljer-i-um\/#breadcrumb"},"inLanguage":"nb-NO","potentialAction":[{"@type":"ReadAction","target":["https:\/\/tyrving.idrett.no\/10\/f\/2023\/09\/11\/12-medaljer-i-um\/"]}]},{"@type":"BreadcrumbList","@id":"https:\/\/tyrving.idrett.no\/10\/f\/2023\/09\/11\/12-medaljer-i-um\/#breadcrumb","itemListElement":[{"@type":"ListItem","position":1,"name":"Hjem","item":"https:\/\/tyrving.idrett.no\/10\/f\/"},{"@type":"ListItem","position":2,"name":"12 medaljer i UM"}]},{"@type":"WebSite","@id":"https:\/\/tyrving.idrett.no\/10\/f\/#website","url":"https:\/\/tyrving.idrett.no\/10\/f\/","name":"Tyrving - Friidrett","description":"Friidrettsgruppa","publisher":{"@id":"https:\/\/tyrving.idrett.no\/10\/f\/#organization"},"potentialAction":[{"@type":"SearchAction","target":{"@type":"EntryPoint","urlTemplate":"https:\/\/tyrving.idrett.no\/10\/f\/?s={search_term_string}"},"query-input":"required name=search_term_string"}],"inLanguage":"nb-NO"},{"@type":"Organization","@id":"https:\/\/tyrving.idrett.no\/10\/f\/#organization","name":"Tyrving Friidrettsgruppa","url":"https:\/\/tyrving.idrett.no\/10\/f\/","logo":{"@type":"ImageObject","inLanguage":"nb-NO","@id":"https:\/\/tyrving.idrett.no\/10\/f\/#\/schema\/logo\/image\/","url":"https:\/\/tyrving.idrett.no\/10\/f\/files\/2019\/04\/Tyrving-Logo-Friidrett-2019.jpg","contentUrl":"https:\/\/tyrving.idrett.no\/10\/f\/files\/2019\/04\/Tyrving-Logo-Friidrett-2019.jpg","width":460,"height":360,"caption":"Tyrving Friidrettsgruppa"},"image":{"@id":"https:\/\/tyrving.idrett.no\/10\/f\/#\/schema\/logo\/image\/"}},{"@type":"Person","@id":"https:\/\/tyrving.idrett.no\/10\/f\/#\/schema\/person\/9d33b15b4997b99c21c6e0b044d8bfd3","name":"Kirsten Larsen","image":{"@type":"ImageObject","inLanguage":"nb-NO","@id":"https:\/\/tyrving.idrett.no\/10\/f\/#\/schema\/person\/image\/","url":"https:\/\/secure.gravatar.com\/avatar\/2924b58c2b807e7f70945c639540a744?s=96&d=mm&r=g","contentUrl":"https:\/\/secure.gravatar.com\/avatar\/2924b58c2b807e7f70945c639540a744?s=96&d=mm&r=g","caption":"Kirsten Larsen"}}]}},"jetpack_sharing_enabled":true,"jetpack_featured_media_url":"https:\/\/tyrving.idrett.no\/10\/f\/files\/2023\/09\/image0000031.jpg","_links":{"self":[{"href":"https:\/\/tyrving.idrett.no\/10\/f\/wp-json\/wp\/v2\/posts\/24898"}],"collection":[{"href":"https:\/\/tyrving.idrett.no\/10\/f\/wp-json\/wp\/v2\/posts"}],"about":[{"href":"https:\/\/tyrving.idrett.no\/10\/f\/wp-json\/wp\/v2\/types\/post"}],"author":[{"embeddable":true,"href":"https:\/\/tyrving.idrett.no\/10\/f\/wp-json\/wp\/v2\/users\/2"}],"replies":[{"embeddable":true,"href":"https:\/\/tyrving.idrett.no\/10\/f\/wp-json\/wp\/v2\/comments?post=24898"}],"version-history":[{"count":4,"href":"https:\/\/tyrving.idrett.no\/10\/f\/wp-json\/wp\/v2\/posts\/24898\/revisions"}],"predecessor-version":[{"id":24913,"href":"https:\/\/tyrving.idrett.no\/10\/f\/wp-json\/wp\/v2\/posts\/24898\/revisions\/24913"}],"wp:featuredmedia":[{"embeddable":true,"href":"https:\/\/tyrving.idrett.no\/10\/f\/wp-json\/wp\/v2\/media\/24899"}],"wp:attachment":[{"href":"https:\/\/tyrving.idrett.no\/10\/f\/wp-json\/wp\/v2\/media?parent=24898"}],"wp:term":[{"taxonomy":"category","embeddable":true,"href":"https:\/\/tyrving.idrett.no\/10\/f\/wp-json\/wp\/v2\/categories?post=24898"},{"taxonomy":"post_tag","embeddable":true,"href":"https:\/\/tyrving.idrett.no\/10\/f\/wp-json\/wp\/v2\/tags?post=24898"}],"curies":[{"name":"wp","href":"https:\/\/api.w.org\/{rel}","templated":true}]}}