{"id":25421,"date":"2023-12-22T09:33:03","date_gmt":"2023-12-22T08:33:03","guid":{"rendered":"https:\/\/tyrving.idrett.no\/10\/f\/?p=25421"},"modified":"2023-12-22T10:10:50","modified_gmt":"2023-12-22T09:10:50","slug":"god-jul-og-godt-nyttar","status":"publish","type":"post","link":"https:\/\/tyrving.idrett.no\/10\/f\/2023\/12\/22\/god-jul-og-godt-nyttar\/","title":{"rendered":"God Jul og Godt Nytt\u00e5r"},"content":{"rendered":"<p style=\"font-weight: 400\">Kj\u00e6re alle i Tyrving!<\/p>\n<p style=\"font-weight: 400\">Jeg \u00f8nsker \u00e5 takke alle ut\u00f8vere, foreldre, tillitsvalgte, trenere og alle andre Tyrving-venner for deltakelse, innsats og st\u00f8tte i 2023. Det har v\u00e6rt et \u2018normal\u00e5r\u2019, uten store arrangementer fra v\u00e5r side, og det begynner \u00e5 bli lenge siden nedstegninger. Heldigvis.<\/p>\n<p style=\"font-weight: 400\">Vi har n\u00e5 etablert oss p\u00e5 Rud og B\u00e6rum Idrettspark sommer og vinter, og i ukedagene kryr det et kryr av unger og ungdommer. Det setter vi stor pris p\u00e5, og vi h\u00e5per ogs\u00e5 at enda flere vil v\u00e6re med p\u00e5 stevner neste \u00e5r; det er ufarlig \u00e5 konkurrere n\u00e5r den viktigste konkurrenten er deg selv\u00a0. Tyrvinglekene er nesten tilbake p\u00e5 niv\u00e5et vi hadde f\u00f8r pandemien, og er fortsatt Norges klart st\u00f8rste og beste stevner. Vi ber dere derfor holde av 9-11 februar (<a href=\"https:\/\/survey.easyquest.com\/Responding\/30ddfe47-49fe-a3e4-cdea-d51e6160c509\/c6a7a271-aee7-472d-a896-c179fc3fa422\/Page\/0\" data-saferedirecturl=\"https:\/\/www.google.com\/url?q=https:\/\/survey.easyquest.com\/Responding\/30ddfe47-49fe-a3e4-cdea-d51e6160c509\/c6a7a271-aee7-472d-a896-c179fc3fa422\/Page\/0&amp;source=gmail&amp;ust=1703315999355000&amp;usg=AOvVaw02rcK5pbzFEzRJrYKECCbB\">link til Funksjon\u00e6rep\u00e5melding<\/a>) og 14-16 juni, der vi trenger alle mann p\u00e5 dekk. S\u00f8ndag 11 februar arrangerer vi ogs\u00e5 Nordenkampen, der Nordens beste ut\u00f8vere m\u00f8tes for \u00e5 konkurrere. Alle som deltar p\u00e5 Tyrvinglekene som deltaker eller funksjon\u00e6r f\u00e5r gratis adgang.<\/p>\n<p style=\"font-weight: 400\">I administrasjonen startet Charlotte Lund Antonijevic som adminstrativ leder 1 september, og mange av dere har allerede sett hennes blide \u00e5syn. Morten Jensen er tilbake fra pappapermisjon n\u00e5 i desember, og aldri har Tyrving hatt s\u00e5 mye friidrettskompetanse ansatt. Det skal vi benytte oss av! Vemodig er det allikevel at Kirsten Larsen sluttet som daglig leder i Tyrving Idrettslag i september, etter 35 \u00e5r i klubben! Men vi sp\u00f8r henne stadig om hjelp, klarer oss ikke helt uten.<\/p>\n<p style=\"font-weight: 400\">Vi ser fram til et spennende 2024. Styret har oppdatert strategien som vi gj\u00f8r hver h\u00f8st, og vi trenger hjelp av dere alle for at klubben skal n\u00e5 sin m\u00e5lsetning som \u00e5 v\u00e6re beste friidrettsklubb i Norge for ut\u00f8vere, trenere, ansatte, tillitsvalgte og foreldre.<\/p>\n<p style=\"font-weight: 400\">Vi \u00f8nsker dere alle en riktig God Jul og et Godt Nytt \u00c5r!<\/p>\n<p style=\"font-weight: 400\">Med vennlig hilsen<\/p>\n<p style=\"font-weight: 400\">Styret,<\/p>\n<p style=\"font-weight: 400\">ved styreleder Sverre Alvik<\/p>\n","protected":false},"excerpt":{"rendered":"Kj\u00e6re alle i Tyrving! Jeg \u00f8nsker \u00e5 takke alle ut\u00f8vere, foreldre, tillitsvalgte, trenere og alle andre Tyrving-venner for deltakelse, innsats og st\u00f8tte i 2023. Det har v\u00e6rt et \u2018normal\u00e5r\u2019, uten store ar&#8230;","protected":false},"author":48,"featured_media":1707,"comment_status":"closed","ping_status":"open","sticky":false,"template":"","format":"standard","meta":{"footnotes":"","_jetpack_memberships_contains_paid_content":false},"categories":[1],"tags":[],"acf":[],"yoast_head":"<!-- This site is optimized with the Yoast SEO plugin v21.2 - https:\/\/yoast.com\/wordpress\/plugins\/seo\/ -->\n<title>God Jul og Godt Nytt\u00e5r - Tyrving - Friidrett<\/title>\n<meta name=\"robots\" content=\"index, follow, max-snippet:-1, max-image-preview:large, max-video-preview:-1\" \/>\n<link rel=\"canonical\" href=\"https:\/\/tyrving.idrett.no\/10\/f\/2023\/12\/22\/god-jul-og-godt-nyttar\/\" \/>\n<meta property=\"og:locale\" content=\"nb_NO\" \/>\n<meta property=\"og:type\" content=\"article\" \/>\n<meta property=\"og:title\" content=\"God Jul og Godt Nytt\u00e5r - Tyrving - Friidrett\" \/>\n<meta property=\"og:description\" content=\"Kj\u00e6re alle i Tyrving! Jeg \u00f8nsker \u00e5 takke alle ut\u00f8vere, foreldre, tillitsvalgte, trenere og alle andre Tyrving-venner for deltakelse, innsats og st\u00f8tte i 2023. Det har v\u00e6rt et \u2018normal\u00e5r\u2019, uten store ar...\" \/>\n<meta property=\"og:url\" content=\"https:\/\/tyrving.idrett.no\/10\/f\/2023\/12\/22\/god-jul-og-godt-nyttar\/\" \/>\n<meta property=\"og:site_name\" content=\"Tyrving - Friidrett\" \/>\n<meta property=\"article:published_time\" content=\"2023-12-22T08:33:03+00:00\" \/>\n<meta property=\"article:modified_time\" content=\"2023-12-22T09:10:50+00:00\" \/>\n<meta property=\"og:image\" content=\"https:\/\/tyrving.idrett.no\/10\/f\/files\/2010\/12\/God-jul.gif\" \/>\n\t<meta property=\"og:image:width\" content=\"300\" \/>\n\t<meta property=\"og:image:height\" content=\"103\" \/>\n\t<meta property=\"og:image:type\" content=\"image\/gif\" \/>\n<meta name=\"author\" content=\"Charlotte Lund Antonijevic\" \/>\n<meta name=\"twitter:card\" content=\"summary_large_image\" \/>\n<meta name=\"twitter:label1\" content=\"Skrevet av\" \/>\n\t<meta name=\"twitter:data1\" content=\"Charlotte Lund Antonijevic\" \/>\n\t<meta name=\"twitter:label2\" content=\"Ansl. lesetid\" \/>\n\t<meta name=\"twitter:data2\" content=\"2 minutter\" \/>\n<script type=\"application\/ld+json\" class=\"yoast-schema-graph\">{\"@context\":\"https:\/\/schema.org\",\"@graph\":[{\"@type\":\"Article\",\"@id\":\"https:\/\/tyrving.idrett.no\/10\/f\/2023\/12\/22\/god-jul-og-godt-nyttar\/#article\",\"isPartOf\":{\"@id\":\"https:\/\/tyrving.idrett.no\/10\/f\/2023\/12\/22\/god-jul-og-godt-nyttar\/\"},\"author\":{\"name\":\"Charlotte Lund Antonijevic\",\"@id\":\"https:\/\/tyrving.idrett.no\/10\/f\/#\/schema\/person\/7dadcbaa6c6ce09d9ae5345eb3181723\"},\"headline\":\"God Jul og Godt Nytt\u00e5r\",\"datePublished\":\"2023-12-22T08:33:03+00:00\",\"dateModified\":\"2023-12-22T09:10:50+00:00\",\"mainEntityOfPage\":{\"@id\":\"https:\/\/tyrving.idrett.no\/10\/f\/2023\/12\/22\/god-jul-og-godt-nyttar\/\"},\"wordCount\":332,\"publisher\":{\"@id\":\"https:\/\/tyrving.idrett.no\/10\/f\/#organization\"},\"articleSection\":[\"Nyheter\"],\"inLanguage\":\"nb-NO\"},{\"@type\":\"WebPage\",\"@id\":\"https:\/\/tyrving.idrett.no\/10\/f\/2023\/12\/22\/god-jul-og-godt-nyttar\/\",\"url\":\"https:\/\/tyrving.idrett.no\/10\/f\/2023\/12\/22\/god-jul-og-godt-nyttar\/\",\"name\":\"God Jul og Godt Nytt\u00e5r - Tyrving - Friidrett\",\"isPartOf\":{\"@id\":\"https:\/\/tyrving.idrett.no\/10\/f\/#website\"},\"datePublished\":\"2023-12-22T08:33:03+00:00\",\"dateModified\":\"2023-12-22T09:10:50+00:00\",\"breadcrumb\":{\"@id\":\"https:\/\/tyrving.idrett.no\/10\/f\/2023\/12\/22\/god-jul-og-godt-nyttar\/#breadcrumb\"},\"inLanguage\":\"nb-NO\",\"potentialAction\":[{\"@type\":\"ReadAction\",\"target\":[\"https:\/\/tyrving.idrett.no\/10\/f\/2023\/12\/22\/god-jul-og-godt-nyttar\/\"]}]},{\"@type\":\"BreadcrumbList\",\"@id\":\"https:\/\/tyrving.idrett.no\/10\/f\/2023\/12\/22\/god-jul-og-godt-nyttar\/#breadcrumb\",\"itemListElement\":[{\"@type\":\"ListItem\",\"position\":1,\"name\":\"Hjem\",\"item\":\"https:\/\/tyrving.idrett.no\/10\/f\/\"},{\"@type\":\"ListItem\",\"position\":2,\"name\":\"God Jul og Godt Nytt\u00e5r\"}]},{\"@type\":\"WebSite\",\"@id\":\"https:\/\/tyrving.idrett.no\/10\/f\/#website\",\"url\":\"https:\/\/tyrving.idrett.no\/10\/f\/\",\"name\":\"Tyrving - Friidrett\",\"description\":\"Friidrettsgruppa\",\"publisher\":{\"@id\":\"https:\/\/tyrving.idrett.no\/10\/f\/#organization\"},\"potentialAction\":[{\"@type\":\"SearchAction\",\"target\":{\"@type\":\"EntryPoint\",\"urlTemplate\":\"https:\/\/tyrving.idrett.no\/10\/f\/?s={search_term_string}\"},\"query-input\":\"required name=search_term_string\"}],\"inLanguage\":\"nb-NO\"},{\"@type\":\"Organization\",\"@id\":\"https:\/\/tyrving.idrett.no\/10\/f\/#organization\",\"name\":\"Tyrving Friidrettsgruppa\",\"url\":\"https:\/\/tyrving.idrett.no\/10\/f\/\",\"logo\":{\"@type\":\"ImageObject\",\"inLanguage\":\"nb-NO\",\"@id\":\"https:\/\/tyrving.idrett.no\/10\/f\/#\/schema\/logo\/image\/\",\"url\":\"https:\/\/tyrving.idrett.no\/10\/f\/files\/2019\/04\/Tyrving-Logo-Friidrett-2019.jpg\",\"contentUrl\":\"https:\/\/tyrving.idrett.no\/10\/f\/files\/2019\/04\/Tyrving-Logo-Friidrett-2019.jpg\",\"width\":460,\"height\":360,\"caption\":\"Tyrving Friidrettsgruppa\"},\"image\":{\"@id\":\"https:\/\/tyrving.idrett.no\/10\/f\/#\/schema\/logo\/image\/\"}},{\"@type\":\"Person\",\"@id\":\"https:\/\/tyrving.idrett.no\/10\/f\/#\/schema\/person\/7dadcbaa6c6ce09d9ae5345eb3181723\",\"name\":\"Charlotte Lund Antonijevic\",\"image\":{\"@type\":\"ImageObject\",\"inLanguage\":\"nb-NO\",\"@id\":\"https:\/\/tyrving.idrett.no\/10\/f\/#\/schema\/person\/image\/\",\"url\":\"https:\/\/secure.gravatar.com\/avatar\/41b7979d7eef810adabb4f04d85c18d4?s=96&d=mm&r=g\",\"contentUrl\":\"https:\/\/secure.gravatar.com\/avatar\/41b7979d7eef810adabb4f04d85c18d4?s=96&d=mm&r=g\",\"caption\":\"Charlotte Lund Antonijevic\"}}]}<\/script>\n<!-- \/ Yoast SEO plugin. -->","yoast_head_json":{"title":"God Jul og Godt Nytt\u00e5r - Tyrving - Friidrett","robots":{"index":"index","follow":"follow","max-snippet":"max-snippet:-1","max-image-preview":"max-image-preview:large","max-video-preview":"max-video-preview:-1"},"canonical":"https:\/\/tyrving.idrett.no\/10\/f\/2023\/12\/22\/god-jul-og-godt-nyttar\/","og_locale":"nb_NO","og_type":"article","og_title":"God Jul og Godt Nytt\u00e5r - Tyrving - Friidrett","og_description":"Kj\u00e6re alle i Tyrving! Jeg \u00f8nsker \u00e5 takke alle ut\u00f8vere, foreldre, tillitsvalgte, trenere og alle andre Tyrving-venner for deltakelse, innsats og st\u00f8tte i 2023. Det har v\u00e6rt et \u2018normal\u00e5r\u2019, uten store ar...","og_url":"https:\/\/tyrving.idrett.no\/10\/f\/2023\/12\/22\/god-jul-og-godt-nyttar\/","og_site_name":"Tyrving - Friidrett","article_published_time":"2023-12-22T08:33:03+00:00","article_modified_time":"2023-12-22T09:10:50+00:00","og_image":[{"width":"300","height":"103","url":"https:\/\/tyrving.idrett.no\/10\/f\/files\/2010\/12\/God-jul.gif","type":"image\/gif"}],"author":"Charlotte Lund Antonijevic","twitter_card":"summary_large_image","twitter_misc":{"Skrevet av":"Charlotte Lund Antonijevic","Ansl. lesetid":"2 minutter"},"schema":{"@context":"https:\/\/schema.org","@graph":[{"@type":"Article","@id":"https:\/\/tyrving.idrett.no\/10\/f\/2023\/12\/22\/god-jul-og-godt-nyttar\/#article","isPartOf":{"@id":"https:\/\/tyrving.idrett.no\/10\/f\/2023\/12\/22\/god-jul-og-godt-nyttar\/"},"author":{"name":"Charlotte Lund Antonijevic","@id":"https:\/\/tyrving.idrett.no\/10\/f\/#\/schema\/person\/7dadcbaa6c6ce09d9ae5345eb3181723"},"headline":"God Jul og Godt Nytt\u00e5r","datePublished":"2023-12-22T08:33:03+00:00","dateModified":"2023-12-22T09:10:50+00:00","mainEntityOfPage":{"@id":"https:\/\/tyrving.idrett.no\/10\/f\/2023\/12\/22\/god-jul-og-godt-nyttar\/"},"wordCount":332,"publisher":{"@id":"https:\/\/tyrving.idrett.no\/10\/f\/#organization"},"articleSection":["Nyheter"],"inLanguage":"nb-NO"},{"@type":"WebPage","@id":"https:\/\/tyrving.idrett.no\/10\/f\/2023\/12\/22\/god-jul-og-godt-nyttar\/","url":"https:\/\/tyrving.idrett.no\/10\/f\/2023\/12\/22\/god-jul-og-godt-nyttar\/","name":"God Jul og Godt Nytt\u00e5r - Tyrving - Friidrett","isPartOf":{"@id":"https:\/\/tyrving.idrett.no\/10\/f\/#website"},"datePublished":"2023-12-22T08:33:03+00:00","dateModified":"2023-12-22T09:10:50+00:00","breadcrumb":{"@id":"https:\/\/tyrving.idrett.no\/10\/f\/2023\/12\/22\/god-jul-og-godt-nyttar\/#breadcrumb"},"inLanguage":"nb-NO","potentialAction":[{"@type":"ReadAction","target":["https:\/\/tyrving.idrett.no\/10\/f\/2023\/12\/22\/god-jul-og-godt-nyttar\/"]}]},{"@type":"BreadcrumbList","@id":"https:\/\/tyrving.idrett.no\/10\/f\/2023\/12\/22\/god-jul-og-godt-nyttar\/#breadcrumb","itemListElement":[{"@type":"ListItem","position":1,"name":"Hjem","item":"https:\/\/tyrving.idrett.no\/10\/f\/"},{"@type":"ListItem","position":2,"name":"God Jul og Godt Nytt\u00e5r"}]},{"@type":"WebSite","@id":"https:\/\/tyrving.idrett.no\/10\/f\/#website","url":"https:\/\/tyrving.idrett.no\/10\/f\/","name":"Tyrving - Friidrett","description":"Friidrettsgruppa","publisher":{"@id":"https:\/\/tyrving.idrett.no\/10\/f\/#organization"},"potentialAction":[{"@type":"SearchAction","target":{"@type":"EntryPoint","urlTemplate":"https:\/\/tyrving.idrett.no\/10\/f\/?s={search_term_string}"},"query-input":"required name=search_term_string"}],"inLanguage":"nb-NO"},{"@type":"Organization","@id":"https:\/\/tyrving.idrett.no\/10\/f\/#organization","name":"Tyrving Friidrettsgruppa","url":"https:\/\/tyrving.idrett.no\/10\/f\/","logo":{"@type":"ImageObject","inLanguage":"nb-NO","@id":"https:\/\/tyrving.idrett.no\/10\/f\/#\/schema\/logo\/image\/","url":"https:\/\/tyrving.idrett.no\/10\/f\/files\/2019\/04\/Tyrving-Logo-Friidrett-2019.jpg","contentUrl":"https:\/\/tyrving.idrett.no\/10\/f\/files\/2019\/04\/Tyrving-Logo-Friidrett-2019.jpg","width":460,"height":360,"caption":"Tyrving Friidrettsgruppa"},"image":{"@id":"https:\/\/tyrving.idrett.no\/10\/f\/#\/schema\/logo\/image\/"}},{"@type":"Person","@id":"https:\/\/tyrving.idrett.no\/10\/f\/#\/schema\/person\/7dadcbaa6c6ce09d9ae5345eb3181723","name":"Charlotte Lund Antonijevic","image":{"@type":"ImageObject","inLanguage":"nb-NO","@id":"https:\/\/tyrving.idrett.no\/10\/f\/#\/schema\/person\/image\/","url":"https:\/\/secure.gravatar.com\/avatar\/41b7979d7eef810adabb4f04d85c18d4?s=96&d=mm&r=g","contentUrl":"https:\/\/secure.gravatar.com\/avatar\/41b7979d7eef810adabb4f04d85c18d4?s=96&d=mm&r=g","caption":"Charlotte Lund Antonijevic"}}]}},"jetpack_sharing_enabled":true,"jetpack_featured_media_url":"https:\/\/tyrving.idrett.no\/10\/f\/files\/2010\/12\/God-jul.gif","_links":{"self":[{"href":"https:\/\/tyrving.idrett.no\/10\/f\/wp-json\/wp\/v2\/posts\/25421"}],"collection":[{"href":"https:\/\/tyrving.idrett.no\/10\/f\/wp-json\/wp\/v2\/posts"}],"about":[{"href":"https:\/\/tyrving.idrett.no\/10\/f\/wp-json\/wp\/v2\/types\/post"}],"author":[{"embeddable":true,"href":"https:\/\/tyrving.idrett.no\/10\/f\/wp-json\/wp\/v2\/users\/48"}],"replies":[{"embeddable":true,"href":"https:\/\/tyrving.idrett.no\/10\/f\/wp-json\/wp\/v2\/comments?post=25421"}],"version-history":[{"count":3,"href":"https:\/\/tyrving.idrett.no\/10\/f\/wp-json\/wp\/v2\/posts\/25421\/revisions"}],"predecessor-version":[{"id":25424,"href":"https:\/\/tyrving.idrett.no\/10\/f\/wp-json\/wp\/v2\/posts\/25421\/revisions\/25424"}],"wp:featuredmedia":[{"embeddable":true,"href":"https:\/\/tyrving.idrett.no\/10\/f\/wp-json\/wp\/v2\/media\/1707"}],"wp:attachment":[{"href":"https:\/\/tyrving.idrett.no\/10\/f\/wp-json\/wp\/v2\/media?parent=25421"}],"wp:term":[{"taxonomy":"category","embeddable":true,"href":"https:\/\/tyrving.idrett.no\/10\/f\/wp-json\/wp\/v2\/categories?post=25421"},{"taxonomy":"post_tag","embeddable":true,"href":"https:\/\/tyrving.idrett.no\/10\/f\/wp-json\/wp\/v2\/tags?post=25421"}],"curies":[{"name":"wp","href":"https:\/\/api.w.org\/{rel}","templated":true}]}}