{"id":25458,"date":"2024-01-11T09:23:04","date_gmt":"2024-01-11T08:23:04","guid":{"rendered":"https:\/\/tyrving.idrett.no\/10\/f\/?p=25458"},"modified":"2024-01-11T13:48:00","modified_gmt":"2024-01-11T12:48:00","slug":"distriktskampen","status":"publish","type":"post","link":"https:\/\/tyrving.idrett.no\/10\/f\/2024\/01\/11\/distriktskampen\/","title":{"rendered":"Distriktskampen"},"content":{"rendered":"<p><span style=\"font-weight: 400\">Hele 15 Tyrving ut\u00f8vere var tatt ut for \u00e5 representere Akershus i Distriktskampen 2024. I \u00e5r skulle svenskene sl\u00e5s etter en sur 2.plass i 2023 p\u00e5 hjemmebane.\u00a0<\/span><\/p>\n<p><span style=\"font-weight: 400\">Turen gikk til Karlstad i V\u00e4rmland og konkurranse i den nye friidrettshallen Eva Lisa Holtz Arena. Det var organisert busstur fredag med hjemkomst l\u00f8rdag kveld sammen med laget fra Oslo. Totalt ca 90 ut\u00f8vere. Overnatting og middag\/frokost p\u00e5 hotell.\u00a0<\/span><\/p>\n<p><span style=\"font-weight: 400\">Akershus tok tidlig kommandoen i antall poeng og litt etter lunsj var det klart at Akershus kom til \u00e5 vinne sammenlagt (ble til slutt 812 poeng mot V\u00e4rmland\u2019s 602,5). For \u00e5 toppe kransekaken stakk Akershus ogs\u00e5 av med seieren i stafett 6x200m. Her deltok fra Tyrving Clara (J13), Johan (G13) og Elise (J15) med flott innsats (spenning helt til siste sving).<\/span><\/p>\n<p><span style=\"font-weight: 400\">Resultater fra stevnet: <\/span><a href=\"https:\/\/www.easyrecord.se\/result?58Q1gg\"><span style=\"font-weight: 400\">https:\/\/www.easyrecord.se\/result?58Q1gg<\/span><\/a><span style=\"font-weight: 400\">\u00a0<\/span><\/p>\n<p>Tusen takk til dedikerte reiseleder \u00d8yvind Fjeld for deltagelse og engasjement!<\/p>\n<p><span style=\"font-weight: 400\">Tyrving ut\u00f8vere som deltok for Akershus:<\/span><\/p>\n<ul>\n<li style=\"font-weight: 400\"><span style=\"font-weight: 400\">Hanna Fiva \u00d8iestad &#8211; F17 H\u00f6jd\u00a0<\/span><\/li>\n<li style=\"font-weight: 400\"><span style=\"font-weight: 400\">Lina Svarlien \u2013 F17 H\u00f6jd | F17 L\u00e4ngd<\/span><\/li>\n<li style=\"font-weight: 400\"><span style=\"font-weight: 400\">Elise Sandvik Tornberg &#8211; F15 200 m | F15 L\u00e4ngd<\/span><\/li>\n<li style=\"font-weight: 400\"><span style=\"font-weight: 400\">Mia Mathilda Andresen<\/span> <span style=\"font-weight: 400\">&#8211; F15 1000 m\u00a0<\/span><\/li>\n<li style=\"font-weight: 400\"><span style=\"font-weight: 400\">Clara Viola Alm\u00e9n-Moe<\/span> <span style=\"font-weight: 400\">F13 200 m | F13 H\u00f6jd | F13 L\u00e4ngd<\/span><\/li>\n<li style=\"font-weight: 400\"><span style=\"font-weight: 400\">Maiken Fjeld Halvorsen &#8211; F13 800\u00a0<\/span><\/li>\n<li style=\"font-weight: 400\"><span style=\"font-weight: 400\">Mai Str\u00f8m-Andersen &#8211; F13 800 m\u00a0<\/span><\/li>\n<li style=\"font-weight: 400\"><span style=\"font-weight: 400\">Markus Le Fjeld<\/span> <span style=\"font-weight: 400\">&#8211; P17 60 m | P17 200 m | P17 60 m h\u00e4ck<\/span><\/li>\n<li style=\"font-weight: 400\"><span style=\"font-weight: 400\">Martin Gj\u00f8rvad &#8211; P17 L\u00e4ngd\u00a0<\/span><\/li>\n<li style=\"font-weight: 400\"><span style=\"font-weight: 400\">Sindre Klausen Veggan &#8211; P15 200 m\u00a0<\/span><\/li>\n<li style=\"font-weight: 400\"><span style=\"font-weight: 400\">Sebastian Brunsdon &#8211; P15 1000 m\u00a0<\/span><\/li>\n<li style=\"font-weight: 400\"><span style=\"font-weight: 400\">Gabriel Ratikainen Jensen &#8211; P15 60 m h\u00e4ck\u00a0<\/span><\/li>\n<li style=\"font-weight: 400\"><span style=\"font-weight: 400\">Rowan James Else &#8211; P15 Kula\u00a0<\/span><\/li>\n<li style=\"font-weight: 400\"><span style=\"font-weight: 400\">Johan Le Fjeld &#8211; P13 60 m | P13 200 m | P13 L\u00e4ngd<\/span><\/li>\n<li style=\"font-weight: 400\"><span style=\"font-weight: 400\">Sander T\u00f8rvold Gulbrandsen &#8211; P13 60 m h\u00e4ck | P13 H\u00f6jd Final\u00a0<\/span><\/li>\n<\/ul>\n<p><span style=\"font-weight: 400\">Distrikstkampen er en konkurranse mellom Oslo, Akershus, Vestfold\/\u00d8stfold, Bohus dal, V\u00e4ster G\u00f6taland og V\u00e4rmland. Ut\u00f8vere i aldersgruppen 12-17 \u00e5r kan delta.<\/span><img decoding=\"async\" loading=\"lazy\" class=\"alignnone size-medium wp-image-25459\" src=\"https:\/\/tyrving.idrett.no\/10\/f\/files\/2024\/01\/Poeng-300x130.png\" alt=\"\" width=\"300\" height=\"130\" srcset=\"https:\/\/tyrving.idrett.no\/10\/f\/files\/2024\/01\/Poeng-300x130.png 300w, https:\/\/tyrving.idrett.no\/10\/f\/files\/2024\/01\/Poeng.png 579w\" sizes=\"(max-width: 300px) 100vw, 300px\" \/> <img decoding=\"async\" loading=\"lazy\" class=\"alignnone size-medium wp-image-25460\" src=\"https:\/\/tyrving.idrett.no\/10\/f\/files\/2024\/01\/lagbilde-300x169.jpg\" alt=\"\" width=\"300\" height=\"169\" srcset=\"https:\/\/tyrving.idrett.no\/10\/f\/files\/2024\/01\/lagbilde-300x169.jpg 300w, https:\/\/tyrving.idrett.no\/10\/f\/files\/2024\/01\/lagbilde-1024x576.jpg 1024w, https:\/\/tyrving.idrett.no\/10\/f\/files\/2024\/01\/lagbilde-768x432.jpg 768w, https:\/\/tyrving.idrett.no\/10\/f\/files\/2024\/01\/lagbilde-600x338.jpg 600w, https:\/\/tyrving.idrett.no\/10\/f\/files\/2024\/01\/lagbilde-1536x864.jpg 1536w, https:\/\/tyrving.idrett.no\/10\/f\/files\/2024\/01\/lagbilde-2048x1152.jpg 2048w\" sizes=\"(max-width: 300px) 100vw, 300px\" \/><\/p>\n","protected":false},"excerpt":{"rendered":"Hele 15 Tyrving ut\u00f8vere var tatt ut for \u00e5 representere Akershus i Distriktskampen 2024. I \u00e5r skulle svenskene sl\u00e5s etter en sur 2.plass i 2023 p\u00e5 hjemmebane.\u00a0 Turen gikk til Karlstad i V\u00e4rmland og kon&#8230;","protected":false},"author":48,"featured_media":25460,"comment_status":"closed","ping_status":"open","sticky":false,"template":"","format":"standard","meta":{"footnotes":"","_jetpack_memberships_contains_paid_content":false},"categories":[1],"tags":[],"acf":[],"yoast_head":"<!-- This site is optimized with the Yoast SEO plugin v21.2 - https:\/\/yoast.com\/wordpress\/plugins\/seo\/ -->\n<title>Distriktskampen - Tyrving - Friidrett<\/title>\n<meta name=\"robots\" content=\"index, follow, max-snippet:-1, max-image-preview:large, max-video-preview:-1\" \/>\n<link rel=\"canonical\" href=\"https:\/\/tyrving.idrett.no\/10\/f\/2024\/01\/11\/distriktskampen\/\" \/>\n<meta property=\"og:locale\" content=\"nb_NO\" \/>\n<meta property=\"og:type\" content=\"article\" \/>\n<meta property=\"og:title\" content=\"Distriktskampen - Tyrving - Friidrett\" \/>\n<meta property=\"og:description\" content=\"Hele 15 Tyrving ut\u00f8vere var tatt ut for \u00e5 representere Akershus i Distriktskampen 2024. I \u00e5r skulle svenskene sl\u00e5s etter en sur 2.plass i 2023 p\u00e5 hjemmebane.\u00a0 Turen gikk til Karlstad i V\u00e4rmland og kon...\" \/>\n<meta property=\"og:url\" content=\"https:\/\/tyrving.idrett.no\/10\/f\/2024\/01\/11\/distriktskampen\/\" \/>\n<meta property=\"og:site_name\" content=\"Tyrving - Friidrett\" \/>\n<meta property=\"article:published_time\" content=\"2024-01-11T08:23:04+00:00\" \/>\n<meta property=\"article:modified_time\" content=\"2024-01-11T12:48:00+00:00\" \/>\n<meta property=\"og:image\" content=\"https:\/\/tyrving.idrett.no\/10\/f\/files\/2024\/01\/lagbilde-scaled.jpg\" \/>\n\t<meta property=\"og:image:width\" content=\"2560\" \/>\n\t<meta property=\"og:image:height\" content=\"1440\" \/>\n\t<meta property=\"og:image:type\" content=\"image\/jpeg\" \/>\n<meta name=\"author\" content=\"Charlotte Lund Antonijevic\" \/>\n<meta name=\"twitter:card\" content=\"summary_large_image\" \/>\n<meta name=\"twitter:label1\" content=\"Skrevet av\" \/>\n\t<meta name=\"twitter:data1\" content=\"Charlotte Lund Antonijevic\" \/>\n\t<meta name=\"twitter:label2\" content=\"Ansl. lesetid\" \/>\n\t<meta name=\"twitter:data2\" content=\"2 minutter\" \/>\n<script type=\"application\/ld+json\" class=\"yoast-schema-graph\">{\"@context\":\"https:\/\/schema.org\",\"@graph\":[{\"@type\":\"Article\",\"@id\":\"https:\/\/tyrving.idrett.no\/10\/f\/2024\/01\/11\/distriktskampen\/#article\",\"isPartOf\":{\"@id\":\"https:\/\/tyrving.idrett.no\/10\/f\/2024\/01\/11\/distriktskampen\/\"},\"author\":{\"name\":\"Charlotte Lund Antonijevic\",\"@id\":\"https:\/\/tyrving.idrett.no\/10\/f\/#\/schema\/person\/7dadcbaa6c6ce09d9ae5345eb3181723\"},\"headline\":\"Distriktskampen\",\"datePublished\":\"2024-01-11T08:23:04+00:00\",\"dateModified\":\"2024-01-11T12:48:00+00:00\",\"mainEntityOfPage\":{\"@id\":\"https:\/\/tyrving.idrett.no\/10\/f\/2024\/01\/11\/distriktskampen\/\"},\"wordCount\":303,\"publisher\":{\"@id\":\"https:\/\/tyrving.idrett.no\/10\/f\/#organization\"},\"articleSection\":[\"Nyheter\"],\"inLanguage\":\"nb-NO\"},{\"@type\":\"WebPage\",\"@id\":\"https:\/\/tyrving.idrett.no\/10\/f\/2024\/01\/11\/distriktskampen\/\",\"url\":\"https:\/\/tyrving.idrett.no\/10\/f\/2024\/01\/11\/distriktskampen\/\",\"name\":\"Distriktskampen - Tyrving - Friidrett\",\"isPartOf\":{\"@id\":\"https:\/\/tyrving.idrett.no\/10\/f\/#website\"},\"datePublished\":\"2024-01-11T08:23:04+00:00\",\"dateModified\":\"2024-01-11T12:48:00+00:00\",\"breadcrumb\":{\"@id\":\"https:\/\/tyrving.idrett.no\/10\/f\/2024\/01\/11\/distriktskampen\/#breadcrumb\"},\"inLanguage\":\"nb-NO\",\"potentialAction\":[{\"@type\":\"ReadAction\",\"target\":[\"https:\/\/tyrving.idrett.no\/10\/f\/2024\/01\/11\/distriktskampen\/\"]}]},{\"@type\":\"BreadcrumbList\",\"@id\":\"https:\/\/tyrving.idrett.no\/10\/f\/2024\/01\/11\/distriktskampen\/#breadcrumb\",\"itemListElement\":[{\"@type\":\"ListItem\",\"position\":1,\"name\":\"Hjem\",\"item\":\"https:\/\/tyrving.idrett.no\/10\/f\/\"},{\"@type\":\"ListItem\",\"position\":2,\"name\":\"Distriktskampen\"}]},{\"@type\":\"WebSite\",\"@id\":\"https:\/\/tyrving.idrett.no\/10\/f\/#website\",\"url\":\"https:\/\/tyrving.idrett.no\/10\/f\/\",\"name\":\"Tyrving - Friidrett\",\"description\":\"Friidrettsgruppa\",\"publisher\":{\"@id\":\"https:\/\/tyrving.idrett.no\/10\/f\/#organization\"},\"potentialAction\":[{\"@type\":\"SearchAction\",\"target\":{\"@type\":\"EntryPoint\",\"urlTemplate\":\"https:\/\/tyrving.idrett.no\/10\/f\/?s={search_term_string}\"},\"query-input\":\"required name=search_term_string\"}],\"inLanguage\":\"nb-NO\"},{\"@type\":\"Organization\",\"@id\":\"https:\/\/tyrving.idrett.no\/10\/f\/#organization\",\"name\":\"Tyrving Friidrettsgruppa\",\"url\":\"https:\/\/tyrving.idrett.no\/10\/f\/\",\"logo\":{\"@type\":\"ImageObject\",\"inLanguage\":\"nb-NO\",\"@id\":\"https:\/\/tyrving.idrett.no\/10\/f\/#\/schema\/logo\/image\/\",\"url\":\"https:\/\/tyrving.idrett.no\/10\/f\/files\/2019\/04\/Tyrving-Logo-Friidrett-2019.jpg\",\"contentUrl\":\"https:\/\/tyrving.idrett.no\/10\/f\/files\/2019\/04\/Tyrving-Logo-Friidrett-2019.jpg\",\"width\":460,\"height\":360,\"caption\":\"Tyrving Friidrettsgruppa\"},\"image\":{\"@id\":\"https:\/\/tyrving.idrett.no\/10\/f\/#\/schema\/logo\/image\/\"}},{\"@type\":\"Person\",\"@id\":\"https:\/\/tyrving.idrett.no\/10\/f\/#\/schema\/person\/7dadcbaa6c6ce09d9ae5345eb3181723\",\"name\":\"Charlotte Lund Antonijevic\",\"image\":{\"@type\":\"ImageObject\",\"inLanguage\":\"nb-NO\",\"@id\":\"https:\/\/tyrving.idrett.no\/10\/f\/#\/schema\/person\/image\/\",\"url\":\"https:\/\/secure.gravatar.com\/avatar\/41b7979d7eef810adabb4f04d85c18d4?s=96&d=mm&r=g\",\"contentUrl\":\"https:\/\/secure.gravatar.com\/avatar\/41b7979d7eef810adabb4f04d85c18d4?s=96&d=mm&r=g\",\"caption\":\"Charlotte Lund Antonijevic\"}}]}<\/script>\n<!-- \/ Yoast SEO plugin. -->","yoast_head_json":{"title":"Distriktskampen - Tyrving - Friidrett","robots":{"index":"index","follow":"follow","max-snippet":"max-snippet:-1","max-image-preview":"max-image-preview:large","max-video-preview":"max-video-preview:-1"},"canonical":"https:\/\/tyrving.idrett.no\/10\/f\/2024\/01\/11\/distriktskampen\/","og_locale":"nb_NO","og_type":"article","og_title":"Distriktskampen - Tyrving - Friidrett","og_description":"Hele 15 Tyrving ut\u00f8vere var tatt ut for \u00e5 representere Akershus i Distriktskampen 2024. I \u00e5r skulle svenskene sl\u00e5s etter en sur 2.plass i 2023 p\u00e5 hjemmebane.\u00a0 Turen gikk til Karlstad i V\u00e4rmland og kon...","og_url":"https:\/\/tyrving.idrett.no\/10\/f\/2024\/01\/11\/distriktskampen\/","og_site_name":"Tyrving - Friidrett","article_published_time":"2024-01-11T08:23:04+00:00","article_modified_time":"2024-01-11T12:48:00+00:00","og_image":[{"width":2560,"height":1440,"url":"https:\/\/tyrving.idrett.no\/10\/f\/files\/2024\/01\/lagbilde-scaled.jpg","type":"image\/jpeg"}],"author":"Charlotte Lund Antonijevic","twitter_card":"summary_large_image","twitter_misc":{"Skrevet av":"Charlotte Lund Antonijevic","Ansl. lesetid":"2 minutter"},"schema":{"@context":"https:\/\/schema.org","@graph":[{"@type":"Article","@id":"https:\/\/tyrving.idrett.no\/10\/f\/2024\/01\/11\/distriktskampen\/#article","isPartOf":{"@id":"https:\/\/tyrving.idrett.no\/10\/f\/2024\/01\/11\/distriktskampen\/"},"author":{"name":"Charlotte Lund Antonijevic","@id":"https:\/\/tyrving.idrett.no\/10\/f\/#\/schema\/person\/7dadcbaa6c6ce09d9ae5345eb3181723"},"headline":"Distriktskampen","datePublished":"2024-01-11T08:23:04+00:00","dateModified":"2024-01-11T12:48:00+00:00","mainEntityOfPage":{"@id":"https:\/\/tyrving.idrett.no\/10\/f\/2024\/01\/11\/distriktskampen\/"},"wordCount":303,"publisher":{"@id":"https:\/\/tyrving.idrett.no\/10\/f\/#organization"},"articleSection":["Nyheter"],"inLanguage":"nb-NO"},{"@type":"WebPage","@id":"https:\/\/tyrving.idrett.no\/10\/f\/2024\/01\/11\/distriktskampen\/","url":"https:\/\/tyrving.idrett.no\/10\/f\/2024\/01\/11\/distriktskampen\/","name":"Distriktskampen - Tyrving - Friidrett","isPartOf":{"@id":"https:\/\/tyrving.idrett.no\/10\/f\/#website"},"datePublished":"2024-01-11T08:23:04+00:00","dateModified":"2024-01-11T12:48:00+00:00","breadcrumb":{"@id":"https:\/\/tyrving.idrett.no\/10\/f\/2024\/01\/11\/distriktskampen\/#breadcrumb"},"inLanguage":"nb-NO","potentialAction":[{"@type":"ReadAction","target":["https:\/\/tyrving.idrett.no\/10\/f\/2024\/01\/11\/distriktskampen\/"]}]},{"@type":"BreadcrumbList","@id":"https:\/\/tyrving.idrett.no\/10\/f\/2024\/01\/11\/distriktskampen\/#breadcrumb","itemListElement":[{"@type":"ListItem","position":1,"name":"Hjem","item":"https:\/\/tyrving.idrett.no\/10\/f\/"},{"@type":"ListItem","position":2,"name":"Distriktskampen"}]},{"@type":"WebSite","@id":"https:\/\/tyrving.idrett.no\/10\/f\/#website","url":"https:\/\/tyrving.idrett.no\/10\/f\/","name":"Tyrving - Friidrett","description":"Friidrettsgruppa","publisher":{"@id":"https:\/\/tyrving.idrett.no\/10\/f\/#organization"},"potentialAction":[{"@type":"SearchAction","target":{"@type":"EntryPoint","urlTemplate":"https:\/\/tyrving.idrett.no\/10\/f\/?s={search_term_string}"},"query-input":"required name=search_term_string"}],"inLanguage":"nb-NO"},{"@type":"Organization","@id":"https:\/\/tyrving.idrett.no\/10\/f\/#organization","name":"Tyrving Friidrettsgruppa","url":"https:\/\/tyrving.idrett.no\/10\/f\/","logo":{"@type":"ImageObject","inLanguage":"nb-NO","@id":"https:\/\/tyrving.idrett.no\/10\/f\/#\/schema\/logo\/image\/","url":"https:\/\/tyrving.idrett.no\/10\/f\/files\/2019\/04\/Tyrving-Logo-Friidrett-2019.jpg","contentUrl":"https:\/\/tyrving.idrett.no\/10\/f\/files\/2019\/04\/Tyrving-Logo-Friidrett-2019.jpg","width":460,"height":360,"caption":"Tyrving Friidrettsgruppa"},"image":{"@id":"https:\/\/tyrving.idrett.no\/10\/f\/#\/schema\/logo\/image\/"}},{"@type":"Person","@id":"https:\/\/tyrving.idrett.no\/10\/f\/#\/schema\/person\/7dadcbaa6c6ce09d9ae5345eb3181723","name":"Charlotte Lund Antonijevic","image":{"@type":"ImageObject","inLanguage":"nb-NO","@id":"https:\/\/tyrving.idrett.no\/10\/f\/#\/schema\/person\/image\/","url":"https:\/\/secure.gravatar.com\/avatar\/41b7979d7eef810adabb4f04d85c18d4?s=96&d=mm&r=g","contentUrl":"https:\/\/secure.gravatar.com\/avatar\/41b7979d7eef810adabb4f04d85c18d4?s=96&d=mm&r=g","caption":"Charlotte Lund Antonijevic"}}]}},"jetpack_sharing_enabled":true,"jetpack_featured_media_url":"https:\/\/tyrving.idrett.no\/10\/f\/files\/2024\/01\/lagbilde-scaled.jpg","_links":{"self":[{"href":"https:\/\/tyrving.idrett.no\/10\/f\/wp-json\/wp\/v2\/posts\/25458"}],"collection":[{"href":"https:\/\/tyrving.idrett.no\/10\/f\/wp-json\/wp\/v2\/posts"}],"about":[{"href":"https:\/\/tyrving.idrett.no\/10\/f\/wp-json\/wp\/v2\/types\/post"}],"author":[{"embeddable":true,"href":"https:\/\/tyrving.idrett.no\/10\/f\/wp-json\/wp\/v2\/users\/48"}],"replies":[{"embeddable":true,"href":"https:\/\/tyrving.idrett.no\/10\/f\/wp-json\/wp\/v2\/comments?post=25458"}],"version-history":[{"count":3,"href":"https:\/\/tyrving.idrett.no\/10\/f\/wp-json\/wp\/v2\/posts\/25458\/revisions"}],"predecessor-version":[{"id":25464,"href":"https:\/\/tyrving.idrett.no\/10\/f\/wp-json\/wp\/v2\/posts\/25458\/revisions\/25464"}],"wp:featuredmedia":[{"embeddable":true,"href":"https:\/\/tyrving.idrett.no\/10\/f\/wp-json\/wp\/v2\/media\/25460"}],"wp:attachment":[{"href":"https:\/\/tyrving.idrett.no\/10\/f\/wp-json\/wp\/v2\/media?parent=25458"}],"wp:term":[{"taxonomy":"category","embeddable":true,"href":"https:\/\/tyrving.idrett.no\/10\/f\/wp-json\/wp\/v2\/categories?post=25458"},{"taxonomy":"post_tag","embeddable":true,"href":"https:\/\/tyrving.idrett.no\/10\/f\/wp-json\/wp\/v2\/tags?post=25458"}],"curies":[{"name":"wp","href":"https:\/\/api.w.org\/{rel}","templated":true}]}}