{"id":25494,"date":"2024-01-22T07:58:47","date_gmt":"2024-01-22T06:58:47","guid":{"rendered":"https:\/\/tyrving.idrett.no\/10\/f\/?p=25494"},"modified":"2024-01-22T07:58:47","modified_gmt":"2024-01-22T06:58:47","slug":"sikkerhetsansvalig-og-leger-sokes-til-arrangementer","status":"publish","type":"post","link":"https:\/\/tyrving.idrett.no\/10\/f\/2024\/01\/22\/sikkerhetsansvalig-og-leger-sokes-til-arrangementer\/","title":{"rendered":"Sikkerhetsansvalig og leger s\u00f8kes til arrangementer"},"content":{"rendered":"<p><strong>Sikkerhetsansvarlig og leger s\u00f8kes<\/strong><\/p>\n<p>.<\/p>\n<p>&nbsp;<\/p>\n<p>Tyrving \u00f8nsker \u00e5 bedre beredskapen p\u00e5 v\u00e5re treninger og arrangementer. Vi har derfor oppdatert v\u00e5re beredskapsplaner og -rutiner. P\u00e5 st\u00f8rre arrangement vil vi introdusere en ny rolle: sikkerhetsansvarlig. Vi h\u00e5per \u00e5 kunne rekruttere en far eller mor til denne rollen; gjerne en som har erfaring med \u00e5 jobbe med sikkerhet og beredskap fra arbeidslivet. Under Tyrvinglekene n\u00e5 i februar vil da denne personen f\u00e5 rollen som sikkerhetsansvarlig (istedenfor andre dugnadsoppgaver). Om dette blir en fast jobb ogs\u00e5 p\u00e5 fremtidige Tyrvingleker er selvf\u00f8lgelig opp til den enkelte.<\/p>\n<p>.<\/p>\n<p>I tillegg har vi behov for leger som kan v\u00e6re til stede under arrangementene. Dette er en del av beredskapen s\u00e5 store stevner b\u00f8r ha. Dette er ogs\u00e5 en funksjon\u00e6roppgave som ikke hvem som helst kan fylle. Vi har noen leger vi pleier \u00e5 sp\u00f8rre om denne rollen under arrangementene, men her trenger vi flere \u00e5 spille p\u00e5.<\/p>\n<p>.<\/p>\n<p>Dersom noen av dere har mulighet til \u00e5 ta en av disse rollene, er det flott om dere sender en mail om dette til\u00a0<a href=\"mailto:friidrett@tyrving.no\">friidrett@tyrving.no<\/a><\/p>\n<p>.<\/p>\n<p>Tusen takk for at dere vil hjelpe til \u00e5 gj\u00f8re Tyrvinglekene til et enda bedre og tryggere arrangement!<\/p>\n","protected":false},"excerpt":{"rendered":"Sikkerhetsansvarlig og leger s\u00f8kes . &nbsp; Tyrving \u00f8nsker \u00e5 bedre beredskapen p\u00e5 v\u00e5re treninger og arrangementer. Vi har derfor oppdatert v\u00e5re beredskapsplaner og -rutiner. P\u00e5 st\u00f8rre arrangement vil &#8230;","protected":false},"author":48,"featured_media":25495,"comment_status":"closed","ping_status":"open","sticky":false,"template":"","format":"standard","meta":{"footnotes":"","_jetpack_memberships_contains_paid_content":false},"categories":[1],"tags":[7874],"acf":[],"yoast_head":"<!-- This site is optimized with the Yoast SEO plugin v21.2 - https:\/\/yoast.com\/wordpress\/plugins\/seo\/ -->\n<title>Sikkerhetsansvalig og leger s\u00f8kes til arrangementer - Tyrving - Friidrett<\/title>\n<meta name=\"robots\" content=\"index, follow, max-snippet:-1, max-image-preview:large, max-video-preview:-1\" \/>\n<link rel=\"canonical\" href=\"https:\/\/tyrving.idrett.no\/10\/f\/2024\/01\/22\/sikkerhetsansvalig-og-leger-sokes-til-arrangementer\/\" \/>\n<meta property=\"og:locale\" content=\"nb_NO\" \/>\n<meta property=\"og:type\" content=\"article\" \/>\n<meta property=\"og:title\" content=\"Sikkerhetsansvalig og leger s\u00f8kes til arrangementer - Tyrving - Friidrett\" \/>\n<meta property=\"og:description\" content=\"Sikkerhetsansvarlig og leger s\u00f8kes . &nbsp; Tyrving \u00f8nsker \u00e5 bedre beredskapen p\u00e5 v\u00e5re treninger og arrangementer. Vi har derfor oppdatert v\u00e5re beredskapsplaner og -rutiner. P\u00e5 st\u00f8rre arrangement vil ...\" \/>\n<meta property=\"og:url\" content=\"https:\/\/tyrving.idrett.no\/10\/f\/2024\/01\/22\/sikkerhetsansvalig-og-leger-sokes-til-arrangementer\/\" \/>\n<meta property=\"og:site_name\" content=\"Tyrving - Friidrett\" \/>\n<meta property=\"article:published_time\" content=\"2024-01-22T06:58:47+00:00\" \/>\n<meta property=\"og:image\" content=\"https:\/\/tyrving.idrett.no\/10\/f\/files\/2024\/01\/Bilde-lant-fra-Universitet-i-Bergen.jpg\" \/>\n\t<meta property=\"og:image:width\" content=\"236\" \/>\n\t<meta property=\"og:image:height\" content=\"167\" \/>\n\t<meta property=\"og:image:type\" content=\"image\/jpeg\" \/>\n<meta name=\"author\" content=\"Charlotte Lund Antonijevic\" \/>\n<meta name=\"twitter:card\" content=\"summary_large_image\" \/>\n<meta name=\"twitter:label1\" content=\"Skrevet av\" \/>\n\t<meta name=\"twitter:data1\" content=\"Charlotte Lund Antonijevic\" \/>\n\t<meta name=\"twitter:label2\" content=\"Ansl. lesetid\" \/>\n\t<meta name=\"twitter:data2\" content=\"2 minutter\" \/>\n<script type=\"application\/ld+json\" class=\"yoast-schema-graph\">{\"@context\":\"https:\/\/schema.org\",\"@graph\":[{\"@type\":\"Article\",\"@id\":\"https:\/\/tyrving.idrett.no\/10\/f\/2024\/01\/22\/sikkerhetsansvalig-og-leger-sokes-til-arrangementer\/#article\",\"isPartOf\":{\"@id\":\"https:\/\/tyrving.idrett.no\/10\/f\/2024\/01\/22\/sikkerhetsansvalig-og-leger-sokes-til-arrangementer\/\"},\"author\":{\"name\":\"Charlotte Lund Antonijevic\",\"@id\":\"https:\/\/tyrving.idrett.no\/10\/f\/#\/schema\/person\/7dadcbaa6c6ce09d9ae5345eb3181723\"},\"headline\":\"Sikkerhetsansvalig og leger s\u00f8kes til arrangementer\",\"datePublished\":\"2024-01-22T06:58:47+00:00\",\"dateModified\":\"2024-01-22T06:58:47+00:00\",\"mainEntityOfPage\":{\"@id\":\"https:\/\/tyrving.idrett.no\/10\/f\/2024\/01\/22\/sikkerhetsansvalig-og-leger-sokes-til-arrangementer\/\"},\"wordCount\":205,\"publisher\":{\"@id\":\"https:\/\/tyrving.idrett.no\/10\/f\/#organization\"},\"keywords\":[\"bilde l\u00e5nt fra Universitetet i Bergen\"],\"articleSection\":[\"Nyheter\"],\"inLanguage\":\"nb-NO\"},{\"@type\":\"WebPage\",\"@id\":\"https:\/\/tyrving.idrett.no\/10\/f\/2024\/01\/22\/sikkerhetsansvalig-og-leger-sokes-til-arrangementer\/\",\"url\":\"https:\/\/tyrving.idrett.no\/10\/f\/2024\/01\/22\/sikkerhetsansvalig-og-leger-sokes-til-arrangementer\/\",\"name\":\"Sikkerhetsansvalig og leger s\u00f8kes til arrangementer - Tyrving - Friidrett\",\"isPartOf\":{\"@id\":\"https:\/\/tyrving.idrett.no\/10\/f\/#website\"},\"datePublished\":\"2024-01-22T06:58:47+00:00\",\"dateModified\":\"2024-01-22T06:58:47+00:00\",\"breadcrumb\":{\"@id\":\"https:\/\/tyrving.idrett.no\/10\/f\/2024\/01\/22\/sikkerhetsansvalig-og-leger-sokes-til-arrangementer\/#breadcrumb\"},\"inLanguage\":\"nb-NO\",\"potentialAction\":[{\"@type\":\"ReadAction\",\"target\":[\"https:\/\/tyrving.idrett.no\/10\/f\/2024\/01\/22\/sikkerhetsansvalig-og-leger-sokes-til-arrangementer\/\"]}]},{\"@type\":\"BreadcrumbList\",\"@id\":\"https:\/\/tyrving.idrett.no\/10\/f\/2024\/01\/22\/sikkerhetsansvalig-og-leger-sokes-til-arrangementer\/#breadcrumb\",\"itemListElement\":[{\"@type\":\"ListItem\",\"position\":1,\"name\":\"Hjem\",\"item\":\"https:\/\/tyrving.idrett.no\/10\/f\/\"},{\"@type\":\"ListItem\",\"position\":2,\"name\":\"Sikkerhetsansvalig og leger s\u00f8kes til arrangementer\"}]},{\"@type\":\"WebSite\",\"@id\":\"https:\/\/tyrving.idrett.no\/10\/f\/#website\",\"url\":\"https:\/\/tyrving.idrett.no\/10\/f\/\",\"name\":\"Tyrving - Friidrett\",\"description\":\"Friidrettsgruppa\",\"publisher\":{\"@id\":\"https:\/\/tyrving.idrett.no\/10\/f\/#organization\"},\"potentialAction\":[{\"@type\":\"SearchAction\",\"target\":{\"@type\":\"EntryPoint\",\"urlTemplate\":\"https:\/\/tyrving.idrett.no\/10\/f\/?s={search_term_string}\"},\"query-input\":\"required name=search_term_string\"}],\"inLanguage\":\"nb-NO\"},{\"@type\":\"Organization\",\"@id\":\"https:\/\/tyrving.idrett.no\/10\/f\/#organization\",\"name\":\"Tyrving Friidrettsgruppa\",\"url\":\"https:\/\/tyrving.idrett.no\/10\/f\/\",\"logo\":{\"@type\":\"ImageObject\",\"inLanguage\":\"nb-NO\",\"@id\":\"https:\/\/tyrving.idrett.no\/10\/f\/#\/schema\/logo\/image\/\",\"url\":\"https:\/\/tyrving.idrett.no\/10\/f\/files\/2019\/04\/Tyrving-Logo-Friidrett-2019.jpg\",\"contentUrl\":\"https:\/\/tyrving.idrett.no\/10\/f\/files\/2019\/04\/Tyrving-Logo-Friidrett-2019.jpg\",\"width\":460,\"height\":360,\"caption\":\"Tyrving Friidrettsgruppa\"},\"image\":{\"@id\":\"https:\/\/tyrving.idrett.no\/10\/f\/#\/schema\/logo\/image\/\"}},{\"@type\":\"Person\",\"@id\":\"https:\/\/tyrving.idrett.no\/10\/f\/#\/schema\/person\/7dadcbaa6c6ce09d9ae5345eb3181723\",\"name\":\"Charlotte Lund Antonijevic\",\"image\":{\"@type\":\"ImageObject\",\"inLanguage\":\"nb-NO\",\"@id\":\"https:\/\/tyrving.idrett.no\/10\/f\/#\/schema\/person\/image\/\",\"url\":\"https:\/\/secure.gravatar.com\/avatar\/41b7979d7eef810adabb4f04d85c18d4?s=96&d=mm&r=g\",\"contentUrl\":\"https:\/\/secure.gravatar.com\/avatar\/41b7979d7eef810adabb4f04d85c18d4?s=96&d=mm&r=g\",\"caption\":\"Charlotte Lund Antonijevic\"}}]}<\/script>\n<!-- \/ Yoast SEO plugin. -->","yoast_head_json":{"title":"Sikkerhetsansvalig og leger s\u00f8kes til arrangementer - Tyrving - Friidrett","robots":{"index":"index","follow":"follow","max-snippet":"max-snippet:-1","max-image-preview":"max-image-preview:large","max-video-preview":"max-video-preview:-1"},"canonical":"https:\/\/tyrving.idrett.no\/10\/f\/2024\/01\/22\/sikkerhetsansvalig-og-leger-sokes-til-arrangementer\/","og_locale":"nb_NO","og_type":"article","og_title":"Sikkerhetsansvalig og leger s\u00f8kes til arrangementer - Tyrving - Friidrett","og_description":"Sikkerhetsansvarlig og leger s\u00f8kes . &nbsp; Tyrving \u00f8nsker \u00e5 bedre beredskapen p\u00e5 v\u00e5re treninger og arrangementer. Vi har derfor oppdatert v\u00e5re beredskapsplaner og -rutiner. P\u00e5 st\u00f8rre arrangement vil ...","og_url":"https:\/\/tyrving.idrett.no\/10\/f\/2024\/01\/22\/sikkerhetsansvalig-og-leger-sokes-til-arrangementer\/","og_site_name":"Tyrving - Friidrett","article_published_time":"2024-01-22T06:58:47+00:00","og_image":[{"width":236,"height":167,"url":"https:\/\/tyrving.idrett.no\/10\/f\/files\/2024\/01\/Bilde-lant-fra-Universitet-i-Bergen.jpg","type":"image\/jpeg"}],"author":"Charlotte Lund Antonijevic","twitter_card":"summary_large_image","twitter_misc":{"Skrevet av":"Charlotte Lund Antonijevic","Ansl. lesetid":"2 minutter"},"schema":{"@context":"https:\/\/schema.org","@graph":[{"@type":"Article","@id":"https:\/\/tyrving.idrett.no\/10\/f\/2024\/01\/22\/sikkerhetsansvalig-og-leger-sokes-til-arrangementer\/#article","isPartOf":{"@id":"https:\/\/tyrving.idrett.no\/10\/f\/2024\/01\/22\/sikkerhetsansvalig-og-leger-sokes-til-arrangementer\/"},"author":{"name":"Charlotte Lund Antonijevic","@id":"https:\/\/tyrving.idrett.no\/10\/f\/#\/schema\/person\/7dadcbaa6c6ce09d9ae5345eb3181723"},"headline":"Sikkerhetsansvalig og leger s\u00f8kes til arrangementer","datePublished":"2024-01-22T06:58:47+00:00","dateModified":"2024-01-22T06:58:47+00:00","mainEntityOfPage":{"@id":"https:\/\/tyrving.idrett.no\/10\/f\/2024\/01\/22\/sikkerhetsansvalig-og-leger-sokes-til-arrangementer\/"},"wordCount":205,"publisher":{"@id":"https:\/\/tyrving.idrett.no\/10\/f\/#organization"},"keywords":["bilde l\u00e5nt fra Universitetet i Bergen"],"articleSection":["Nyheter"],"inLanguage":"nb-NO"},{"@type":"WebPage","@id":"https:\/\/tyrving.idrett.no\/10\/f\/2024\/01\/22\/sikkerhetsansvalig-og-leger-sokes-til-arrangementer\/","url":"https:\/\/tyrving.idrett.no\/10\/f\/2024\/01\/22\/sikkerhetsansvalig-og-leger-sokes-til-arrangementer\/","name":"Sikkerhetsansvalig og leger s\u00f8kes til arrangementer - Tyrving - Friidrett","isPartOf":{"@id":"https:\/\/tyrving.idrett.no\/10\/f\/#website"},"datePublished":"2024-01-22T06:58:47+00:00","dateModified":"2024-01-22T06:58:47+00:00","breadcrumb":{"@id":"https:\/\/tyrving.idrett.no\/10\/f\/2024\/01\/22\/sikkerhetsansvalig-og-leger-sokes-til-arrangementer\/#breadcrumb"},"inLanguage":"nb-NO","potentialAction":[{"@type":"ReadAction","target":["https:\/\/tyrving.idrett.no\/10\/f\/2024\/01\/22\/sikkerhetsansvalig-og-leger-sokes-til-arrangementer\/"]}]},{"@type":"BreadcrumbList","@id":"https:\/\/tyrving.idrett.no\/10\/f\/2024\/01\/22\/sikkerhetsansvalig-og-leger-sokes-til-arrangementer\/#breadcrumb","itemListElement":[{"@type":"ListItem","position":1,"name":"Hjem","item":"https:\/\/tyrving.idrett.no\/10\/f\/"},{"@type":"ListItem","position":2,"name":"Sikkerhetsansvalig og leger s\u00f8kes til arrangementer"}]},{"@type":"WebSite","@id":"https:\/\/tyrving.idrett.no\/10\/f\/#website","url":"https:\/\/tyrving.idrett.no\/10\/f\/","name":"Tyrving - Friidrett","description":"Friidrettsgruppa","publisher":{"@id":"https:\/\/tyrving.idrett.no\/10\/f\/#organization"},"potentialAction":[{"@type":"SearchAction","target":{"@type":"EntryPoint","urlTemplate":"https:\/\/tyrving.idrett.no\/10\/f\/?s={search_term_string}"},"query-input":"required name=search_term_string"}],"inLanguage":"nb-NO"},{"@type":"Organization","@id":"https:\/\/tyrving.idrett.no\/10\/f\/#organization","name":"Tyrving Friidrettsgruppa","url":"https:\/\/tyrving.idrett.no\/10\/f\/","logo":{"@type":"ImageObject","inLanguage":"nb-NO","@id":"https:\/\/tyrving.idrett.no\/10\/f\/#\/schema\/logo\/image\/","url":"https:\/\/tyrving.idrett.no\/10\/f\/files\/2019\/04\/Tyrving-Logo-Friidrett-2019.jpg","contentUrl":"https:\/\/tyrving.idrett.no\/10\/f\/files\/2019\/04\/Tyrving-Logo-Friidrett-2019.jpg","width":460,"height":360,"caption":"Tyrving Friidrettsgruppa"},"image":{"@id":"https:\/\/tyrving.idrett.no\/10\/f\/#\/schema\/logo\/image\/"}},{"@type":"Person","@id":"https:\/\/tyrving.idrett.no\/10\/f\/#\/schema\/person\/7dadcbaa6c6ce09d9ae5345eb3181723","name":"Charlotte Lund Antonijevic","image":{"@type":"ImageObject","inLanguage":"nb-NO","@id":"https:\/\/tyrving.idrett.no\/10\/f\/#\/schema\/person\/image\/","url":"https:\/\/secure.gravatar.com\/avatar\/41b7979d7eef810adabb4f04d85c18d4?s=96&d=mm&r=g","contentUrl":"https:\/\/secure.gravatar.com\/avatar\/41b7979d7eef810adabb4f04d85c18d4?s=96&d=mm&r=g","caption":"Charlotte Lund Antonijevic"}}]}},"jetpack_sharing_enabled":true,"jetpack_featured_media_url":"https:\/\/tyrving.idrett.no\/10\/f\/files\/2024\/01\/Bilde-lant-fra-Universitet-i-Bergen.jpg","_links":{"self":[{"href":"https:\/\/tyrving.idrett.no\/10\/f\/wp-json\/wp\/v2\/posts\/25494"}],"collection":[{"href":"https:\/\/tyrving.idrett.no\/10\/f\/wp-json\/wp\/v2\/posts"}],"about":[{"href":"https:\/\/tyrving.idrett.no\/10\/f\/wp-json\/wp\/v2\/types\/post"}],"author":[{"embeddable":true,"href":"https:\/\/tyrving.idrett.no\/10\/f\/wp-json\/wp\/v2\/users\/48"}],"replies":[{"embeddable":true,"href":"https:\/\/tyrving.idrett.no\/10\/f\/wp-json\/wp\/v2\/comments?post=25494"}],"version-history":[{"count":1,"href":"https:\/\/tyrving.idrett.no\/10\/f\/wp-json\/wp\/v2\/posts\/25494\/revisions"}],"predecessor-version":[{"id":25496,"href":"https:\/\/tyrving.idrett.no\/10\/f\/wp-json\/wp\/v2\/posts\/25494\/revisions\/25496"}],"wp:featuredmedia":[{"embeddable":true,"href":"https:\/\/tyrving.idrett.no\/10\/f\/wp-json\/wp\/v2\/media\/25495"}],"wp:attachment":[{"href":"https:\/\/tyrving.idrett.no\/10\/f\/wp-json\/wp\/v2\/media?parent=25494"}],"wp:term":[{"taxonomy":"category","embeddable":true,"href":"https:\/\/tyrving.idrett.no\/10\/f\/wp-json\/wp\/v2\/categories?post=25494"},{"taxonomy":"post_tag","embeddable":true,"href":"https:\/\/tyrving.idrett.no\/10\/f\/wp-json\/wp\/v2\/tags?post=25494"}],"curies":[{"name":"wp","href":"https:\/\/api.w.org\/{rel}","templated":true}]}}