{"id":25552,"date":"2024-02-08T20:11:19","date_gmt":"2024-02-08T19:11:19","guid":{"rendered":"https:\/\/tyrving.idrett.no\/10\/f\/?p=25552"},"modified":"2024-02-08T21:09:20","modified_gmt":"2024-02-08T20:09:20","slug":"funksjonaeroppsettet-er-klart","status":"publish","type":"post","link":"https:\/\/tyrving.idrett.no\/10\/f\/2024\/02\/08\/funksjonaeroppsettet-er-klart\/","title":{"rendered":"Funksjon\u00e6roppsettet er klart (oppdatert 8.2.)"},"content":{"rendered":"<p>Vi gleder oss til en travel helg i B\u00e6rum Idrettspark, og n\u00e5 f\u00e5 timer f\u00f8r startskuddet g\u00e5r, er det p\u00e5meldt mer enn 1015 deltakere.\u00a0 Og i tillegg kommer det ut\u00f8vere som skal delta i s\u00f8ndagens Nordiske landskamp.<strong> Jammen godt at vi har mange og flinke folk som v\u00e6re med \u00e5 gj\u00f8re dette til en minnerik helg &#8211; enten man er dommer, funksjon\u00e6r eller ut\u00f8ver!<\/strong><\/p>\n<p>.<\/p>\n<p><strong>Oversikt over vakter\u00a0 &#8211; NB oversikt for rigg\/nedrigg st\u00e5r p\u00e5 siste side.<\/strong><\/p>\n<p>Det siste oppdaterte dommer- og funksjon\u00e6roppsettet ser man ved \u00e5 klikke p\u00e5 linken: <strong><a href=\"https:\/\/tyrving.idrett.no\/10\/f\/2024\/02\/06\/funksjonaeroppsettet-er-klart\/2024-tl-inne-dommer-og-funksjonaeroppsett-v4\/\" rel=\"attachment wp-att-25578\">2024 TL inne dommer og funksjon\u00e6roppsett v4<\/a> <\/strong>Merk at noen kan v\u00e6re satt opp p\u00e5 mer enn en post pr dag, s\u00e5 s\u00f8k p\u00e5 navnet deres.<\/p>\n<p>.<\/p>\n<ul>\n<li>Vi er\u00a0<strong>helt avhengige<\/strong> at alle stiller; noe vi regner med at alle har stor forst\u00e5else for.<\/li>\n<li>Oppm\u00f8tetid og varighet er oppgitt. Viktig at dere m\u00f8ter i tide.\u00a0 I funksjon\u00e6rmottaket blir dere veiledet og henvist til rett sted.<\/li>\n<li>Noen har en relativt kort \u00f8kt. Veldig fint om dere melder dere til funksjon\u00e6rmottaket etterp\u00e5 og h\u00f8rer om det er noen steder \u00abdet brenner\u00bb.<\/li>\n<\/ul>\n<p>.<\/p>\n<p><strong>Oppm\u00f8te<\/strong><\/p>\n<p>Fremm\u00f8te for registrering i 2. etasje i BIP.\u00a0 Her registreres dere og vester for bruk under \u00f8ktene deles ut.\u00a0 Funksjon\u00e6rbespisning i rom like i n\u00e6rheten.<\/p>\n<p>Har man \u00f8kter flere dager, m\u00e5 man hver dag registrere som over slik at vi har oversikt over at alle er kommet.<\/p>\n<p>.<\/p>\n<p><strong>Parkering:<\/strong><\/p>\n<p>Parkering utenfor B\u00e6rum Idrettspark. 4 timer gratis parkering.\u00a0 All parkering m\u00e5 registreres via appen for Easypark\/Parklink.<\/p>\n","protected":false},"excerpt":{"rendered":"Vi gleder oss til en travel helg i B\u00e6rum Idrettspark, og n\u00e5 f\u00e5 timer f\u00f8r startskuddet g\u00e5r, er det p\u00e5meldt mer enn 1015 deltakere.\u00a0 Og i tillegg kommer det ut\u00f8vere som skal delta i s\u00f8ndagens Nordiske l&#8230;","protected":false},"author":2,"featured_media":24145,"comment_status":"closed","ping_status":"open","sticky":false,"template":"","format":"standard","meta":{"footnotes":"","_jetpack_memberships_contains_paid_content":false},"categories":[1],"tags":[],"acf":[],"yoast_head":"<!-- This site is optimized with the Yoast SEO plugin v21.2 - https:\/\/yoast.com\/wordpress\/plugins\/seo\/ -->\n<title>Funksjon\u00e6roppsettet er klart (oppdatert 8.2.) - Tyrving - Friidrett<\/title>\n<meta name=\"robots\" content=\"index, follow, max-snippet:-1, max-image-preview:large, max-video-preview:-1\" \/>\n<link rel=\"canonical\" href=\"https:\/\/tyrving.idrett.no\/10\/f\/2024\/02\/08\/funksjonaeroppsettet-er-klart\/\" \/>\n<meta property=\"og:locale\" content=\"nb_NO\" \/>\n<meta property=\"og:type\" content=\"article\" \/>\n<meta property=\"og:title\" content=\"Funksjon\u00e6roppsettet er klart (oppdatert 8.2.) - Tyrving - Friidrett\" \/>\n<meta property=\"og:description\" content=\"Vi gleder oss til en travel helg i B\u00e6rum Idrettspark, og n\u00e5 f\u00e5 timer f\u00f8r startskuddet g\u00e5r, er det p\u00e5meldt mer enn 1015 deltakere.\u00a0 Og i tillegg kommer det ut\u00f8vere som skal delta i s\u00f8ndagens Nordiske l...\" \/>\n<meta property=\"og:url\" content=\"https:\/\/tyrving.idrett.no\/10\/f\/2024\/02\/08\/funksjonaeroppsettet-er-klart\/\" \/>\n<meta property=\"og:site_name\" content=\"Tyrving - Friidrett\" \/>\n<meta property=\"article:published_time\" content=\"2024-02-08T19:11:19+00:00\" \/>\n<meta property=\"article:modified_time\" content=\"2024-02-08T20:09:20+00:00\" \/>\n<meta property=\"og:image\" content=\"https:\/\/tyrving.idrett.no\/10\/f\/files\/2023\/02\/230212_TL2-scaled.jpg\" \/>\n\t<meta property=\"og:image:width\" content=\"2560\" \/>\n\t<meta property=\"og:image:height\" content=\"1685\" \/>\n\t<meta property=\"og:image:type\" content=\"image\/jpeg\" \/>\n<meta name=\"author\" content=\"Kirsten Larsen\" \/>\n<meta name=\"twitter:card\" content=\"summary_large_image\" \/>\n<meta name=\"twitter:label1\" content=\"Skrevet av\" \/>\n\t<meta name=\"twitter:data1\" content=\"Kirsten Larsen\" \/>\n\t<meta name=\"twitter:label2\" content=\"Ansl. lesetid\" \/>\n\t<meta name=\"twitter:data2\" content=\"2 minutter\" \/>\n<script type=\"application\/ld+json\" class=\"yoast-schema-graph\">{\"@context\":\"https:\/\/schema.org\",\"@graph\":[{\"@type\":\"Article\",\"@id\":\"https:\/\/tyrving.idrett.no\/10\/f\/2024\/02\/08\/funksjonaeroppsettet-er-klart\/#article\",\"isPartOf\":{\"@id\":\"https:\/\/tyrving.idrett.no\/10\/f\/2024\/02\/08\/funksjonaeroppsettet-er-klart\/\"},\"author\":{\"name\":\"Kirsten Larsen\",\"@id\":\"https:\/\/tyrving.idrett.no\/10\/f\/#\/schema\/person\/9d33b15b4997b99c21c6e0b044d8bfd3\"},\"headline\":\"Funksjon\u00e6roppsettet er klart (oppdatert 8.2.)\",\"datePublished\":\"2024-02-08T19:11:19+00:00\",\"dateModified\":\"2024-02-08T20:09:20+00:00\",\"mainEntityOfPage\":{\"@id\":\"https:\/\/tyrving.idrett.no\/10\/f\/2024\/02\/08\/funksjonaeroppsettet-er-klart\/\"},\"wordCount\":269,\"publisher\":{\"@id\":\"https:\/\/tyrving.idrett.no\/10\/f\/#organization\"},\"articleSection\":[\"Nyheter\"],\"inLanguage\":\"nb-NO\"},{\"@type\":\"WebPage\",\"@id\":\"https:\/\/tyrving.idrett.no\/10\/f\/2024\/02\/08\/funksjonaeroppsettet-er-klart\/\",\"url\":\"https:\/\/tyrving.idrett.no\/10\/f\/2024\/02\/08\/funksjonaeroppsettet-er-klart\/\",\"name\":\"Funksjon\u00e6roppsettet er klart (oppdatert 8.2.) - Tyrving - Friidrett\",\"isPartOf\":{\"@id\":\"https:\/\/tyrving.idrett.no\/10\/f\/#website\"},\"datePublished\":\"2024-02-08T19:11:19+00:00\",\"dateModified\":\"2024-02-08T20:09:20+00:00\",\"breadcrumb\":{\"@id\":\"https:\/\/tyrving.idrett.no\/10\/f\/2024\/02\/08\/funksjonaeroppsettet-er-klart\/#breadcrumb\"},\"inLanguage\":\"nb-NO\",\"potentialAction\":[{\"@type\":\"ReadAction\",\"target\":[\"https:\/\/tyrving.idrett.no\/10\/f\/2024\/02\/08\/funksjonaeroppsettet-er-klart\/\"]}]},{\"@type\":\"BreadcrumbList\",\"@id\":\"https:\/\/tyrving.idrett.no\/10\/f\/2024\/02\/08\/funksjonaeroppsettet-er-klart\/#breadcrumb\",\"itemListElement\":[{\"@type\":\"ListItem\",\"position\":1,\"name\":\"Hjem\",\"item\":\"https:\/\/tyrving.idrett.no\/10\/f\/\"},{\"@type\":\"ListItem\",\"position\":2,\"name\":\"Funksjon\u00e6roppsettet er klart (oppdatert 8.2.)\"}]},{\"@type\":\"WebSite\",\"@id\":\"https:\/\/tyrving.idrett.no\/10\/f\/#website\",\"url\":\"https:\/\/tyrving.idrett.no\/10\/f\/\",\"name\":\"Tyrving - Friidrett\",\"description\":\"Friidrettsgruppa\",\"publisher\":{\"@id\":\"https:\/\/tyrving.idrett.no\/10\/f\/#organization\"},\"potentialAction\":[{\"@type\":\"SearchAction\",\"target\":{\"@type\":\"EntryPoint\",\"urlTemplate\":\"https:\/\/tyrving.idrett.no\/10\/f\/?s={search_term_string}\"},\"query-input\":\"required name=search_term_string\"}],\"inLanguage\":\"nb-NO\"},{\"@type\":\"Organization\",\"@id\":\"https:\/\/tyrving.idrett.no\/10\/f\/#organization\",\"name\":\"Tyrving Friidrettsgruppa\",\"url\":\"https:\/\/tyrving.idrett.no\/10\/f\/\",\"logo\":{\"@type\":\"ImageObject\",\"inLanguage\":\"nb-NO\",\"@id\":\"https:\/\/tyrving.idrett.no\/10\/f\/#\/schema\/logo\/image\/\",\"url\":\"https:\/\/tyrving.idrett.no\/10\/f\/files\/2019\/04\/Tyrving-Logo-Friidrett-2019.jpg\",\"contentUrl\":\"https:\/\/tyrving.idrett.no\/10\/f\/files\/2019\/04\/Tyrving-Logo-Friidrett-2019.jpg\",\"width\":460,\"height\":360,\"caption\":\"Tyrving Friidrettsgruppa\"},\"image\":{\"@id\":\"https:\/\/tyrving.idrett.no\/10\/f\/#\/schema\/logo\/image\/\"}},{\"@type\":\"Person\",\"@id\":\"https:\/\/tyrving.idrett.no\/10\/f\/#\/schema\/person\/9d33b15b4997b99c21c6e0b044d8bfd3\",\"name\":\"Kirsten Larsen\",\"image\":{\"@type\":\"ImageObject\",\"inLanguage\":\"nb-NO\",\"@id\":\"https:\/\/tyrving.idrett.no\/10\/f\/#\/schema\/person\/image\/\",\"url\":\"https:\/\/secure.gravatar.com\/avatar\/2924b58c2b807e7f70945c639540a744?s=96&d=mm&r=g\",\"contentUrl\":\"https:\/\/secure.gravatar.com\/avatar\/2924b58c2b807e7f70945c639540a744?s=96&d=mm&r=g\",\"caption\":\"Kirsten Larsen\"}}]}<\/script>\n<!-- \/ Yoast SEO plugin. -->","yoast_head_json":{"title":"Funksjon\u00e6roppsettet er klart (oppdatert 8.2.) - Tyrving - Friidrett","robots":{"index":"index","follow":"follow","max-snippet":"max-snippet:-1","max-image-preview":"max-image-preview:large","max-video-preview":"max-video-preview:-1"},"canonical":"https:\/\/tyrving.idrett.no\/10\/f\/2024\/02\/08\/funksjonaeroppsettet-er-klart\/","og_locale":"nb_NO","og_type":"article","og_title":"Funksjon\u00e6roppsettet er klart (oppdatert 8.2.) - Tyrving - Friidrett","og_description":"Vi gleder oss til en travel helg i B\u00e6rum Idrettspark, og n\u00e5 f\u00e5 timer f\u00f8r startskuddet g\u00e5r, er det p\u00e5meldt mer enn 1015 deltakere.\u00a0 Og i tillegg kommer det ut\u00f8vere som skal delta i s\u00f8ndagens Nordiske l...","og_url":"https:\/\/tyrving.idrett.no\/10\/f\/2024\/02\/08\/funksjonaeroppsettet-er-klart\/","og_site_name":"Tyrving - Friidrett","article_published_time":"2024-02-08T19:11:19+00:00","article_modified_time":"2024-02-08T20:09:20+00:00","og_image":[{"width":2560,"height":1685,"url":"https:\/\/tyrving.idrett.no\/10\/f\/files\/2023\/02\/230212_TL2-scaled.jpg","type":"image\/jpeg"}],"author":"Kirsten Larsen","twitter_card":"summary_large_image","twitter_misc":{"Skrevet av":"Kirsten Larsen","Ansl. lesetid":"2 minutter"},"schema":{"@context":"https:\/\/schema.org","@graph":[{"@type":"Article","@id":"https:\/\/tyrving.idrett.no\/10\/f\/2024\/02\/08\/funksjonaeroppsettet-er-klart\/#article","isPartOf":{"@id":"https:\/\/tyrving.idrett.no\/10\/f\/2024\/02\/08\/funksjonaeroppsettet-er-klart\/"},"author":{"name":"Kirsten Larsen","@id":"https:\/\/tyrving.idrett.no\/10\/f\/#\/schema\/person\/9d33b15b4997b99c21c6e0b044d8bfd3"},"headline":"Funksjon\u00e6roppsettet er klart (oppdatert 8.2.)","datePublished":"2024-02-08T19:11:19+00:00","dateModified":"2024-02-08T20:09:20+00:00","mainEntityOfPage":{"@id":"https:\/\/tyrving.idrett.no\/10\/f\/2024\/02\/08\/funksjonaeroppsettet-er-klart\/"},"wordCount":269,"publisher":{"@id":"https:\/\/tyrving.idrett.no\/10\/f\/#organization"},"articleSection":["Nyheter"],"inLanguage":"nb-NO"},{"@type":"WebPage","@id":"https:\/\/tyrving.idrett.no\/10\/f\/2024\/02\/08\/funksjonaeroppsettet-er-klart\/","url":"https:\/\/tyrving.idrett.no\/10\/f\/2024\/02\/08\/funksjonaeroppsettet-er-klart\/","name":"Funksjon\u00e6roppsettet er klart (oppdatert 8.2.) - Tyrving - Friidrett","isPartOf":{"@id":"https:\/\/tyrving.idrett.no\/10\/f\/#website"},"datePublished":"2024-02-08T19:11:19+00:00","dateModified":"2024-02-08T20:09:20+00:00","breadcrumb":{"@id":"https:\/\/tyrving.idrett.no\/10\/f\/2024\/02\/08\/funksjonaeroppsettet-er-klart\/#breadcrumb"},"inLanguage":"nb-NO","potentialAction":[{"@type":"ReadAction","target":["https:\/\/tyrving.idrett.no\/10\/f\/2024\/02\/08\/funksjonaeroppsettet-er-klart\/"]}]},{"@type":"BreadcrumbList","@id":"https:\/\/tyrving.idrett.no\/10\/f\/2024\/02\/08\/funksjonaeroppsettet-er-klart\/#breadcrumb","itemListElement":[{"@type":"ListItem","position":1,"name":"Hjem","item":"https:\/\/tyrving.idrett.no\/10\/f\/"},{"@type":"ListItem","position":2,"name":"Funksjon\u00e6roppsettet er klart (oppdatert 8.2.)"}]},{"@type":"WebSite","@id":"https:\/\/tyrving.idrett.no\/10\/f\/#website","url":"https:\/\/tyrving.idrett.no\/10\/f\/","name":"Tyrving - Friidrett","description":"Friidrettsgruppa","publisher":{"@id":"https:\/\/tyrving.idrett.no\/10\/f\/#organization"},"potentialAction":[{"@type":"SearchAction","target":{"@type":"EntryPoint","urlTemplate":"https:\/\/tyrving.idrett.no\/10\/f\/?s={search_term_string}"},"query-input":"required name=search_term_string"}],"inLanguage":"nb-NO"},{"@type":"Organization","@id":"https:\/\/tyrving.idrett.no\/10\/f\/#organization","name":"Tyrving Friidrettsgruppa","url":"https:\/\/tyrving.idrett.no\/10\/f\/","logo":{"@type":"ImageObject","inLanguage":"nb-NO","@id":"https:\/\/tyrving.idrett.no\/10\/f\/#\/schema\/logo\/image\/","url":"https:\/\/tyrving.idrett.no\/10\/f\/files\/2019\/04\/Tyrving-Logo-Friidrett-2019.jpg","contentUrl":"https:\/\/tyrving.idrett.no\/10\/f\/files\/2019\/04\/Tyrving-Logo-Friidrett-2019.jpg","width":460,"height":360,"caption":"Tyrving Friidrettsgruppa"},"image":{"@id":"https:\/\/tyrving.idrett.no\/10\/f\/#\/schema\/logo\/image\/"}},{"@type":"Person","@id":"https:\/\/tyrving.idrett.no\/10\/f\/#\/schema\/person\/9d33b15b4997b99c21c6e0b044d8bfd3","name":"Kirsten Larsen","image":{"@type":"ImageObject","inLanguage":"nb-NO","@id":"https:\/\/tyrving.idrett.no\/10\/f\/#\/schema\/person\/image\/","url":"https:\/\/secure.gravatar.com\/avatar\/2924b58c2b807e7f70945c639540a744?s=96&d=mm&r=g","contentUrl":"https:\/\/secure.gravatar.com\/avatar\/2924b58c2b807e7f70945c639540a744?s=96&d=mm&r=g","caption":"Kirsten Larsen"}}]}},"jetpack_sharing_enabled":true,"jetpack_featured_media_url":"https:\/\/tyrving.idrett.no\/10\/f\/files\/2023\/02\/230212_TL2-scaled.jpg","_links":{"self":[{"href":"https:\/\/tyrving.idrett.no\/10\/f\/wp-json\/wp\/v2\/posts\/25552"}],"collection":[{"href":"https:\/\/tyrving.idrett.no\/10\/f\/wp-json\/wp\/v2\/posts"}],"about":[{"href":"https:\/\/tyrving.idrett.no\/10\/f\/wp-json\/wp\/v2\/types\/post"}],"author":[{"embeddable":true,"href":"https:\/\/tyrving.idrett.no\/10\/f\/wp-json\/wp\/v2\/users\/2"}],"replies":[{"embeddable":true,"href":"https:\/\/tyrving.idrett.no\/10\/f\/wp-json\/wp\/v2\/comments?post=25552"}],"version-history":[{"count":8,"href":"https:\/\/tyrving.idrett.no\/10\/f\/wp-json\/wp\/v2\/posts\/25552\/revisions"}],"predecessor-version":[{"id":25580,"href":"https:\/\/tyrving.idrett.no\/10\/f\/wp-json\/wp\/v2\/posts\/25552\/revisions\/25580"}],"wp:featuredmedia":[{"embeddable":true,"href":"https:\/\/tyrving.idrett.no\/10\/f\/wp-json\/wp\/v2\/media\/24145"}],"wp:attachment":[{"href":"https:\/\/tyrving.idrett.no\/10\/f\/wp-json\/wp\/v2\/media?parent=25552"}],"wp:term":[{"taxonomy":"category","embeddable":true,"href":"https:\/\/tyrving.idrett.no\/10\/f\/wp-json\/wp\/v2\/categories?post=25552"},{"taxonomy":"post_tag","embeddable":true,"href":"https:\/\/tyrving.idrett.no\/10\/f\/wp-json\/wp\/v2\/tags?post=25552"}],"curies":[{"name":"wp","href":"https:\/\/api.w.org\/{rel}","templated":true}]}}