{"id":25625,"date":"2024-02-19T14:28:44","date_gmt":"2024-02-19T13:28:44","guid":{"rendered":"https:\/\/tyrving.idrett.no\/10\/f\/?p=25625"},"modified":"2024-02-21T11:25:04","modified_gmt":"2024-02-21T10:25:04","slug":"arlig-mote-og-arsmote","status":"publish","type":"post","link":"https:\/\/tyrving.idrett.no\/10\/f\/2024\/02\/19\/arlig-mote-og-arsmote\/","title":{"rendered":"\u00c5rlig m\u00f8te og \u00e5rsm\u00f8te i Tyrving IL"},"content":{"rendered":"<p style=\"font-weight: 400\">Velkommen til det \u00c5rlige m\u00f8tet for Tyrving Friidrett og \u00e5rsm\u00f8te for Tyrving IL p\u00e5 Tyrvings klubbhus, Kadettangen 12 mandag 26.februar.<\/p>\n<p style=\"font-weight: 400\">M\u00f8tet er \u00e5pent for alle, og vi \u00f8nsker dere velkommen til det \u00e5rlige m\u00f8tet kl.17:30-18:50 p\u00e5 klubbhuset. Kl.19 avholdes \u00e5rsm\u00f8tet i Tyrving IL p\u00e5 samme sted, hvor det ogs\u00e5 er \u00e5pent for alle som \u00f8nsker.<\/p>\n<p>&nbsp;<\/p>\n<p><a href=\"https:\/\/tyrving.idrett.no\/10\/f\/files\/2024\/02\/Arsberetning-2023-v6-1.pdf\">\u00c5rsberetning 2023 &#8211; v6<\/a><\/p>\n","protected":false},"excerpt":{"rendered":"Velkommen til det \u00c5rlige m\u00f8tet for Tyrving Friidrett og \u00e5rsm\u00f8te for Tyrving IL p\u00e5 Tyrvings klubbhus, Kadettangen 12 mandag 26.februar. M\u00f8tet er \u00e5pent for alle, og vi \u00f8nsker dere velkommen til det \u00e5rli&#8230;","protected":false},"author":48,"featured_media":25511,"comment_status":"closed","ping_status":"open","sticky":false,"template":"","format":"standard","meta":{"footnotes":"","_jetpack_memberships_contains_paid_content":false},"categories":[1],"tags":[],"acf":[],"yoast_head":"<!-- This site is optimized with the Yoast SEO plugin v21.2 - https:\/\/yoast.com\/wordpress\/plugins\/seo\/ -->\n<title>\u00c5rlig m\u00f8te og \u00e5rsm\u00f8te i Tyrving IL - Tyrving - Friidrett<\/title>\n<meta name=\"robots\" content=\"index, follow, max-snippet:-1, max-image-preview:large, max-video-preview:-1\" \/>\n<link rel=\"canonical\" href=\"https:\/\/tyrving.idrett.no\/10\/f\/2024\/02\/19\/arlig-mote-og-arsmote\/\" \/>\n<meta property=\"og:locale\" content=\"nb_NO\" \/>\n<meta property=\"og:type\" content=\"article\" \/>\n<meta property=\"og:title\" content=\"\u00c5rlig m\u00f8te og \u00e5rsm\u00f8te i Tyrving IL - Tyrving - Friidrett\" \/>\n<meta property=\"og:description\" content=\"Velkommen til det \u00c5rlige m\u00f8tet for Tyrving Friidrett og \u00e5rsm\u00f8te for Tyrving IL p\u00e5 Tyrvings klubbhus, Kadettangen 12 mandag 26.februar. M\u00f8tet er \u00e5pent for alle, og vi \u00f8nsker dere velkommen til det \u00e5rli...\" \/>\n<meta property=\"og:url\" content=\"https:\/\/tyrving.idrett.no\/10\/f\/2024\/02\/19\/arlig-mote-og-arsmote\/\" \/>\n<meta property=\"og:site_name\" content=\"Tyrving - Friidrett\" \/>\n<meta property=\"article:published_time\" content=\"2024-02-19T13:28:44+00:00\" \/>\n<meta property=\"article:modified_time\" content=\"2024-02-21T10:25:04+00:00\" \/>\n<meta property=\"og:image\" content=\"https:\/\/tyrving.idrett.no\/10\/f\/files\/2024\/01\/Arsmote-1024x768.png\" \/>\n\t<meta property=\"og:image:width\" content=\"1024\" \/>\n\t<meta property=\"og:image:height\" content=\"768\" \/>\n\t<meta property=\"og:image:type\" content=\"image\/png\" \/>\n<meta name=\"author\" content=\"Charlotte Lund Antonijevic\" \/>\n<meta name=\"twitter:card\" content=\"summary_large_image\" \/>\n<meta name=\"twitter:label1\" content=\"Skrevet av\" \/>\n\t<meta name=\"twitter:data1\" content=\"Charlotte Lund Antonijevic\" \/>\n\t<meta name=\"twitter:label2\" content=\"Ansl. lesetid\" \/>\n\t<meta name=\"twitter:data2\" content=\"1 minutt\" \/>\n<script type=\"application\/ld+json\" class=\"yoast-schema-graph\">{\"@context\":\"https:\/\/schema.org\",\"@graph\":[{\"@type\":\"Article\",\"@id\":\"https:\/\/tyrving.idrett.no\/10\/f\/2024\/02\/19\/arlig-mote-og-arsmote\/#article\",\"isPartOf\":{\"@id\":\"https:\/\/tyrving.idrett.no\/10\/f\/2024\/02\/19\/arlig-mote-og-arsmote\/\"},\"author\":{\"name\":\"Charlotte Lund Antonijevic\",\"@id\":\"https:\/\/tyrving.idrett.no\/10\/f\/#\/schema\/person\/7dadcbaa6c6ce09d9ae5345eb3181723\"},\"headline\":\"\u00c5rlig m\u00f8te og \u00e5rsm\u00f8te i Tyrving IL\",\"datePublished\":\"2024-02-19T13:28:44+00:00\",\"dateModified\":\"2024-02-21T10:25:04+00:00\",\"mainEntityOfPage\":{\"@id\":\"https:\/\/tyrving.idrett.no\/10\/f\/2024\/02\/19\/arlig-mote-og-arsmote\/\"},\"wordCount\":73,\"publisher\":{\"@id\":\"https:\/\/tyrving.idrett.no\/10\/f\/#organization\"},\"articleSection\":[\"Nyheter\"],\"inLanguage\":\"nb-NO\"},{\"@type\":\"WebPage\",\"@id\":\"https:\/\/tyrving.idrett.no\/10\/f\/2024\/02\/19\/arlig-mote-og-arsmote\/\",\"url\":\"https:\/\/tyrving.idrett.no\/10\/f\/2024\/02\/19\/arlig-mote-og-arsmote\/\",\"name\":\"\u00c5rlig m\u00f8te og \u00e5rsm\u00f8te i Tyrving IL - Tyrving - Friidrett\",\"isPartOf\":{\"@id\":\"https:\/\/tyrving.idrett.no\/10\/f\/#website\"},\"datePublished\":\"2024-02-19T13:28:44+00:00\",\"dateModified\":\"2024-02-21T10:25:04+00:00\",\"breadcrumb\":{\"@id\":\"https:\/\/tyrving.idrett.no\/10\/f\/2024\/02\/19\/arlig-mote-og-arsmote\/#breadcrumb\"},\"inLanguage\":\"nb-NO\",\"potentialAction\":[{\"@type\":\"ReadAction\",\"target\":[\"https:\/\/tyrving.idrett.no\/10\/f\/2024\/02\/19\/arlig-mote-og-arsmote\/\"]}]},{\"@type\":\"BreadcrumbList\",\"@id\":\"https:\/\/tyrving.idrett.no\/10\/f\/2024\/02\/19\/arlig-mote-og-arsmote\/#breadcrumb\",\"itemListElement\":[{\"@type\":\"ListItem\",\"position\":1,\"name\":\"Hjem\",\"item\":\"https:\/\/tyrving.idrett.no\/10\/f\/\"},{\"@type\":\"ListItem\",\"position\":2,\"name\":\"\u00c5rlig m\u00f8te og \u00e5rsm\u00f8te i Tyrving IL\"}]},{\"@type\":\"WebSite\",\"@id\":\"https:\/\/tyrving.idrett.no\/10\/f\/#website\",\"url\":\"https:\/\/tyrving.idrett.no\/10\/f\/\",\"name\":\"Tyrving - Friidrett\",\"description\":\"Friidrettsgruppa\",\"publisher\":{\"@id\":\"https:\/\/tyrving.idrett.no\/10\/f\/#organization\"},\"potentialAction\":[{\"@type\":\"SearchAction\",\"target\":{\"@type\":\"EntryPoint\",\"urlTemplate\":\"https:\/\/tyrving.idrett.no\/10\/f\/?s={search_term_string}\"},\"query-input\":\"required name=search_term_string\"}],\"inLanguage\":\"nb-NO\"},{\"@type\":\"Organization\",\"@id\":\"https:\/\/tyrving.idrett.no\/10\/f\/#organization\",\"name\":\"Tyrving Friidrettsgruppa\",\"url\":\"https:\/\/tyrving.idrett.no\/10\/f\/\",\"logo\":{\"@type\":\"ImageObject\",\"inLanguage\":\"nb-NO\",\"@id\":\"https:\/\/tyrving.idrett.no\/10\/f\/#\/schema\/logo\/image\/\",\"url\":\"https:\/\/tyrving.idrett.no\/10\/f\/files\/2019\/04\/Tyrving-Logo-Friidrett-2019.jpg\",\"contentUrl\":\"https:\/\/tyrving.idrett.no\/10\/f\/files\/2019\/04\/Tyrving-Logo-Friidrett-2019.jpg\",\"width\":460,\"height\":360,\"caption\":\"Tyrving Friidrettsgruppa\"},\"image\":{\"@id\":\"https:\/\/tyrving.idrett.no\/10\/f\/#\/schema\/logo\/image\/\"}},{\"@type\":\"Person\",\"@id\":\"https:\/\/tyrving.idrett.no\/10\/f\/#\/schema\/person\/7dadcbaa6c6ce09d9ae5345eb3181723\",\"name\":\"Charlotte Lund Antonijevic\",\"image\":{\"@type\":\"ImageObject\",\"inLanguage\":\"nb-NO\",\"@id\":\"https:\/\/tyrving.idrett.no\/10\/f\/#\/schema\/person\/image\/\",\"url\":\"https:\/\/secure.gravatar.com\/avatar\/41b7979d7eef810adabb4f04d85c18d4?s=96&d=mm&r=g\",\"contentUrl\":\"https:\/\/secure.gravatar.com\/avatar\/41b7979d7eef810adabb4f04d85c18d4?s=96&d=mm&r=g\",\"caption\":\"Charlotte Lund Antonijevic\"}}]}<\/script>\n<!-- \/ Yoast SEO plugin. -->","yoast_head_json":{"title":"\u00c5rlig m\u00f8te og \u00e5rsm\u00f8te i Tyrving IL - Tyrving - Friidrett","robots":{"index":"index","follow":"follow","max-snippet":"max-snippet:-1","max-image-preview":"max-image-preview:large","max-video-preview":"max-video-preview:-1"},"canonical":"https:\/\/tyrving.idrett.no\/10\/f\/2024\/02\/19\/arlig-mote-og-arsmote\/","og_locale":"nb_NO","og_type":"article","og_title":"\u00c5rlig m\u00f8te og \u00e5rsm\u00f8te i Tyrving IL - Tyrving - Friidrett","og_description":"Velkommen til det \u00c5rlige m\u00f8tet for Tyrving Friidrett og \u00e5rsm\u00f8te for Tyrving IL p\u00e5 Tyrvings klubbhus, Kadettangen 12 mandag 26.februar. M\u00f8tet er \u00e5pent for alle, og vi \u00f8nsker dere velkommen til det \u00e5rli...","og_url":"https:\/\/tyrving.idrett.no\/10\/f\/2024\/02\/19\/arlig-mote-og-arsmote\/","og_site_name":"Tyrving - Friidrett","article_published_time":"2024-02-19T13:28:44+00:00","article_modified_time":"2024-02-21T10:25:04+00:00","og_image":[{"width":1024,"height":768,"url":"https:\/\/tyrving.idrett.no\/10\/f\/files\/2024\/01\/Arsmote-1024x768.png","type":"image\/png"}],"author":"Charlotte Lund Antonijevic","twitter_card":"summary_large_image","twitter_misc":{"Skrevet av":"Charlotte Lund Antonijevic","Ansl. lesetid":"1 minutt"},"schema":{"@context":"https:\/\/schema.org","@graph":[{"@type":"Article","@id":"https:\/\/tyrving.idrett.no\/10\/f\/2024\/02\/19\/arlig-mote-og-arsmote\/#article","isPartOf":{"@id":"https:\/\/tyrving.idrett.no\/10\/f\/2024\/02\/19\/arlig-mote-og-arsmote\/"},"author":{"name":"Charlotte Lund Antonijevic","@id":"https:\/\/tyrving.idrett.no\/10\/f\/#\/schema\/person\/7dadcbaa6c6ce09d9ae5345eb3181723"},"headline":"\u00c5rlig m\u00f8te og \u00e5rsm\u00f8te i Tyrving IL","datePublished":"2024-02-19T13:28:44+00:00","dateModified":"2024-02-21T10:25:04+00:00","mainEntityOfPage":{"@id":"https:\/\/tyrving.idrett.no\/10\/f\/2024\/02\/19\/arlig-mote-og-arsmote\/"},"wordCount":73,"publisher":{"@id":"https:\/\/tyrving.idrett.no\/10\/f\/#organization"},"articleSection":["Nyheter"],"inLanguage":"nb-NO"},{"@type":"WebPage","@id":"https:\/\/tyrving.idrett.no\/10\/f\/2024\/02\/19\/arlig-mote-og-arsmote\/","url":"https:\/\/tyrving.idrett.no\/10\/f\/2024\/02\/19\/arlig-mote-og-arsmote\/","name":"\u00c5rlig m\u00f8te og \u00e5rsm\u00f8te i Tyrving IL - Tyrving - Friidrett","isPartOf":{"@id":"https:\/\/tyrving.idrett.no\/10\/f\/#website"},"datePublished":"2024-02-19T13:28:44+00:00","dateModified":"2024-02-21T10:25:04+00:00","breadcrumb":{"@id":"https:\/\/tyrving.idrett.no\/10\/f\/2024\/02\/19\/arlig-mote-og-arsmote\/#breadcrumb"},"inLanguage":"nb-NO","potentialAction":[{"@type":"ReadAction","target":["https:\/\/tyrving.idrett.no\/10\/f\/2024\/02\/19\/arlig-mote-og-arsmote\/"]}]},{"@type":"BreadcrumbList","@id":"https:\/\/tyrving.idrett.no\/10\/f\/2024\/02\/19\/arlig-mote-og-arsmote\/#breadcrumb","itemListElement":[{"@type":"ListItem","position":1,"name":"Hjem","item":"https:\/\/tyrving.idrett.no\/10\/f\/"},{"@type":"ListItem","position":2,"name":"\u00c5rlig m\u00f8te og \u00e5rsm\u00f8te i Tyrving IL"}]},{"@type":"WebSite","@id":"https:\/\/tyrving.idrett.no\/10\/f\/#website","url":"https:\/\/tyrving.idrett.no\/10\/f\/","name":"Tyrving - Friidrett","description":"Friidrettsgruppa","publisher":{"@id":"https:\/\/tyrving.idrett.no\/10\/f\/#organization"},"potentialAction":[{"@type":"SearchAction","target":{"@type":"EntryPoint","urlTemplate":"https:\/\/tyrving.idrett.no\/10\/f\/?s={search_term_string}"},"query-input":"required name=search_term_string"}],"inLanguage":"nb-NO"},{"@type":"Organization","@id":"https:\/\/tyrving.idrett.no\/10\/f\/#organization","name":"Tyrving Friidrettsgruppa","url":"https:\/\/tyrving.idrett.no\/10\/f\/","logo":{"@type":"ImageObject","inLanguage":"nb-NO","@id":"https:\/\/tyrving.idrett.no\/10\/f\/#\/schema\/logo\/image\/","url":"https:\/\/tyrving.idrett.no\/10\/f\/files\/2019\/04\/Tyrving-Logo-Friidrett-2019.jpg","contentUrl":"https:\/\/tyrving.idrett.no\/10\/f\/files\/2019\/04\/Tyrving-Logo-Friidrett-2019.jpg","width":460,"height":360,"caption":"Tyrving Friidrettsgruppa"},"image":{"@id":"https:\/\/tyrving.idrett.no\/10\/f\/#\/schema\/logo\/image\/"}},{"@type":"Person","@id":"https:\/\/tyrving.idrett.no\/10\/f\/#\/schema\/person\/7dadcbaa6c6ce09d9ae5345eb3181723","name":"Charlotte Lund Antonijevic","image":{"@type":"ImageObject","inLanguage":"nb-NO","@id":"https:\/\/tyrving.idrett.no\/10\/f\/#\/schema\/person\/image\/","url":"https:\/\/secure.gravatar.com\/avatar\/41b7979d7eef810adabb4f04d85c18d4?s=96&d=mm&r=g","contentUrl":"https:\/\/secure.gravatar.com\/avatar\/41b7979d7eef810adabb4f04d85c18d4?s=96&d=mm&r=g","caption":"Charlotte Lund Antonijevic"}}]}},"jetpack_sharing_enabled":true,"jetpack_featured_media_url":"https:\/\/tyrving.idrett.no\/10\/f\/files\/2024\/01\/Arsmote.png","_links":{"self":[{"href":"https:\/\/tyrving.idrett.no\/10\/f\/wp-json\/wp\/v2\/posts\/25625"}],"collection":[{"href":"https:\/\/tyrving.idrett.no\/10\/f\/wp-json\/wp\/v2\/posts"}],"about":[{"href":"https:\/\/tyrving.idrett.no\/10\/f\/wp-json\/wp\/v2\/types\/post"}],"author":[{"embeddable":true,"href":"https:\/\/tyrving.idrett.no\/10\/f\/wp-json\/wp\/v2\/users\/48"}],"replies":[{"embeddable":true,"href":"https:\/\/tyrving.idrett.no\/10\/f\/wp-json\/wp\/v2\/comments?post=25625"}],"version-history":[{"count":5,"href":"https:\/\/tyrving.idrett.no\/10\/f\/wp-json\/wp\/v2\/posts\/25625\/revisions"}],"predecessor-version":[{"id":25642,"href":"https:\/\/tyrving.idrett.no\/10\/f\/wp-json\/wp\/v2\/posts\/25625\/revisions\/25642"}],"wp:featuredmedia":[{"embeddable":true,"href":"https:\/\/tyrving.idrett.no\/10\/f\/wp-json\/wp\/v2\/media\/25511"}],"wp:attachment":[{"href":"https:\/\/tyrving.idrett.no\/10\/f\/wp-json\/wp\/v2\/media?parent=25625"}],"wp:term":[{"taxonomy":"category","embeddable":true,"href":"https:\/\/tyrving.idrett.no\/10\/f\/wp-json\/wp\/v2\/categories?post=25625"},{"taxonomy":"post_tag","embeddable":true,"href":"https:\/\/tyrving.idrett.no\/10\/f\/wp-json\/wp\/v2\/tags?post=25625"}],"curies":[{"name":"wp","href":"https:\/\/api.w.org\/{rel}","templated":true}]}}