{"id":25669,"date":"2024-02-27T10:12:59","date_gmt":"2024-02-27T09:12:59","guid":{"rendered":"https:\/\/tyrving.idrett.no\/10\/f\/?p=25669"},"modified":"2024-02-27T10:12:59","modified_gmt":"2024-02-27T09:12:59","slug":"tyrving-il-friidrett-soker-kvalifiserte-og-engasjerte-trenere-2","status":"publish","type":"post","link":"https:\/\/tyrving.idrett.no\/10\/f\/2024\/02\/27\/tyrving-il-friidrett-soker-kvalifiserte-og-engasjerte-trenere-2\/","title":{"rendered":"Tyrving IL &#8211; Friidrett s\u00f8ker kvalifiserte og engasjerte trenere"},"content":{"rendered":"<p><span style=\"font-weight: 400\">Tyrving IL er Norges st\u00f8rste Friidrettsklubb p\u00e5 barn og ungdomssiden. Vi \u00f8nsker \u00e5 utvikle oss til \u00e5 v\u00e6re like store p\u00e5 seniorsiden p\u00e5 sikt. Derfor trenger vi kvalifiserte og engasjerte trenere, for \u00e5 utvikle v\u00e5re barn og ungdommer.<\/span><\/p>\n<p><span style=\"font-weight: 400\">Vi holder til p\u00e5 B\u00e6rum Idrettspark p\u00e5 Rud. Hvor vi har Norges beste innend\u00f8rsfasiliteter, og en helt ny friidrettsstadion vegg i vegg.<\/span><\/p>\n<p><span style=\"font-weight: 400\">Vi s\u00f8ker etter trenere som har friidrettserfaring, enten som aktiv eller trener, og som brenner for \u00e5 l\u00e6re seg mer innenfor denne fantastiske sporten.<\/span><\/p>\n<p><span style=\"font-weight: 400\">\u00d8nsker du \u00e5 bli med p\u00e5 laget v\u00e5rt &#8211; <\/span><span style=\"font-weight: 400\">send CV \u2018en din til sportslig leder Morten Jensen: morten@tyrving.no. Har du sp\u00f8rsm\u00e5l ring tlf. 96640278.<\/span><\/p>\n<p><span style=\"font-weight: 400\">L\u00f8nn etter avtale og kvalifikasjon.<\/span><\/p>\n<p><span style=\"font-weight: 400\">Vi gleder oss til \u00e5 f\u00e5 deg med p\u00e5 laget v\u00e5rt.<\/span><\/p>\n<p>&nbsp;<\/p>\n","protected":false},"excerpt":{"rendered":"Tyrving IL er Norges st\u00f8rste Friidrettsklubb p\u00e5 barn og ungdomssiden. Vi \u00f8nsker \u00e5 utvikle oss til \u00e5 v\u00e6re like store p\u00e5 seniorsiden p\u00e5 sikt. Derfor trenger vi kvalifiserte og engasjerte trenere, for \u00e5 &#8230;","protected":false},"author":48,"featured_media":25670,"comment_status":"closed","ping_status":"open","sticky":false,"template":"","format":"standard","meta":{"footnotes":"","_jetpack_memberships_contains_paid_content":false},"categories":[1],"tags":[],"acf":[],"yoast_head":"<!-- This site is optimized with the Yoast SEO plugin v21.2 - https:\/\/yoast.com\/wordpress\/plugins\/seo\/ -->\n<title>Tyrving IL - Friidrett s\u00f8ker kvalifiserte og engasjerte trenere - Tyrving - Friidrett<\/title>\n<meta name=\"robots\" content=\"index, follow, max-snippet:-1, max-image-preview:large, max-video-preview:-1\" \/>\n<link rel=\"canonical\" href=\"https:\/\/tyrving.idrett.no\/10\/f\/2024\/02\/27\/tyrving-il-friidrett-soker-kvalifiserte-og-engasjerte-trenere-2\/\" \/>\n<meta property=\"og:locale\" content=\"nb_NO\" \/>\n<meta property=\"og:type\" content=\"article\" \/>\n<meta property=\"og:title\" content=\"Tyrving IL - Friidrett s\u00f8ker kvalifiserte og engasjerte trenere - Tyrving - Friidrett\" \/>\n<meta property=\"og:description\" content=\"Tyrving IL er Norges st\u00f8rste Friidrettsklubb p\u00e5 barn og ungdomssiden. Vi \u00f8nsker \u00e5 utvikle oss til \u00e5 v\u00e6re like store p\u00e5 seniorsiden p\u00e5 sikt. Derfor trenger vi kvalifiserte og engasjerte trenere, for \u00e5 ...\" \/>\n<meta property=\"og:url\" content=\"https:\/\/tyrving.idrett.no\/10\/f\/2024\/02\/27\/tyrving-il-friidrett-soker-kvalifiserte-og-engasjerte-trenere-2\/\" \/>\n<meta property=\"og:site_name\" content=\"Tyrving - Friidrett\" \/>\n<meta property=\"article:published_time\" content=\"2024-02-27T09:12:59+00:00\" \/>\n<meta property=\"og:image\" content=\"https:\/\/tyrving.idrett.no\/10\/f\/files\/2024\/02\/soker-trenere.jpg\" \/>\n\t<meta property=\"og:image:width\" content=\"1280\" \/>\n\t<meta property=\"og:image:height\" content=\"720\" \/>\n\t<meta property=\"og:image:type\" content=\"image\/jpeg\" \/>\n<meta name=\"author\" content=\"Charlotte Lund Antonijevic\" \/>\n<meta name=\"twitter:card\" content=\"summary_large_image\" \/>\n<meta name=\"twitter:label1\" content=\"Skrevet av\" \/>\n\t<meta name=\"twitter:data1\" content=\"Charlotte Lund Antonijevic\" \/>\n\t<meta name=\"twitter:label2\" content=\"Ansl. lesetid\" \/>\n\t<meta name=\"twitter:data2\" content=\"1 minutt\" \/>\n<script type=\"application\/ld+json\" class=\"yoast-schema-graph\">{\"@context\":\"https:\/\/schema.org\",\"@graph\":[{\"@type\":\"Article\",\"@id\":\"https:\/\/tyrving.idrett.no\/10\/f\/2024\/02\/27\/tyrving-il-friidrett-soker-kvalifiserte-og-engasjerte-trenere-2\/#article\",\"isPartOf\":{\"@id\":\"https:\/\/tyrving.idrett.no\/10\/f\/2024\/02\/27\/tyrving-il-friidrett-soker-kvalifiserte-og-engasjerte-trenere-2\/\"},\"author\":{\"name\":\"Charlotte Lund Antonijevic\",\"@id\":\"https:\/\/tyrving.idrett.no\/10\/f\/#\/schema\/person\/7dadcbaa6c6ce09d9ae5345eb3181723\"},\"headline\":\"Tyrving IL &#8211; Friidrett s\u00f8ker kvalifiserte og engasjerte trenere\",\"datePublished\":\"2024-02-27T09:12:59+00:00\",\"dateModified\":\"2024-02-27T09:12:59+00:00\",\"mainEntityOfPage\":{\"@id\":\"https:\/\/tyrving.idrett.no\/10\/f\/2024\/02\/27\/tyrving-il-friidrett-soker-kvalifiserte-og-engasjerte-trenere-2\/\"},\"wordCount\":143,\"publisher\":{\"@id\":\"https:\/\/tyrving.idrett.no\/10\/f\/#organization\"},\"articleSection\":[\"Nyheter\"],\"inLanguage\":\"nb-NO\"},{\"@type\":\"WebPage\",\"@id\":\"https:\/\/tyrving.idrett.no\/10\/f\/2024\/02\/27\/tyrving-il-friidrett-soker-kvalifiserte-og-engasjerte-trenere-2\/\",\"url\":\"https:\/\/tyrving.idrett.no\/10\/f\/2024\/02\/27\/tyrving-il-friidrett-soker-kvalifiserte-og-engasjerte-trenere-2\/\",\"name\":\"Tyrving IL - Friidrett s\u00f8ker kvalifiserte og engasjerte trenere - Tyrving - Friidrett\",\"isPartOf\":{\"@id\":\"https:\/\/tyrving.idrett.no\/10\/f\/#website\"},\"datePublished\":\"2024-02-27T09:12:59+00:00\",\"dateModified\":\"2024-02-27T09:12:59+00:00\",\"breadcrumb\":{\"@id\":\"https:\/\/tyrving.idrett.no\/10\/f\/2024\/02\/27\/tyrving-il-friidrett-soker-kvalifiserte-og-engasjerte-trenere-2\/#breadcrumb\"},\"inLanguage\":\"nb-NO\",\"potentialAction\":[{\"@type\":\"ReadAction\",\"target\":[\"https:\/\/tyrving.idrett.no\/10\/f\/2024\/02\/27\/tyrving-il-friidrett-soker-kvalifiserte-og-engasjerte-trenere-2\/\"]}]},{\"@type\":\"BreadcrumbList\",\"@id\":\"https:\/\/tyrving.idrett.no\/10\/f\/2024\/02\/27\/tyrving-il-friidrett-soker-kvalifiserte-og-engasjerte-trenere-2\/#breadcrumb\",\"itemListElement\":[{\"@type\":\"ListItem\",\"position\":1,\"name\":\"Hjem\",\"item\":\"https:\/\/tyrving.idrett.no\/10\/f\/\"},{\"@type\":\"ListItem\",\"position\":2,\"name\":\"Tyrving IL &#8211; Friidrett s\u00f8ker kvalifiserte og engasjerte trenere\"}]},{\"@type\":\"WebSite\",\"@id\":\"https:\/\/tyrving.idrett.no\/10\/f\/#website\",\"url\":\"https:\/\/tyrving.idrett.no\/10\/f\/\",\"name\":\"Tyrving - Friidrett\",\"description\":\"Friidrettsgruppa\",\"publisher\":{\"@id\":\"https:\/\/tyrving.idrett.no\/10\/f\/#organization\"},\"potentialAction\":[{\"@type\":\"SearchAction\",\"target\":{\"@type\":\"EntryPoint\",\"urlTemplate\":\"https:\/\/tyrving.idrett.no\/10\/f\/?s={search_term_string}\"},\"query-input\":\"required name=search_term_string\"}],\"inLanguage\":\"nb-NO\"},{\"@type\":\"Organization\",\"@id\":\"https:\/\/tyrving.idrett.no\/10\/f\/#organization\",\"name\":\"Tyrving Friidrettsgruppa\",\"url\":\"https:\/\/tyrving.idrett.no\/10\/f\/\",\"logo\":{\"@type\":\"ImageObject\",\"inLanguage\":\"nb-NO\",\"@id\":\"https:\/\/tyrving.idrett.no\/10\/f\/#\/schema\/logo\/image\/\",\"url\":\"https:\/\/tyrving.idrett.no\/10\/f\/files\/2019\/04\/Tyrving-Logo-Friidrett-2019.jpg\",\"contentUrl\":\"https:\/\/tyrving.idrett.no\/10\/f\/files\/2019\/04\/Tyrving-Logo-Friidrett-2019.jpg\",\"width\":460,\"height\":360,\"caption\":\"Tyrving Friidrettsgruppa\"},\"image\":{\"@id\":\"https:\/\/tyrving.idrett.no\/10\/f\/#\/schema\/logo\/image\/\"}},{\"@type\":\"Person\",\"@id\":\"https:\/\/tyrving.idrett.no\/10\/f\/#\/schema\/person\/7dadcbaa6c6ce09d9ae5345eb3181723\",\"name\":\"Charlotte Lund Antonijevic\",\"image\":{\"@type\":\"ImageObject\",\"inLanguage\":\"nb-NO\",\"@id\":\"https:\/\/tyrving.idrett.no\/10\/f\/#\/schema\/person\/image\/\",\"url\":\"https:\/\/secure.gravatar.com\/avatar\/41b7979d7eef810adabb4f04d85c18d4?s=96&d=mm&r=g\",\"contentUrl\":\"https:\/\/secure.gravatar.com\/avatar\/41b7979d7eef810adabb4f04d85c18d4?s=96&d=mm&r=g\",\"caption\":\"Charlotte Lund Antonijevic\"}}]}<\/script>\n<!-- \/ Yoast SEO plugin. -->","yoast_head_json":{"title":"Tyrving IL - Friidrett s\u00f8ker kvalifiserte og engasjerte trenere - Tyrving - Friidrett","robots":{"index":"index","follow":"follow","max-snippet":"max-snippet:-1","max-image-preview":"max-image-preview:large","max-video-preview":"max-video-preview:-1"},"canonical":"https:\/\/tyrving.idrett.no\/10\/f\/2024\/02\/27\/tyrving-il-friidrett-soker-kvalifiserte-og-engasjerte-trenere-2\/","og_locale":"nb_NO","og_type":"article","og_title":"Tyrving IL - Friidrett s\u00f8ker kvalifiserte og engasjerte trenere - Tyrving - Friidrett","og_description":"Tyrving IL er Norges st\u00f8rste Friidrettsklubb p\u00e5 barn og ungdomssiden. Vi \u00f8nsker \u00e5 utvikle oss til \u00e5 v\u00e6re like store p\u00e5 seniorsiden p\u00e5 sikt. Derfor trenger vi kvalifiserte og engasjerte trenere, for \u00e5 ...","og_url":"https:\/\/tyrving.idrett.no\/10\/f\/2024\/02\/27\/tyrving-il-friidrett-soker-kvalifiserte-og-engasjerte-trenere-2\/","og_site_name":"Tyrving - Friidrett","article_published_time":"2024-02-27T09:12:59+00:00","og_image":[{"width":1280,"height":720,"url":"https:\/\/tyrving.idrett.no\/10\/f\/files\/2024\/02\/soker-trenere.jpg","type":"image\/jpeg"}],"author":"Charlotte Lund Antonijevic","twitter_card":"summary_large_image","twitter_misc":{"Skrevet av":"Charlotte Lund Antonijevic","Ansl. lesetid":"1 minutt"},"schema":{"@context":"https:\/\/schema.org","@graph":[{"@type":"Article","@id":"https:\/\/tyrving.idrett.no\/10\/f\/2024\/02\/27\/tyrving-il-friidrett-soker-kvalifiserte-og-engasjerte-trenere-2\/#article","isPartOf":{"@id":"https:\/\/tyrving.idrett.no\/10\/f\/2024\/02\/27\/tyrving-il-friidrett-soker-kvalifiserte-og-engasjerte-trenere-2\/"},"author":{"name":"Charlotte Lund Antonijevic","@id":"https:\/\/tyrving.idrett.no\/10\/f\/#\/schema\/person\/7dadcbaa6c6ce09d9ae5345eb3181723"},"headline":"Tyrving IL &#8211; Friidrett s\u00f8ker kvalifiserte og engasjerte trenere","datePublished":"2024-02-27T09:12:59+00:00","dateModified":"2024-02-27T09:12:59+00:00","mainEntityOfPage":{"@id":"https:\/\/tyrving.idrett.no\/10\/f\/2024\/02\/27\/tyrving-il-friidrett-soker-kvalifiserte-og-engasjerte-trenere-2\/"},"wordCount":143,"publisher":{"@id":"https:\/\/tyrving.idrett.no\/10\/f\/#organization"},"articleSection":["Nyheter"],"inLanguage":"nb-NO"},{"@type":"WebPage","@id":"https:\/\/tyrving.idrett.no\/10\/f\/2024\/02\/27\/tyrving-il-friidrett-soker-kvalifiserte-og-engasjerte-trenere-2\/","url":"https:\/\/tyrving.idrett.no\/10\/f\/2024\/02\/27\/tyrving-il-friidrett-soker-kvalifiserte-og-engasjerte-trenere-2\/","name":"Tyrving IL - Friidrett s\u00f8ker kvalifiserte og engasjerte trenere - Tyrving - Friidrett","isPartOf":{"@id":"https:\/\/tyrving.idrett.no\/10\/f\/#website"},"datePublished":"2024-02-27T09:12:59+00:00","dateModified":"2024-02-27T09:12:59+00:00","breadcrumb":{"@id":"https:\/\/tyrving.idrett.no\/10\/f\/2024\/02\/27\/tyrving-il-friidrett-soker-kvalifiserte-og-engasjerte-trenere-2\/#breadcrumb"},"inLanguage":"nb-NO","potentialAction":[{"@type":"ReadAction","target":["https:\/\/tyrving.idrett.no\/10\/f\/2024\/02\/27\/tyrving-il-friidrett-soker-kvalifiserte-og-engasjerte-trenere-2\/"]}]},{"@type":"BreadcrumbList","@id":"https:\/\/tyrving.idrett.no\/10\/f\/2024\/02\/27\/tyrving-il-friidrett-soker-kvalifiserte-og-engasjerte-trenere-2\/#breadcrumb","itemListElement":[{"@type":"ListItem","position":1,"name":"Hjem","item":"https:\/\/tyrving.idrett.no\/10\/f\/"},{"@type":"ListItem","position":2,"name":"Tyrving IL &#8211; Friidrett s\u00f8ker kvalifiserte og engasjerte trenere"}]},{"@type":"WebSite","@id":"https:\/\/tyrving.idrett.no\/10\/f\/#website","url":"https:\/\/tyrving.idrett.no\/10\/f\/","name":"Tyrving - Friidrett","description":"Friidrettsgruppa","publisher":{"@id":"https:\/\/tyrving.idrett.no\/10\/f\/#organization"},"potentialAction":[{"@type":"SearchAction","target":{"@type":"EntryPoint","urlTemplate":"https:\/\/tyrving.idrett.no\/10\/f\/?s={search_term_string}"},"query-input":"required name=search_term_string"}],"inLanguage":"nb-NO"},{"@type":"Organization","@id":"https:\/\/tyrving.idrett.no\/10\/f\/#organization","name":"Tyrving Friidrettsgruppa","url":"https:\/\/tyrving.idrett.no\/10\/f\/","logo":{"@type":"ImageObject","inLanguage":"nb-NO","@id":"https:\/\/tyrving.idrett.no\/10\/f\/#\/schema\/logo\/image\/","url":"https:\/\/tyrving.idrett.no\/10\/f\/files\/2019\/04\/Tyrving-Logo-Friidrett-2019.jpg","contentUrl":"https:\/\/tyrving.idrett.no\/10\/f\/files\/2019\/04\/Tyrving-Logo-Friidrett-2019.jpg","width":460,"height":360,"caption":"Tyrving Friidrettsgruppa"},"image":{"@id":"https:\/\/tyrving.idrett.no\/10\/f\/#\/schema\/logo\/image\/"}},{"@type":"Person","@id":"https:\/\/tyrving.idrett.no\/10\/f\/#\/schema\/person\/7dadcbaa6c6ce09d9ae5345eb3181723","name":"Charlotte Lund Antonijevic","image":{"@type":"ImageObject","inLanguage":"nb-NO","@id":"https:\/\/tyrving.idrett.no\/10\/f\/#\/schema\/person\/image\/","url":"https:\/\/secure.gravatar.com\/avatar\/41b7979d7eef810adabb4f04d85c18d4?s=96&d=mm&r=g","contentUrl":"https:\/\/secure.gravatar.com\/avatar\/41b7979d7eef810adabb4f04d85c18d4?s=96&d=mm&r=g","caption":"Charlotte Lund Antonijevic"}}]}},"jetpack_sharing_enabled":true,"jetpack_featured_media_url":"https:\/\/tyrving.idrett.no\/10\/f\/files\/2024\/02\/soker-trenere.jpg","_links":{"self":[{"href":"https:\/\/tyrving.idrett.no\/10\/f\/wp-json\/wp\/v2\/posts\/25669"}],"collection":[{"href":"https:\/\/tyrving.idrett.no\/10\/f\/wp-json\/wp\/v2\/posts"}],"about":[{"href":"https:\/\/tyrving.idrett.no\/10\/f\/wp-json\/wp\/v2\/types\/post"}],"author":[{"embeddable":true,"href":"https:\/\/tyrving.idrett.no\/10\/f\/wp-json\/wp\/v2\/users\/48"}],"replies":[{"embeddable":true,"href":"https:\/\/tyrving.idrett.no\/10\/f\/wp-json\/wp\/v2\/comments?post=25669"}],"version-history":[{"count":1,"href":"https:\/\/tyrving.idrett.no\/10\/f\/wp-json\/wp\/v2\/posts\/25669\/revisions"}],"predecessor-version":[{"id":25671,"href":"https:\/\/tyrving.idrett.no\/10\/f\/wp-json\/wp\/v2\/posts\/25669\/revisions\/25671"}],"wp:featuredmedia":[{"embeddable":true,"href":"https:\/\/tyrving.idrett.no\/10\/f\/wp-json\/wp\/v2\/media\/25670"}],"wp:attachment":[{"href":"https:\/\/tyrving.idrett.no\/10\/f\/wp-json\/wp\/v2\/media?parent=25669"}],"wp:term":[{"taxonomy":"category","embeddable":true,"href":"https:\/\/tyrving.idrett.no\/10\/f\/wp-json\/wp\/v2\/categories?post=25669"},{"taxonomy":"post_tag","embeddable":true,"href":"https:\/\/tyrving.idrett.no\/10\/f\/wp-json\/wp\/v2\/tags?post=25669"}],"curies":[{"name":"wp","href":"https:\/\/api.w.org\/{rel}","templated":true}]}}