{"id":25744,"date":"2024-03-09T00:32:42","date_gmt":"2024-03-08T23:32:42","guid":{"rendered":"https:\/\/tyrving.idrett.no\/10\/f\/?p=25744"},"modified":"2024-03-09T00:57:13","modified_gmt":"2024-03-08T23:57:13","slug":"flott-1-dag-pa-um-i-sandnes","status":"publish","type":"post","link":"https:\/\/tyrving.idrett.no\/10\/f\/2024\/03\/09\/flott-1-dag-pa-um-i-sandnes\/","title":{"rendered":"Flott 1. dag p\u00e5 UM i Sandnes"},"content":{"rendered":"<p>En meget flott f\u00f8rste dag p\u00e5 UM i Sandnes er gjennomf\u00f8rt. Dagen har v\u00e6rt preget av flotte innsatser, gode resultater samt god og st\u00f8ttende stemning i Sandneshallen.<\/p>\n<p>&nbsp;<\/p>\n<p>Tyrving resultater p\u00e5 1. dagen:<\/p>\n<table width=\"491\">\n<tbody>\n<tr>\n<td width=\"171\">Navn<\/td>\n<td width=\"80\">\u00d8velse<\/td>\n<td width=\"80\">Resultat<\/td>\n<td width=\"80\">Plasering<\/td>\n<td width=\"80\">Aldersgruppe<\/td>\n<\/tr>\n<tr>\n<td><\/td>\n<td><\/td>\n<td><\/td>\n<td><\/td>\n<td><\/td>\n<\/tr>\n<tr>\n<td>Camilla Dahl Kristiansen<\/td>\n<td>400m<\/td>\n<td>56,65<\/td>\n<td>1<\/td>\n<td>KU20<\/td>\n<\/tr>\n<tr>\n<td>Kaja Carlsen-Brown<\/td>\n<td>Tresteg<\/td>\n<td>11,23<\/td>\n<td>4<\/td>\n<td>KU23<\/td>\n<\/tr>\n<tr>\n<td width=\"171\">Lina Svarlien<\/td>\n<td width=\"80\">60m hekk<\/td>\n<td width=\"80\">8,89 PB<\/td>\n<td width=\"80\">1<\/td>\n<td width=\"80\">J16<\/td>\n<\/tr>\n<tr>\n<td>Line Svarlien<\/td>\n<td>Tresteg<\/td>\n<td>11,13<\/td>\n<td>1<\/td>\n<td>J16<\/td>\n<\/tr>\n<tr>\n<td>Markus Le Fjeld<\/td>\n<td>60m hekk<\/td>\n<td>8,22<\/td>\n<td>1<\/td>\n<td>G17<\/td>\n<\/tr>\n<tr>\n<td>Mia Mathilda Andersen<\/td>\n<td>1500m<\/td>\n<td>5:18.67<\/td>\n<td>5<\/td>\n<td>J15<\/td>\n<\/tr>\n<tr>\n<td>Sebastian Brunsdon<\/td>\n<td>1500m<\/td>\n<td>4:16.07<\/td>\n<td>3<\/td>\n<td>G15<\/td>\n<\/tr>\n<tr>\n<td>Simen Gimnes<\/td>\n<td>Tresteg<\/td>\n<td>13,49<\/td>\n<td>1<\/td>\n<td>MU23<\/td>\n<\/tr>\n<tr>\n<td>Sindre Klausen Veggan<\/td>\n<td>Tresteg<\/td>\n<td>11,87 PB<\/td>\n<td>2<\/td>\n<td>G15<\/td>\n<\/tr>\n<tr>\n<td>Sophia Borgen<\/td>\n<td>Tresteg<\/td>\n<td>10,85 PB<\/td>\n<td>5<\/td>\n<td>KU23<\/td>\n<\/tr>\n<tr>\n<td>Thomas Kaggerud Helland<\/td>\n<td>1500m<\/td>\n<td>5:06.10<\/td>\n<td>11<\/td>\n<td>G15<\/td>\n<\/tr>\n<tr>\n<td>Thomas Kaggerud Helland<\/td>\n<td>1500m kappgang<\/td>\n<td>9:38.94<\/td>\n<td>2<\/td>\n<td>G15<\/td>\n<\/tr>\n<tr>\n<td>Vilde Kjetilsdatter Gr\u00f8nhaug<\/td>\n<td>1500m<\/td>\n<td>4:58.64<\/td>\n<td>4<\/td>\n<td>G16<\/td>\n<\/tr>\n<\/tbody>\n<\/table>\n<p>I morgen starter dagen tidlig med fors\u00f8k p\u00e5 blant annet 60m og kvalifikasjon i lengde. Spennende bliver det \u00e5 f\u00f8lge de unge talentene fra Tyrving.<\/p>\n<p>&nbsp;<\/p>\n<p>Resultater kan f\u00f8lges live <a href=\"https:\/\/resultater.sandnes-idrettslag.no\/2024\/inne\/um\/menu.html\">her\u00a0<\/a><\/p>\n<p>&nbsp;<\/p>\n<p><img decoding=\"async\" loading=\"lazy\" class=\"alignnone size-medium wp-image-25750\" src=\"https:\/\/tyrving.idrett.no\/10\/f\/files\/2024\/03\/UM-24-225x300.jpg\" alt=\"\" width=\"225\" height=\"300\" srcset=\"https:\/\/tyrving.idrett.no\/10\/f\/files\/2024\/03\/UM-24-225x300.jpg 225w, https:\/\/tyrving.idrett.no\/10\/f\/files\/2024\/03\/UM-24-768x1024.jpg 768w, https:\/\/tyrving.idrett.no\/10\/f\/files\/2024\/03\/UM-24-600x800.jpg 600w, https:\/\/tyrving.idrett.no\/10\/f\/files\/2024\/03\/UM-24-1152x1536.jpg 1152w, https:\/\/tyrving.idrett.no\/10\/f\/files\/2024\/03\/UM-24-1536x2048.jpg 1536w, https:\/\/tyrving.idrett.no\/10\/f\/files\/2024\/03\/UM-24-scaled.jpg 1920w\" sizes=\"(max-width: 225px) 100vw, 225px\" \/><img decoding=\"async\" loading=\"lazy\" class=\"alignnone size-medium wp-image-25745\" src=\"https:\/\/tyrving.idrett.no\/10\/f\/files\/2024\/03\/UM-1-24-225x300.jpg\" alt=\"\" width=\"225\" height=\"300\" srcset=\"https:\/\/tyrving.idrett.no\/10\/f\/files\/2024\/03\/UM-1-24-225x300.jpg 225w, https:\/\/tyrving.idrett.no\/10\/f\/files\/2024\/03\/UM-1-24-768x1024.jpg 768w, https:\/\/tyrving.idrett.no\/10\/f\/files\/2024\/03\/UM-1-24-600x800.jpg 600w, https:\/\/tyrving.idrett.no\/10\/f\/files\/2024\/03\/UM-1-24-1152x1536.jpg 1152w, https:\/\/tyrving.idrett.no\/10\/f\/files\/2024\/03\/UM-1-24-1536x2048.jpg 1536w, https:\/\/tyrving.idrett.no\/10\/f\/files\/2024\/03\/UM-1-24-scaled.jpg 1920w\" sizes=\"(max-width: 225px) 100vw, 225px\" \/><img decoding=\"async\" loading=\"lazy\" class=\"alignnone size-medium wp-image-25748\" src=\"https:\/\/tyrving.idrett.no\/10\/f\/files\/2024\/03\/UM-4-24-225x300.jpg\" alt=\"\" width=\"225\" height=\"300\" srcset=\"https:\/\/tyrving.idrett.no\/10\/f\/files\/2024\/03\/UM-4-24-225x300.jpg 225w, https:\/\/tyrving.idrett.no\/10\/f\/files\/2024\/03\/UM-4-24-768x1024.jpg 768w, https:\/\/tyrving.idrett.no\/10\/f\/files\/2024\/03\/UM-4-24-600x800.jpg 600w, https:\/\/tyrving.idrett.no\/10\/f\/files\/2024\/03\/UM-4-24-1152x1536.jpg 1152w, https:\/\/tyrving.idrett.no\/10\/f\/files\/2024\/03\/UM-4-24-1536x2048.jpg 1536w, https:\/\/tyrving.idrett.no\/10\/f\/files\/2024\/03\/UM-4-24-scaled.jpg 1920w\" sizes=\"(max-width: 225px) 100vw, 225px\" \/><\/p>\n<p><img decoding=\"async\" loading=\"lazy\" class=\"alignnone size-medium wp-image-25749\" src=\"https:\/\/tyrving.idrett.no\/10\/f\/files\/2024\/03\/UM-5-24-300x169.jpg\" alt=\"\" width=\"300\" height=\"169\" srcset=\"https:\/\/tyrving.idrett.no\/10\/f\/files\/2024\/03\/UM-5-24-300x169.jpg 300w, https:\/\/tyrving.idrett.no\/10\/f\/files\/2024\/03\/UM-5-24-1024x576.jpg 1024w, https:\/\/tyrving.idrett.no\/10\/f\/files\/2024\/03\/UM-5-24-768x432.jpg 768w, https:\/\/tyrving.idrett.no\/10\/f\/files\/2024\/03\/UM-5-24-600x338.jpg 600w, https:\/\/tyrving.idrett.no\/10\/f\/files\/2024\/03\/UM-5-24-1536x864.jpg 1536w, https:\/\/tyrving.idrett.no\/10\/f\/files\/2024\/03\/UM-5-24.jpg 1600w\" sizes=\"(max-width: 300px) 100vw, 300px\" \/><\/p>\n","protected":false},"excerpt":{"rendered":"En meget flott f\u00f8rste dag p\u00e5 UM i Sandnes er gjennomf\u00f8rt. Dagen har v\u00e6rt preget av flotte innsatser, gode resultater samt god og st\u00f8ttende stemning i Sandneshallen. &nbsp; Tyrving resultater p\u00e5 1. dag&#8230;","protected":false},"author":46,"featured_media":25747,"comment_status":"closed","ping_status":"open","sticky":false,"template":"","format":"standard","meta":{"footnotes":"","_jetpack_memberships_contains_paid_content":false},"categories":[1],"tags":[],"acf":[],"yoast_head":"<!-- This site is optimized with the Yoast SEO plugin v21.2 - https:\/\/yoast.com\/wordpress\/plugins\/seo\/ -->\n<title>Flott 1. dag p\u00e5 UM i Sandnes - Tyrving - Friidrett<\/title>\n<meta name=\"robots\" content=\"index, follow, max-snippet:-1, max-image-preview:large, max-video-preview:-1\" \/>\n<link rel=\"canonical\" href=\"https:\/\/tyrving.idrett.no\/10\/f\/2024\/03\/09\/flott-1-dag-pa-um-i-sandnes\/\" \/>\n<meta property=\"og:locale\" content=\"nb_NO\" \/>\n<meta property=\"og:type\" content=\"article\" \/>\n<meta property=\"og:title\" content=\"Flott 1. dag p\u00e5 UM i Sandnes - Tyrving - Friidrett\" \/>\n<meta property=\"og:description\" content=\"En meget flott f\u00f8rste dag p\u00e5 UM i Sandnes er gjennomf\u00f8rt. Dagen har v\u00e6rt preget av flotte innsatser, gode resultater samt god og st\u00f8ttende stemning i Sandneshallen. &nbsp; Tyrving resultater p\u00e5 1. dag...\" \/>\n<meta property=\"og:url\" content=\"https:\/\/tyrving.idrett.no\/10\/f\/2024\/03\/09\/flott-1-dag-pa-um-i-sandnes\/\" \/>\n<meta property=\"og:site_name\" content=\"Tyrving - Friidrett\" \/>\n<meta property=\"article:published_time\" content=\"2024-03-08T23:32:42+00:00\" \/>\n<meta property=\"article:modified_time\" content=\"2024-03-08T23:57:13+00:00\" \/>\n<meta property=\"og:image\" content=\"https:\/\/tyrving.idrett.no\/10\/f\/files\/2024\/03\/UM-3-24-scaled.jpg\" \/>\n\t<meta property=\"og:image:width\" content=\"2560\" \/>\n\t<meta property=\"og:image:height\" content=\"1920\" \/>\n\t<meta property=\"og:image:type\" content=\"image\/jpeg\" \/>\n<meta name=\"author\" content=\"mortenjensen\" \/>\n<meta name=\"twitter:card\" content=\"summary_large_image\" \/>\n<meta name=\"twitter:label1\" content=\"Skrevet av\" \/>\n\t<meta name=\"twitter:data1\" content=\"mortenjensen\" \/>\n\t<meta name=\"twitter:label2\" content=\"Ansl. lesetid\" \/>\n\t<meta name=\"twitter:data2\" content=\"2 minutter\" \/>\n<script type=\"application\/ld+json\" class=\"yoast-schema-graph\">{\"@context\":\"https:\/\/schema.org\",\"@graph\":[{\"@type\":\"Article\",\"@id\":\"https:\/\/tyrving.idrett.no\/10\/f\/2024\/03\/09\/flott-1-dag-pa-um-i-sandnes\/#article\",\"isPartOf\":{\"@id\":\"https:\/\/tyrving.idrett.no\/10\/f\/2024\/03\/09\/flott-1-dag-pa-um-i-sandnes\/\"},\"author\":{\"name\":\"mortenjensen\",\"@id\":\"https:\/\/tyrving.idrett.no\/10\/f\/#\/schema\/person\/8ce96c740b9585e4c1f060ba84702224\"},\"headline\":\"Flott 1. dag p\u00e5 UM i Sandnes\",\"datePublished\":\"2024-03-08T23:32:42+00:00\",\"dateModified\":\"2024-03-08T23:57:13+00:00\",\"mainEntityOfPage\":{\"@id\":\"https:\/\/tyrving.idrett.no\/10\/f\/2024\/03\/09\/flott-1-dag-pa-um-i-sandnes\/\"},\"wordCount\":147,\"publisher\":{\"@id\":\"https:\/\/tyrving.idrett.no\/10\/f\/#organization\"},\"articleSection\":[\"Nyheter\"],\"inLanguage\":\"nb-NO\"},{\"@type\":\"WebPage\",\"@id\":\"https:\/\/tyrving.idrett.no\/10\/f\/2024\/03\/09\/flott-1-dag-pa-um-i-sandnes\/\",\"url\":\"https:\/\/tyrving.idrett.no\/10\/f\/2024\/03\/09\/flott-1-dag-pa-um-i-sandnes\/\",\"name\":\"Flott 1. dag p\u00e5 UM i Sandnes - Tyrving - Friidrett\",\"isPartOf\":{\"@id\":\"https:\/\/tyrving.idrett.no\/10\/f\/#website\"},\"datePublished\":\"2024-03-08T23:32:42+00:00\",\"dateModified\":\"2024-03-08T23:57:13+00:00\",\"breadcrumb\":{\"@id\":\"https:\/\/tyrving.idrett.no\/10\/f\/2024\/03\/09\/flott-1-dag-pa-um-i-sandnes\/#breadcrumb\"},\"inLanguage\":\"nb-NO\",\"potentialAction\":[{\"@type\":\"ReadAction\",\"target\":[\"https:\/\/tyrving.idrett.no\/10\/f\/2024\/03\/09\/flott-1-dag-pa-um-i-sandnes\/\"]}]},{\"@type\":\"BreadcrumbList\",\"@id\":\"https:\/\/tyrving.idrett.no\/10\/f\/2024\/03\/09\/flott-1-dag-pa-um-i-sandnes\/#breadcrumb\",\"itemListElement\":[{\"@type\":\"ListItem\",\"position\":1,\"name\":\"Hjem\",\"item\":\"https:\/\/tyrving.idrett.no\/10\/f\/\"},{\"@type\":\"ListItem\",\"position\":2,\"name\":\"Flott 1. dag p\u00e5 UM i Sandnes\"}]},{\"@type\":\"WebSite\",\"@id\":\"https:\/\/tyrving.idrett.no\/10\/f\/#website\",\"url\":\"https:\/\/tyrving.idrett.no\/10\/f\/\",\"name\":\"Tyrving - Friidrett\",\"description\":\"Friidrettsgruppa\",\"publisher\":{\"@id\":\"https:\/\/tyrving.idrett.no\/10\/f\/#organization\"},\"potentialAction\":[{\"@type\":\"SearchAction\",\"target\":{\"@type\":\"EntryPoint\",\"urlTemplate\":\"https:\/\/tyrving.idrett.no\/10\/f\/?s={search_term_string}\"},\"query-input\":\"required name=search_term_string\"}],\"inLanguage\":\"nb-NO\"},{\"@type\":\"Organization\",\"@id\":\"https:\/\/tyrving.idrett.no\/10\/f\/#organization\",\"name\":\"Tyrving Friidrettsgruppa\",\"url\":\"https:\/\/tyrving.idrett.no\/10\/f\/\",\"logo\":{\"@type\":\"ImageObject\",\"inLanguage\":\"nb-NO\",\"@id\":\"https:\/\/tyrving.idrett.no\/10\/f\/#\/schema\/logo\/image\/\",\"url\":\"https:\/\/tyrving.idrett.no\/10\/f\/files\/2019\/04\/Tyrving-Logo-Friidrett-2019.jpg\",\"contentUrl\":\"https:\/\/tyrving.idrett.no\/10\/f\/files\/2019\/04\/Tyrving-Logo-Friidrett-2019.jpg\",\"width\":460,\"height\":360,\"caption\":\"Tyrving Friidrettsgruppa\"},\"image\":{\"@id\":\"https:\/\/tyrving.idrett.no\/10\/f\/#\/schema\/logo\/image\/\"}},{\"@type\":\"Person\",\"@id\":\"https:\/\/tyrving.idrett.no\/10\/f\/#\/schema\/person\/8ce96c740b9585e4c1f060ba84702224\",\"name\":\"mortenjensen\",\"image\":{\"@type\":\"ImageObject\",\"inLanguage\":\"nb-NO\",\"@id\":\"https:\/\/tyrving.idrett.no\/10\/f\/#\/schema\/person\/image\/\",\"url\":\"https:\/\/secure.gravatar.com\/avatar\/f75435030dcf343989325f8f843d0193?s=96&d=mm&r=g\",\"contentUrl\":\"https:\/\/secure.gravatar.com\/avatar\/f75435030dcf343989325f8f843d0193?s=96&d=mm&r=g\",\"caption\":\"mortenjensen\"}}]}<\/script>\n<!-- \/ Yoast SEO plugin. -->","yoast_head_json":{"title":"Flott 1. dag p\u00e5 UM i Sandnes - Tyrving - Friidrett","robots":{"index":"index","follow":"follow","max-snippet":"max-snippet:-1","max-image-preview":"max-image-preview:large","max-video-preview":"max-video-preview:-1"},"canonical":"https:\/\/tyrving.idrett.no\/10\/f\/2024\/03\/09\/flott-1-dag-pa-um-i-sandnes\/","og_locale":"nb_NO","og_type":"article","og_title":"Flott 1. dag p\u00e5 UM i Sandnes - Tyrving - Friidrett","og_description":"En meget flott f\u00f8rste dag p\u00e5 UM i Sandnes er gjennomf\u00f8rt. Dagen har v\u00e6rt preget av flotte innsatser, gode resultater samt god og st\u00f8ttende stemning i Sandneshallen. &nbsp; Tyrving resultater p\u00e5 1. dag...","og_url":"https:\/\/tyrving.idrett.no\/10\/f\/2024\/03\/09\/flott-1-dag-pa-um-i-sandnes\/","og_site_name":"Tyrving - Friidrett","article_published_time":"2024-03-08T23:32:42+00:00","article_modified_time":"2024-03-08T23:57:13+00:00","og_image":[{"width":2560,"height":1920,"url":"https:\/\/tyrving.idrett.no\/10\/f\/files\/2024\/03\/UM-3-24-scaled.jpg","type":"image\/jpeg"}],"author":"mortenjensen","twitter_card":"summary_large_image","twitter_misc":{"Skrevet av":"mortenjensen","Ansl. lesetid":"2 minutter"},"schema":{"@context":"https:\/\/schema.org","@graph":[{"@type":"Article","@id":"https:\/\/tyrving.idrett.no\/10\/f\/2024\/03\/09\/flott-1-dag-pa-um-i-sandnes\/#article","isPartOf":{"@id":"https:\/\/tyrving.idrett.no\/10\/f\/2024\/03\/09\/flott-1-dag-pa-um-i-sandnes\/"},"author":{"name":"mortenjensen","@id":"https:\/\/tyrving.idrett.no\/10\/f\/#\/schema\/person\/8ce96c740b9585e4c1f060ba84702224"},"headline":"Flott 1. dag p\u00e5 UM i Sandnes","datePublished":"2024-03-08T23:32:42+00:00","dateModified":"2024-03-08T23:57:13+00:00","mainEntityOfPage":{"@id":"https:\/\/tyrving.idrett.no\/10\/f\/2024\/03\/09\/flott-1-dag-pa-um-i-sandnes\/"},"wordCount":147,"publisher":{"@id":"https:\/\/tyrving.idrett.no\/10\/f\/#organization"},"articleSection":["Nyheter"],"inLanguage":"nb-NO"},{"@type":"WebPage","@id":"https:\/\/tyrving.idrett.no\/10\/f\/2024\/03\/09\/flott-1-dag-pa-um-i-sandnes\/","url":"https:\/\/tyrving.idrett.no\/10\/f\/2024\/03\/09\/flott-1-dag-pa-um-i-sandnes\/","name":"Flott 1. dag p\u00e5 UM i Sandnes - Tyrving - Friidrett","isPartOf":{"@id":"https:\/\/tyrving.idrett.no\/10\/f\/#website"},"datePublished":"2024-03-08T23:32:42+00:00","dateModified":"2024-03-08T23:57:13+00:00","breadcrumb":{"@id":"https:\/\/tyrving.idrett.no\/10\/f\/2024\/03\/09\/flott-1-dag-pa-um-i-sandnes\/#breadcrumb"},"inLanguage":"nb-NO","potentialAction":[{"@type":"ReadAction","target":["https:\/\/tyrving.idrett.no\/10\/f\/2024\/03\/09\/flott-1-dag-pa-um-i-sandnes\/"]}]},{"@type":"BreadcrumbList","@id":"https:\/\/tyrving.idrett.no\/10\/f\/2024\/03\/09\/flott-1-dag-pa-um-i-sandnes\/#breadcrumb","itemListElement":[{"@type":"ListItem","position":1,"name":"Hjem","item":"https:\/\/tyrving.idrett.no\/10\/f\/"},{"@type":"ListItem","position":2,"name":"Flott 1. dag p\u00e5 UM i Sandnes"}]},{"@type":"WebSite","@id":"https:\/\/tyrving.idrett.no\/10\/f\/#website","url":"https:\/\/tyrving.idrett.no\/10\/f\/","name":"Tyrving - Friidrett","description":"Friidrettsgruppa","publisher":{"@id":"https:\/\/tyrving.idrett.no\/10\/f\/#organization"},"potentialAction":[{"@type":"SearchAction","target":{"@type":"EntryPoint","urlTemplate":"https:\/\/tyrving.idrett.no\/10\/f\/?s={search_term_string}"},"query-input":"required name=search_term_string"}],"inLanguage":"nb-NO"},{"@type":"Organization","@id":"https:\/\/tyrving.idrett.no\/10\/f\/#organization","name":"Tyrving Friidrettsgruppa","url":"https:\/\/tyrving.idrett.no\/10\/f\/","logo":{"@type":"ImageObject","inLanguage":"nb-NO","@id":"https:\/\/tyrving.idrett.no\/10\/f\/#\/schema\/logo\/image\/","url":"https:\/\/tyrving.idrett.no\/10\/f\/files\/2019\/04\/Tyrving-Logo-Friidrett-2019.jpg","contentUrl":"https:\/\/tyrving.idrett.no\/10\/f\/files\/2019\/04\/Tyrving-Logo-Friidrett-2019.jpg","width":460,"height":360,"caption":"Tyrving Friidrettsgruppa"},"image":{"@id":"https:\/\/tyrving.idrett.no\/10\/f\/#\/schema\/logo\/image\/"}},{"@type":"Person","@id":"https:\/\/tyrving.idrett.no\/10\/f\/#\/schema\/person\/8ce96c740b9585e4c1f060ba84702224","name":"mortenjensen","image":{"@type":"ImageObject","inLanguage":"nb-NO","@id":"https:\/\/tyrving.idrett.no\/10\/f\/#\/schema\/person\/image\/","url":"https:\/\/secure.gravatar.com\/avatar\/f75435030dcf343989325f8f843d0193?s=96&d=mm&r=g","contentUrl":"https:\/\/secure.gravatar.com\/avatar\/f75435030dcf343989325f8f843d0193?s=96&d=mm&r=g","caption":"mortenjensen"}}]}},"jetpack_sharing_enabled":true,"jetpack_featured_media_url":"https:\/\/tyrving.idrett.no\/10\/f\/files\/2024\/03\/UM-3-24-scaled.jpg","_links":{"self":[{"href":"https:\/\/tyrving.idrett.no\/10\/f\/wp-json\/wp\/v2\/posts\/25744"}],"collection":[{"href":"https:\/\/tyrving.idrett.no\/10\/f\/wp-json\/wp\/v2\/posts"}],"about":[{"href":"https:\/\/tyrving.idrett.no\/10\/f\/wp-json\/wp\/v2\/types\/post"}],"author":[{"embeddable":true,"href":"https:\/\/tyrving.idrett.no\/10\/f\/wp-json\/wp\/v2\/users\/46"}],"replies":[{"embeddable":true,"href":"https:\/\/tyrving.idrett.no\/10\/f\/wp-json\/wp\/v2\/comments?post=25744"}],"version-history":[{"count":5,"href":"https:\/\/tyrving.idrett.no\/10\/f\/wp-json\/wp\/v2\/posts\/25744\/revisions"}],"predecessor-version":[{"id":25755,"href":"https:\/\/tyrving.idrett.no\/10\/f\/wp-json\/wp\/v2\/posts\/25744\/revisions\/25755"}],"wp:featuredmedia":[{"embeddable":true,"href":"https:\/\/tyrving.idrett.no\/10\/f\/wp-json\/wp\/v2\/media\/25747"}],"wp:attachment":[{"href":"https:\/\/tyrving.idrett.no\/10\/f\/wp-json\/wp\/v2\/media?parent=25744"}],"wp:term":[{"taxonomy":"category","embeddable":true,"href":"https:\/\/tyrving.idrett.no\/10\/f\/wp-json\/wp\/v2\/categories?post=25744"},{"taxonomy":"post_tag","embeddable":true,"href":"https:\/\/tyrving.idrett.no\/10\/f\/wp-json\/wp\/v2\/tags?post=25744"}],"curies":[{"name":"wp","href":"https:\/\/api.w.org\/{rel}","templated":true}]}}