{"id":25756,"date":"2024-03-09T22:28:03","date_gmt":"2024-03-09T21:28:03","guid":{"rendered":"https:\/\/tyrving.idrett.no\/10\/f\/?p=25756"},"modified":"2024-03-09T22:29:09","modified_gmt":"2024-03-09T21:29:09","slug":"um-status-dag-2","status":"publish","type":"post","link":"https:\/\/tyrving.idrett.no\/10\/f\/2024\/03\/09\/um-status-dag-2\/","title":{"rendered":"UM status dag 2"},"content":{"rendered":"<p>Dag 2 p\u00e5 UM er vel gjennomf\u00f8rt.<\/p>\n<p>&nbsp;<\/p>\n<p>Det er i dag blitt til mange personlig rekorder og sesong beste for v\u00e5re talenter p\u00e5 2. dagen av UM i Sandnes.<\/p>\n<p>&nbsp;<\/p>\n<p>Lina Svarlien h\u00f8stede enda en gullmedalje til samlingen, denne gang i lengde med 5,42m i J16, og er oppe p\u00e5 3 stk. under dette mesterskap.<\/p>\n<p>&nbsp;<\/p>\n<p>Franz Philip Pap Holmen perset 3 gange p\u00e5 60m ila dagen &#8211; imponerende!! Franz som vanlig gj\u00f8r seg som fekter, har til vane \u00e5 dukke opp til mesterskapene og overraske oss alle. Vi h\u00e5per \u00e5 se Franz p\u00e5 trening litt oftere fremover etter denne imponerende innsatsen.<\/p>\n<p>&nbsp;<\/p>\n<p>Tyrving resultater for dag 2 p\u00e5 UM:<\/p>\n<table width=\"511\">\n<tbody>\n<tr>\n<td width=\"171\">Navn<\/td>\n<td width=\"100\">\u00d8velse<\/td>\n<td width=\"80\">Resultat<\/td>\n<td width=\"80\">Plasering<\/td>\n<td width=\"80\">Aldersgruppe<\/td>\n<\/tr>\n<tr>\n<td>Alma Kolseth<\/td>\n<td>60m fors\u00f8k<\/td>\n<td>8,42 SB<\/td>\n<td><\/td>\n<td>KU20<\/td>\n<\/tr>\n<tr>\n<td>Axel Mj\u00f8r<\/td>\n<td>60m fors\u00f8k<\/td>\n<td>7,18<\/td>\n<td><\/td>\n<td>MU20<\/td>\n<\/tr>\n<tr>\n<td>Axel Mj\u00f8r<\/td>\n<td>60m semifinale<\/td>\n<td>7,2<\/td>\n<td><\/td>\n<td>MU20<\/td>\n<\/tr>\n<tr>\n<td>Axel Mj\u00f8r<\/td>\n<td>60m Finale<\/td>\n<td>7,18<\/td>\n<td>7<\/td>\n<td>MU20<\/td>\n<\/tr>\n<tr>\n<td>Benjamin Carlsen-Brown<\/td>\n<td>60m<\/td>\n<td>7,35<\/td>\n<td><\/td>\n<td>MU20<\/td>\n<\/tr>\n<tr>\n<td>Benjamin Carlsen-Brown<\/td>\n<td>60m semifinale<\/td>\n<td>7,34<\/td>\n<td><\/td>\n<td>MU20<\/td>\n<\/tr>\n<tr>\n<td>Brage Kaspersen Bjaaland<\/td>\n<td>60m<\/td>\n<td>8,07 PB<\/td>\n<td><\/td>\n<td>G15<\/td>\n<\/tr>\n<tr>\n<td>Brage Kaspersen Bjaaland<\/td>\n<td>200m<\/td>\n<td>25,75<\/td>\n<td><\/td>\n<td>G15<\/td>\n<\/tr>\n<tr>\n<td>Eline Folvik<\/td>\n<td>60m fors\u00f8k<\/td>\n<td>8,29 PB<\/td>\n<td><\/td>\n<td>KU20<\/td>\n<\/tr>\n<tr>\n<td>Eline Folvik<\/td>\n<td>60m semifinale<\/td>\n<td>8,36<\/td>\n<td><\/td>\n<td>KU20<\/td>\n<\/tr>\n<tr>\n<td>Elise Rud Kongsgaard<\/td>\n<td>800m<\/td>\n<td>2.32,39 SB<\/td>\n<td>10<\/td>\n<td>J16<\/td>\n<\/tr>\n<tr>\n<td>Elise Sandvik Tornberg<\/td>\n<td>Lengde<\/td>\n<td>4,92<\/td>\n<td>3<\/td>\n<td>J15<\/td>\n<\/tr>\n<tr>\n<td>Elise Sandvik Tornberg<\/td>\n<td>200m fors\u00f8k<\/td>\n<td>27,17<\/td>\n<td>finale<\/td>\n<td>J15<\/td>\n<\/tr>\n<tr>\n<td>Franz Philip Pap Holmen<\/td>\n<td>60m fors\u00f8k<\/td>\n<td>7,13 PB<\/td>\n<td><\/td>\n<td>MU20<\/td>\n<\/tr>\n<tr>\n<td>Franz Philip Pap Holmen<\/td>\n<td>60m semifinale<\/td>\n<td>7,11 PB<\/td>\n<td><\/td>\n<td>MU20<\/td>\n<\/tr>\n<tr>\n<td>Franz Philip Pap Holmen<\/td>\n<td>60m Finale<\/td>\n<td>7,10 PB<\/td>\n<td>4<\/td>\n<td>MU20<\/td>\n<\/tr>\n<tr>\n<td>Lina Svarlien<\/td>\n<td>Lengde<\/td>\n<td>5,42<\/td>\n<td>1<\/td>\n<td>J16<\/td>\n<\/tr>\n<tr>\n<td>Maria Damhaug<\/td>\n<td>800m<\/td>\n<td>2.38,02<\/td>\n<td>12<\/td>\n<td>J16<\/td>\n<\/tr>\n<tr>\n<td>Markus Le Fjeld<\/td>\n<td>60m fors\u00f8k<\/td>\n<td>7,24<\/td>\n<td><\/td>\n<td>G17<\/td>\n<\/tr>\n<tr>\n<td>Markus Le Fjeld<\/td>\n<td>60m semifinale<\/td>\n<td>7,16<\/td>\n<td><\/td>\n<td>G17<\/td>\n<\/tr>\n<tr>\n<td>Markus Le Fjeld<\/td>\n<td>60m Finale<\/td>\n<td>7,10 SB<\/td>\n<td>2<\/td>\n<td>G17<\/td>\n<\/tr>\n<tr>\n<td>Martin Gj\u00f8rvad<\/td>\n<td>60m<\/td>\n<td>7,45<\/td>\n<td><\/td>\n<td>G17<\/td>\n<\/tr>\n<tr>\n<td>Martin Gj\u00f8rvad<\/td>\n<td>60m semifinale<\/td>\n<td>7,37<\/td>\n<td><\/td>\n<td>G17<\/td>\n<\/tr>\n<tr>\n<td>Martin Gj\u00f8rvad<\/td>\n<td>60m Finale<\/td>\n<td>7,32 PB<\/td>\n<td>4<\/td>\n<td>G17<\/td>\n<\/tr>\n<tr>\n<td>Mia Mathilda Andersen<\/td>\n<td>800m<\/td>\n<td>2.29,13<\/td>\n<td>6<\/td>\n<td>J15<\/td>\n<\/tr>\n<tr>\n<td>Sebastian Brunsdon<\/td>\n<td>800m<\/td>\n<td>2.03,28 PB<\/td>\n<td>3<\/td>\n<td>G15<\/td>\n<\/tr>\n<tr>\n<td>Simen Gimnes<\/td>\n<td>60m fors\u00f8k<\/td>\n<td>7,14<\/td>\n<td><\/td>\n<td>MU23<\/td>\n<\/tr>\n<tr>\n<td>Simen Gimnes<\/td>\n<td>60m Finale<\/td>\n<td>7,13<\/td>\n<td>5<\/td>\n<td>MU23<\/td>\n<\/tr>\n<tr>\n<td>Sigmund Le Fjeld<\/td>\n<td>60m<\/td>\n<td>7,52 SB<\/td>\n<td><\/td>\n<td>MU20<\/td>\n<\/tr>\n<tr>\n<td>Sindre Klausen Veggan<\/td>\n<td>60m fors\u00f8k<\/td>\n<td>7,62<\/td>\n<td><\/td>\n<td>G15<\/td>\n<\/tr>\n<tr>\n<td>Sindre Klausen Veggan<\/td>\n<td>60m semifinale<\/td>\n<td>7,52 PB<\/td>\n<td><\/td>\n<td>G15<\/td>\n<\/tr>\n<tr>\n<td>Sindre Klausen Veggan<\/td>\n<td>60m Finale<\/td>\n<td>7,5 PB<\/td>\n<td>5<\/td>\n<td>G15<\/td>\n<\/tr>\n<tr>\n<td>Sindre Klausen Veggan<\/td>\n<td>200m fors\u00f8k<\/td>\n<td>24,34 PB<\/td>\n<td>finale<\/td>\n<td>G15<\/td>\n<\/tr>\n<tr>\n<td>Teodor Miller<\/td>\n<td>60m fors\u00f8k<\/td>\n<td>7,48 PB<\/td>\n<td><\/td>\n<td>MU20<\/td>\n<\/tr>\n<tr>\n<td>Thomas Kaggerud Helland<\/td>\n<td>800m<\/td>\n<td>2.34,16 PB<\/td>\n<td>15<\/td>\n<td>G15<\/td>\n<\/tr>\n<tr>\n<td>Thomas Svendsen<\/td>\n<td>60m fors\u00f8k<\/td>\n<td>8,53 PB<\/td>\n<td><\/td>\n<td>G15<\/td>\n<\/tr>\n<tr>\n<td>Vilde Kjetilsdatter Gr\u00f8nhaug<\/td>\n<td>800m<\/td>\n<td>2.23,03 PB<\/td>\n<td>5<\/td>\n<td>J16<\/td>\n<\/tr>\n<\/tbody>\n<\/table>\n<p>&nbsp;<\/p>\n<p>Vi gleder oss til \u00e5 f\u00f8lge denne gjengen p\u00e5 siste dagen av \u00e5rets UM i Sandnes i morgen.<\/p>\n<p>&nbsp;<\/p>\n<p>Mesterskapet avsluttes som alltid med 4*200m stafett, og selvf\u00f8lgelig med Tyrving deltakelse.<\/p>\n<p>&nbsp;<\/p>\n<p><img decoding=\"async\" loading=\"lazy\" class=\"alignnone size-medium wp-image-25757\" src=\"https:\/\/tyrving.idrett.no\/10\/f\/files\/2024\/03\/UM-7-225x300.jpg\" alt=\"\" width=\"225\" height=\"300\" srcset=\"https:\/\/tyrving.idrett.no\/10\/f\/files\/2024\/03\/UM-7-225x300.jpg 225w, https:\/\/tyrving.idrett.no\/10\/f\/files\/2024\/03\/UM-7-768x1024.jpg 768w, https:\/\/tyrving.idrett.no\/10\/f\/files\/2024\/03\/UM-7-600x800.jpg 600w, https:\/\/tyrving.idrett.no\/10\/f\/files\/2024\/03\/UM-7-1152x1536.jpg 1152w, https:\/\/tyrving.idrett.no\/10\/f\/files\/2024\/03\/UM-7-1536x2048.jpg 1536w, https:\/\/tyrving.idrett.no\/10\/f\/files\/2024\/03\/UM-7-scaled.jpg 1920w\" sizes=\"(max-width: 225px) 100vw, 225px\" \/> <img decoding=\"async\" loading=\"lazy\" class=\"alignnone size-medium wp-image-25758\" src=\"https:\/\/tyrving.idrett.no\/10\/f\/files\/2024\/03\/UM-8-225x300.jpg\" alt=\"\" width=\"225\" height=\"300\" srcset=\"https:\/\/tyrving.idrett.no\/10\/f\/files\/2024\/03\/UM-8-225x300.jpg 225w, https:\/\/tyrving.idrett.no\/10\/f\/files\/2024\/03\/UM-8-768x1024.jpg 768w, https:\/\/tyrving.idrett.no\/10\/f\/files\/2024\/03\/UM-8-600x800.jpg 600w, https:\/\/tyrving.idrett.no\/10\/f\/files\/2024\/03\/UM-8-1152x1536.jpg 1152w, https:\/\/tyrving.idrett.no\/10\/f\/files\/2024\/03\/UM-8-1536x2048.jpg 1536w, https:\/\/tyrving.idrett.no\/10\/f\/files\/2024\/03\/UM-8-scaled.jpg 1920w\" sizes=\"(max-width: 225px) 100vw, 225px\" \/> <img decoding=\"async\" loading=\"lazy\" class=\"alignnone size-medium wp-image-25759\" src=\"https:\/\/tyrving.idrett.no\/10\/f\/files\/2024\/03\/UM-9-225x300.jpg\" alt=\"\" width=\"225\" height=\"300\" srcset=\"https:\/\/tyrving.idrett.no\/10\/f\/files\/2024\/03\/UM-9-225x300.jpg 225w, https:\/\/tyrving.idrett.no\/10\/f\/files\/2024\/03\/UM-9-768x1024.jpg 768w, https:\/\/tyrving.idrett.no\/10\/f\/files\/2024\/03\/UM-9-600x800.jpg 600w, https:\/\/tyrving.idrett.no\/10\/f\/files\/2024\/03\/UM-9-1152x1536.jpg 1152w, https:\/\/tyrving.idrett.no\/10\/f\/files\/2024\/03\/UM-9-1536x2048.jpg 1536w, https:\/\/tyrving.idrett.no\/10\/f\/files\/2024\/03\/UM-9-scaled.jpg 1920w\" sizes=\"(max-width: 225px) 100vw, 225px\" \/> <img decoding=\"async\" loading=\"lazy\" class=\"alignnone size-medium wp-image-25760\" src=\"https:\/\/tyrving.idrett.no\/10\/f\/files\/2024\/03\/UM-10-225x300.jpg\" alt=\"\" width=\"225\" height=\"300\" srcset=\"https:\/\/tyrving.idrett.no\/10\/f\/files\/2024\/03\/UM-10-225x300.jpg 225w, https:\/\/tyrving.idrett.no\/10\/f\/files\/2024\/03\/UM-10-768x1024.jpg 768w, https:\/\/tyrving.idrett.no\/10\/f\/files\/2024\/03\/UM-10-600x800.jpg 600w, https:\/\/tyrving.idrett.no\/10\/f\/files\/2024\/03\/UM-10-1152x1536.jpg 1152w, https:\/\/tyrving.idrett.no\/10\/f\/files\/2024\/03\/UM-10-1536x2048.jpg 1536w, https:\/\/tyrving.idrett.no\/10\/f\/files\/2024\/03\/UM-10-scaled.jpg 1920w\" sizes=\"(max-width: 225px) 100vw, 225px\" \/> <img decoding=\"async\" loading=\"lazy\" class=\"alignnone size-medium wp-image-25761\" src=\"https:\/\/tyrving.idrett.no\/10\/f\/files\/2024\/03\/UM-11-225x300.jpg\" alt=\"\" width=\"225\" height=\"300\" srcset=\"https:\/\/tyrving.idrett.no\/10\/f\/files\/2024\/03\/UM-11-225x300.jpg 225w, https:\/\/tyrving.idrett.no\/10\/f\/files\/2024\/03\/UM-11-768x1024.jpg 768w, https:\/\/tyrving.idrett.no\/10\/f\/files\/2024\/03\/UM-11-600x800.jpg 600w, https:\/\/tyrving.idrett.no\/10\/f\/files\/2024\/03\/UM-11-1152x1536.jpg 1152w, https:\/\/tyrving.idrett.no\/10\/f\/files\/2024\/03\/UM-11-1536x2048.jpg 1536w, https:\/\/tyrving.idrett.no\/10\/f\/files\/2024\/03\/UM-11-scaled.jpg 1920w\" sizes=\"(max-width: 225px) 100vw, 225px\" \/><\/p>\n","protected":false},"excerpt":{"rendered":"Dag 2 p\u00e5 UM er vel gjennomf\u00f8rt. &nbsp; Det er i dag blitt til mange personlig rekorder og sesong beste for v\u00e5re talenter p\u00e5 2. dagen av UM i Sandnes. &nbsp; Lina Svarlien h\u00f8stede enda en gullmedalje t&#8230;","protected":false},"author":46,"featured_media":25762,"comment_status":"closed","ping_status":"open","sticky":false,"template":"","format":"standard","meta":{"footnotes":"","_jetpack_memberships_contains_paid_content":false},"categories":[1],"tags":[],"acf":[],"yoast_head":"<!-- This site is optimized with the Yoast SEO plugin v21.2 - https:\/\/yoast.com\/wordpress\/plugins\/seo\/ -->\n<title>UM status dag 2 - Tyrving - Friidrett<\/title>\n<meta name=\"robots\" content=\"index, follow, max-snippet:-1, max-image-preview:large, max-video-preview:-1\" \/>\n<link rel=\"canonical\" href=\"https:\/\/tyrving.idrett.no\/10\/f\/2024\/03\/09\/um-status-dag-2\/\" \/>\n<meta property=\"og:locale\" content=\"nb_NO\" \/>\n<meta property=\"og:type\" content=\"article\" \/>\n<meta property=\"og:title\" content=\"UM status dag 2 - Tyrving - Friidrett\" \/>\n<meta property=\"og:description\" content=\"Dag 2 p\u00e5 UM er vel gjennomf\u00f8rt. &nbsp; Det er i dag blitt til mange personlig rekorder og sesong beste for v\u00e5re talenter p\u00e5 2. dagen av UM i Sandnes. &nbsp; Lina Svarlien h\u00f8stede enda en gullmedalje t...\" \/>\n<meta property=\"og:url\" content=\"https:\/\/tyrving.idrett.no\/10\/f\/2024\/03\/09\/um-status-dag-2\/\" \/>\n<meta property=\"og:site_name\" content=\"Tyrving - Friidrett\" \/>\n<meta property=\"article:published_time\" content=\"2024-03-09T21:28:03+00:00\" \/>\n<meta property=\"article:modified_time\" content=\"2024-03-09T21:29:09+00:00\" \/>\n<meta property=\"og:image\" content=\"https:\/\/tyrving.idrett.no\/10\/f\/files\/2024\/03\/UM-12-scaled.jpg\" \/>\n\t<meta property=\"og:image:width\" content=\"1920\" \/>\n\t<meta property=\"og:image:height\" content=\"2560\" \/>\n\t<meta property=\"og:image:type\" content=\"image\/jpeg\" \/>\n<meta name=\"author\" content=\"mortenjensen\" \/>\n<meta name=\"twitter:card\" content=\"summary_large_image\" \/>\n<meta name=\"twitter:label1\" content=\"Skrevet av\" \/>\n\t<meta name=\"twitter:data1\" content=\"mortenjensen\" \/>\n\t<meta name=\"twitter:label2\" content=\"Ansl. lesetid\" \/>\n\t<meta name=\"twitter:data2\" content=\"4 minutter\" \/>\n<script type=\"application\/ld+json\" class=\"yoast-schema-graph\">{\"@context\":\"https:\/\/schema.org\",\"@graph\":[{\"@type\":\"Article\",\"@id\":\"https:\/\/tyrving.idrett.no\/10\/f\/2024\/03\/09\/um-status-dag-2\/#article\",\"isPartOf\":{\"@id\":\"https:\/\/tyrving.idrett.no\/10\/f\/2024\/03\/09\/um-status-dag-2\/\"},\"author\":{\"name\":\"mortenjensen\",\"@id\":\"https:\/\/tyrving.idrett.no\/10\/f\/#\/schema\/person\/8ce96c740b9585e4c1f060ba84702224\"},\"headline\":\"UM status dag 2\",\"datePublished\":\"2024-03-09T21:28:03+00:00\",\"dateModified\":\"2024-03-09T21:29:09+00:00\",\"mainEntityOfPage\":{\"@id\":\"https:\/\/tyrving.idrett.no\/10\/f\/2024\/03\/09\/um-status-dag-2\/\"},\"wordCount\":383,\"publisher\":{\"@id\":\"https:\/\/tyrving.idrett.no\/10\/f\/#organization\"},\"articleSection\":[\"Nyheter\"],\"inLanguage\":\"nb-NO\"},{\"@type\":\"WebPage\",\"@id\":\"https:\/\/tyrving.idrett.no\/10\/f\/2024\/03\/09\/um-status-dag-2\/\",\"url\":\"https:\/\/tyrving.idrett.no\/10\/f\/2024\/03\/09\/um-status-dag-2\/\",\"name\":\"UM status dag 2 - Tyrving - Friidrett\",\"isPartOf\":{\"@id\":\"https:\/\/tyrving.idrett.no\/10\/f\/#website\"},\"datePublished\":\"2024-03-09T21:28:03+00:00\",\"dateModified\":\"2024-03-09T21:29:09+00:00\",\"breadcrumb\":{\"@id\":\"https:\/\/tyrving.idrett.no\/10\/f\/2024\/03\/09\/um-status-dag-2\/#breadcrumb\"},\"inLanguage\":\"nb-NO\",\"potentialAction\":[{\"@type\":\"ReadAction\",\"target\":[\"https:\/\/tyrving.idrett.no\/10\/f\/2024\/03\/09\/um-status-dag-2\/\"]}]},{\"@type\":\"BreadcrumbList\",\"@id\":\"https:\/\/tyrving.idrett.no\/10\/f\/2024\/03\/09\/um-status-dag-2\/#breadcrumb\",\"itemListElement\":[{\"@type\":\"ListItem\",\"position\":1,\"name\":\"Hjem\",\"item\":\"https:\/\/tyrving.idrett.no\/10\/f\/\"},{\"@type\":\"ListItem\",\"position\":2,\"name\":\"UM status dag 2\"}]},{\"@type\":\"WebSite\",\"@id\":\"https:\/\/tyrving.idrett.no\/10\/f\/#website\",\"url\":\"https:\/\/tyrving.idrett.no\/10\/f\/\",\"name\":\"Tyrving - Friidrett\",\"description\":\"Friidrettsgruppa\",\"publisher\":{\"@id\":\"https:\/\/tyrving.idrett.no\/10\/f\/#organization\"},\"potentialAction\":[{\"@type\":\"SearchAction\",\"target\":{\"@type\":\"EntryPoint\",\"urlTemplate\":\"https:\/\/tyrving.idrett.no\/10\/f\/?s={search_term_string}\"},\"query-input\":\"required name=search_term_string\"}],\"inLanguage\":\"nb-NO\"},{\"@type\":\"Organization\",\"@id\":\"https:\/\/tyrving.idrett.no\/10\/f\/#organization\",\"name\":\"Tyrving Friidrettsgruppa\",\"url\":\"https:\/\/tyrving.idrett.no\/10\/f\/\",\"logo\":{\"@type\":\"ImageObject\",\"inLanguage\":\"nb-NO\",\"@id\":\"https:\/\/tyrving.idrett.no\/10\/f\/#\/schema\/logo\/image\/\",\"url\":\"https:\/\/tyrving.idrett.no\/10\/f\/files\/2019\/04\/Tyrving-Logo-Friidrett-2019.jpg\",\"contentUrl\":\"https:\/\/tyrving.idrett.no\/10\/f\/files\/2019\/04\/Tyrving-Logo-Friidrett-2019.jpg\",\"width\":460,\"height\":360,\"caption\":\"Tyrving Friidrettsgruppa\"},\"image\":{\"@id\":\"https:\/\/tyrving.idrett.no\/10\/f\/#\/schema\/logo\/image\/\"}},{\"@type\":\"Person\",\"@id\":\"https:\/\/tyrving.idrett.no\/10\/f\/#\/schema\/person\/8ce96c740b9585e4c1f060ba84702224\",\"name\":\"mortenjensen\",\"image\":{\"@type\":\"ImageObject\",\"inLanguage\":\"nb-NO\",\"@id\":\"https:\/\/tyrving.idrett.no\/10\/f\/#\/schema\/person\/image\/\",\"url\":\"https:\/\/secure.gravatar.com\/avatar\/f75435030dcf343989325f8f843d0193?s=96&d=mm&r=g\",\"contentUrl\":\"https:\/\/secure.gravatar.com\/avatar\/f75435030dcf343989325f8f843d0193?s=96&d=mm&r=g\",\"caption\":\"mortenjensen\"}}]}<\/script>\n<!-- \/ Yoast SEO plugin. -->","yoast_head_json":{"title":"UM status dag 2 - Tyrving - Friidrett","robots":{"index":"index","follow":"follow","max-snippet":"max-snippet:-1","max-image-preview":"max-image-preview:large","max-video-preview":"max-video-preview:-1"},"canonical":"https:\/\/tyrving.idrett.no\/10\/f\/2024\/03\/09\/um-status-dag-2\/","og_locale":"nb_NO","og_type":"article","og_title":"UM status dag 2 - Tyrving - Friidrett","og_description":"Dag 2 p\u00e5 UM er vel gjennomf\u00f8rt. &nbsp; Det er i dag blitt til mange personlig rekorder og sesong beste for v\u00e5re talenter p\u00e5 2. dagen av UM i Sandnes. &nbsp; Lina Svarlien h\u00f8stede enda en gullmedalje t...","og_url":"https:\/\/tyrving.idrett.no\/10\/f\/2024\/03\/09\/um-status-dag-2\/","og_site_name":"Tyrving - Friidrett","article_published_time":"2024-03-09T21:28:03+00:00","article_modified_time":"2024-03-09T21:29:09+00:00","og_image":[{"width":1920,"height":2560,"url":"https:\/\/tyrving.idrett.no\/10\/f\/files\/2024\/03\/UM-12-scaled.jpg","type":"image\/jpeg"}],"author":"mortenjensen","twitter_card":"summary_large_image","twitter_misc":{"Skrevet av":"mortenjensen","Ansl. lesetid":"4 minutter"},"schema":{"@context":"https:\/\/schema.org","@graph":[{"@type":"Article","@id":"https:\/\/tyrving.idrett.no\/10\/f\/2024\/03\/09\/um-status-dag-2\/#article","isPartOf":{"@id":"https:\/\/tyrving.idrett.no\/10\/f\/2024\/03\/09\/um-status-dag-2\/"},"author":{"name":"mortenjensen","@id":"https:\/\/tyrving.idrett.no\/10\/f\/#\/schema\/person\/8ce96c740b9585e4c1f060ba84702224"},"headline":"UM status dag 2","datePublished":"2024-03-09T21:28:03+00:00","dateModified":"2024-03-09T21:29:09+00:00","mainEntityOfPage":{"@id":"https:\/\/tyrving.idrett.no\/10\/f\/2024\/03\/09\/um-status-dag-2\/"},"wordCount":383,"publisher":{"@id":"https:\/\/tyrving.idrett.no\/10\/f\/#organization"},"articleSection":["Nyheter"],"inLanguage":"nb-NO"},{"@type":"WebPage","@id":"https:\/\/tyrving.idrett.no\/10\/f\/2024\/03\/09\/um-status-dag-2\/","url":"https:\/\/tyrving.idrett.no\/10\/f\/2024\/03\/09\/um-status-dag-2\/","name":"UM status dag 2 - Tyrving - Friidrett","isPartOf":{"@id":"https:\/\/tyrving.idrett.no\/10\/f\/#website"},"datePublished":"2024-03-09T21:28:03+00:00","dateModified":"2024-03-09T21:29:09+00:00","breadcrumb":{"@id":"https:\/\/tyrving.idrett.no\/10\/f\/2024\/03\/09\/um-status-dag-2\/#breadcrumb"},"inLanguage":"nb-NO","potentialAction":[{"@type":"ReadAction","target":["https:\/\/tyrving.idrett.no\/10\/f\/2024\/03\/09\/um-status-dag-2\/"]}]},{"@type":"BreadcrumbList","@id":"https:\/\/tyrving.idrett.no\/10\/f\/2024\/03\/09\/um-status-dag-2\/#breadcrumb","itemListElement":[{"@type":"ListItem","position":1,"name":"Hjem","item":"https:\/\/tyrving.idrett.no\/10\/f\/"},{"@type":"ListItem","position":2,"name":"UM status dag 2"}]},{"@type":"WebSite","@id":"https:\/\/tyrving.idrett.no\/10\/f\/#website","url":"https:\/\/tyrving.idrett.no\/10\/f\/","name":"Tyrving - Friidrett","description":"Friidrettsgruppa","publisher":{"@id":"https:\/\/tyrving.idrett.no\/10\/f\/#organization"},"potentialAction":[{"@type":"SearchAction","target":{"@type":"EntryPoint","urlTemplate":"https:\/\/tyrving.idrett.no\/10\/f\/?s={search_term_string}"},"query-input":"required name=search_term_string"}],"inLanguage":"nb-NO"},{"@type":"Organization","@id":"https:\/\/tyrving.idrett.no\/10\/f\/#organization","name":"Tyrving Friidrettsgruppa","url":"https:\/\/tyrving.idrett.no\/10\/f\/","logo":{"@type":"ImageObject","inLanguage":"nb-NO","@id":"https:\/\/tyrving.idrett.no\/10\/f\/#\/schema\/logo\/image\/","url":"https:\/\/tyrving.idrett.no\/10\/f\/files\/2019\/04\/Tyrving-Logo-Friidrett-2019.jpg","contentUrl":"https:\/\/tyrving.idrett.no\/10\/f\/files\/2019\/04\/Tyrving-Logo-Friidrett-2019.jpg","width":460,"height":360,"caption":"Tyrving Friidrettsgruppa"},"image":{"@id":"https:\/\/tyrving.idrett.no\/10\/f\/#\/schema\/logo\/image\/"}},{"@type":"Person","@id":"https:\/\/tyrving.idrett.no\/10\/f\/#\/schema\/person\/8ce96c740b9585e4c1f060ba84702224","name":"mortenjensen","image":{"@type":"ImageObject","inLanguage":"nb-NO","@id":"https:\/\/tyrving.idrett.no\/10\/f\/#\/schema\/person\/image\/","url":"https:\/\/secure.gravatar.com\/avatar\/f75435030dcf343989325f8f843d0193?s=96&d=mm&r=g","contentUrl":"https:\/\/secure.gravatar.com\/avatar\/f75435030dcf343989325f8f843d0193?s=96&d=mm&r=g","caption":"mortenjensen"}}]}},"jetpack_sharing_enabled":true,"jetpack_featured_media_url":"https:\/\/tyrving.idrett.no\/10\/f\/files\/2024\/03\/UM-12-scaled.jpg","_links":{"self":[{"href":"https:\/\/tyrving.idrett.no\/10\/f\/wp-json\/wp\/v2\/posts\/25756"}],"collection":[{"href":"https:\/\/tyrving.idrett.no\/10\/f\/wp-json\/wp\/v2\/posts"}],"about":[{"href":"https:\/\/tyrving.idrett.no\/10\/f\/wp-json\/wp\/v2\/types\/post"}],"author":[{"embeddable":true,"href":"https:\/\/tyrving.idrett.no\/10\/f\/wp-json\/wp\/v2\/users\/46"}],"replies":[{"embeddable":true,"href":"https:\/\/tyrving.idrett.no\/10\/f\/wp-json\/wp\/v2\/comments?post=25756"}],"version-history":[{"count":2,"href":"https:\/\/tyrving.idrett.no\/10\/f\/wp-json\/wp\/v2\/posts\/25756\/revisions"}],"predecessor-version":[{"id":25764,"href":"https:\/\/tyrving.idrett.no\/10\/f\/wp-json\/wp\/v2\/posts\/25756\/revisions\/25764"}],"wp:featuredmedia":[{"embeddable":true,"href":"https:\/\/tyrving.idrett.no\/10\/f\/wp-json\/wp\/v2\/media\/25762"}],"wp:attachment":[{"href":"https:\/\/tyrving.idrett.no\/10\/f\/wp-json\/wp\/v2\/media?parent=25756"}],"wp:term":[{"taxonomy":"category","embeddable":true,"href":"https:\/\/tyrving.idrett.no\/10\/f\/wp-json\/wp\/v2\/categories?post=25756"},{"taxonomy":"post_tag","embeddable":true,"href":"https:\/\/tyrving.idrett.no\/10\/f\/wp-json\/wp\/v2\/tags?post=25756"}],"curies":[{"name":"wp","href":"https:\/\/api.w.org\/{rel}","templated":true}]}}