{"id":26420,"date":"2024-08-13T11:41:59","date_gmt":"2024-08-13T09:41:59","guid":{"rendered":"https:\/\/tyrving.idrett.no\/10\/f\/?p=26420"},"modified":"2024-08-13T14:13:13","modified_gmt":"2024-08-13T12:13:13","slug":"tyrving-representerte-norge-i-2-nordiske-mesterskap-i-helgen","status":"publish","type":"post","link":"https:\/\/tyrving.idrett.no\/10\/f\/2024\/08\/13\/tyrving-representerte-norge-i-2-nordiske-mesterskap-i-helgen\/","title":{"rendered":"Tyrving representerte Norge i 2 Nordiske mesterskap i helgen"},"content":{"rendered":"<p>I helgen har Tyrvingut\u00f8vere deltatt i Nordisk mesterskap u20. U20 Nordisk ble avholdt i T\u00e5rnby, Danmark, der Tyrving representerte Norge med 3 ut\u00f8vere:<\/p>\n<p>Sigmund Le Fjeld deltok i tresteg og hoppet 13.67m. Med dette tok han en 7.plass.<\/p>\n<p>Lina Svarlien stilte i h\u00f8yde og tresteg. Lina hoppet inn til 2.plass med pers p\u00e5 1,73m i h\u00f8yde, og tok bronsje i tresteg p\u00e5 12.18m (med litt for god medvind).<\/p>\n<p>Camilla Dahl Kristiansen stilte for Norge p\u00e5 400m, der hun l\u00f8p p\u00e5 56,45sek og tok en flott 4.plass.<\/p>\n<p>For komplett resultatliste se <a href=\"https:\/\/meets.rosterathletics.com\/public\/competitions\/details\/schedule?id=25540&amp;meId=216776\">Roster Athletics \u00b7 Nordic U20 Match &amp; Championships<\/a><\/p>\n<p>&nbsp;<\/p>\n<p>Nordisk mesterskap i Para friidrett ble ogs\u00e5 avholdt denne helgen i Bolln\u00e4s, Sverige.Her stilte Tyrving med 3 ut\u00f8vere!<\/p>\n<p>Ida Nesse deltok i diskos, kule og spyd.<\/p>\n<p>Resultater:<\/p>\n<p>Kule \u2013 9.53m (2.plass)<\/p>\n<p>Spyd- 29.11m (1.plass)<\/p>\n<p>Diskos \u2013 30.67m (1.plass)<\/p>\n<p>Ida stilte ogs\u00e5 p\u00e5 stafettlaget til Norge og tok en fin 9.plass.<\/p>\n<p>&nbsp;<\/p>\n<p>Michael Sebastian Setsaas deltok i 100m, 200m, 400m, 800m og lengde.<\/p>\n<p>Resultater:<\/p>\n<p>100m \u2013 12.33 sek (4.plass)<\/p>\n<p>200m \u2013 25.71sek (3.plass)<\/p>\n<p>400m \u2013 59.36sek (2.plass)<\/p>\n<p>800m- 2:26.11 min (3.plass)<\/p>\n<p>I tillegg stilte Michael p\u00e5 et av mix stafettlagene til Norge som tok en flott 2.plass!<\/p>\n<p>&nbsp;<\/p>\n<p>Ann Selda Delier deltok p\u00e5 100m.<\/p>\n<p>Resultater:<\/p>\n<p>100m \u2013 17.54 sek (1.plass)<\/p>\n<p>&nbsp;<\/p>\n<p>Minner om at i Para-mesterskap deltar ut\u00f8vere i den respektive klassen de er klassifisert til \u00e5 delta i. For litt mer informasjon om dette\u00a0se <a href=\"https:\/\/www.friidrett.no\/aktivitet\/parafriidrett\/\">ParaFriidrett<\/a>.<\/p>\n<p>For komplett resultatliste fra mesterskapet se <a href=\"https:\/\/easyrecord.se\/result?0h95rr\">EasyRecord<\/a><\/p>\n<p><img decoding=\"async\" loading=\"lazy\" class=\"alignnone size-medium wp-image-26423\" src=\"https:\/\/tyrving.idrett.no\/10\/f\/files\/2024\/08\/image0000011-1-300x110.jpg\" alt=\"\" width=\"300\" height=\"110\" srcset=\"https:\/\/tyrving.idrett.no\/10\/f\/files\/2024\/08\/image0000011-1-300x110.jpg 300w, https:\/\/tyrving.idrett.no\/10\/f\/files\/2024\/08\/image0000011-1-1024x375.jpg 1024w, https:\/\/tyrving.idrett.no\/10\/f\/files\/2024\/08\/image0000011-1-768x282.jpg 768w, https:\/\/tyrving.idrett.no\/10\/f\/files\/2024\/08\/image0000011-1-600x220.jpg 600w, https:\/\/tyrving.idrett.no\/10\/f\/files\/2024\/08\/image0000011-1.jpg 1489w\" sizes=\"(max-width: 300px) 100vw, 300px\" \/><\/p>\n<p>(Ida sine medaljer, 1 av hver val\u00f8r)<\/p>\n<p><img decoding=\"async\" loading=\"lazy\" class=\"alignnone size-medium wp-image-26421\" src=\"https:\/\/tyrving.idrett.no\/10\/f\/files\/2024\/08\/image000001-210x300.jpg\" alt=\"\" width=\"210\" height=\"300\" srcset=\"https:\/\/tyrving.idrett.no\/10\/f\/files\/2024\/08\/image000001-210x300.jpg 210w, https:\/\/tyrving.idrett.no\/10\/f\/files\/2024\/08\/image000001-718x1024.jpg 718w, https:\/\/tyrving.idrett.no\/10\/f\/files\/2024\/08\/image000001-768x1095.jpg 768w, https:\/\/tyrving.idrett.no\/10\/f\/files\/2024\/08\/image000001-600x856.jpg 600w, https:\/\/tyrving.idrett.no\/10\/f\/files\/2024\/08\/image000001.jpg 871w\" sizes=\"(max-width: 210px) 100vw, 210px\" \/><\/p>\n<p>(Michael med sin medaljefangst)<\/p>\n<p><img decoding=\"async\" loading=\"lazy\" class=\"alignnone size-medium wp-image-26425\" src=\"https:\/\/tyrving.idrett.no\/10\/f\/files\/2024\/08\/IMG_0640-300x225.jpg\" alt=\"\" width=\"300\" height=\"225\" srcset=\"https:\/\/tyrving.idrett.no\/10\/f\/files\/2024\/08\/IMG_0640-300x225.jpg 300w, https:\/\/tyrving.idrett.no\/10\/f\/files\/2024\/08\/IMG_0640-1024x768.jpg 1024w, https:\/\/tyrving.idrett.no\/10\/f\/files\/2024\/08\/IMG_0640-768x576.jpg 768w, https:\/\/tyrving.idrett.no\/10\/f\/files\/2024\/08\/IMG_0640-600x450.jpg 600w, https:\/\/tyrving.idrett.no\/10\/f\/files\/2024\/08\/IMG_0640-1536x1152.jpg 1536w, https:\/\/tyrving.idrett.no\/10\/f\/files\/2024\/08\/IMG_0640-2048x1536.jpg 2048w\" sizes=\"(max-width: 300px) 100vw, 300px\" \/> <img decoding=\"async\" loading=\"lazy\" class=\"alignnone size-medium wp-image-26426\" src=\"https:\/\/tyrving.idrett.no\/10\/f\/files\/2024\/08\/IMG_1543-268x300.jpg\" alt=\"\" width=\"268\" height=\"300\" srcset=\"https:\/\/tyrving.idrett.no\/10\/f\/files\/2024\/08\/IMG_1543-268x300.jpg 268w, https:\/\/tyrving.idrett.no\/10\/f\/files\/2024\/08\/IMG_1543-916x1024.jpg 916w, https:\/\/tyrving.idrett.no\/10\/f\/files\/2024\/08\/IMG_1543-768x859.jpg 768w, https:\/\/tyrving.idrett.no\/10\/f\/files\/2024\/08\/IMG_1543-600x671.jpg 600w, https:\/\/tyrving.idrett.no\/10\/f\/files\/2024\/08\/IMG_1543.jpg 1170w\" sizes=\"(max-width: 268px) 100vw, 268px\" \/><\/p>\n<p>(Lina tok delt 2.plass i h\u00f8yde)<\/p>\n","protected":false},"excerpt":{"rendered":"I helgen har Tyrvingut\u00f8vere deltatt i Nordisk mesterskap u20. U20 Nordisk ble avholdt i T\u00e5rnby, Danmark, der Tyrving representerte Norge med 3 ut\u00f8vere: Sigmund Le Fjeld deltok i tresteg og hoppet 13.6&#8230;","protected":false},"author":48,"featured_media":26422,"comment_status":"closed","ping_status":"open","sticky":false,"template":"","format":"standard","meta":{"footnotes":"","_jetpack_memberships_contains_paid_content":false},"categories":[1],"tags":[],"acf":[],"yoast_head":"<!-- This site is optimized with the Yoast SEO plugin v21.2 - https:\/\/yoast.com\/wordpress\/plugins\/seo\/ -->\n<title>Tyrving representerte Norge i 2 Nordiske mesterskap i helgen - Tyrving - Friidrett<\/title>\n<meta name=\"robots\" content=\"index, follow, max-snippet:-1, max-image-preview:large, max-video-preview:-1\" \/>\n<link rel=\"canonical\" href=\"https:\/\/tyrving.idrett.no\/10\/f\/2024\/08\/13\/tyrving-representerte-norge-i-2-nordiske-mesterskap-i-helgen\/\" \/>\n<meta property=\"og:locale\" content=\"nb_NO\" \/>\n<meta property=\"og:type\" content=\"article\" \/>\n<meta property=\"og:title\" content=\"Tyrving representerte Norge i 2 Nordiske mesterskap i helgen - Tyrving - Friidrett\" \/>\n<meta property=\"og:description\" content=\"I helgen har Tyrvingut\u00f8vere deltatt i Nordisk mesterskap u20. U20 Nordisk ble avholdt i T\u00e5rnby, Danmark, der Tyrving representerte Norge med 3 ut\u00f8vere: Sigmund Le Fjeld deltok i tresteg og hoppet 13.6...\" \/>\n<meta property=\"og:url\" content=\"https:\/\/tyrving.idrett.no\/10\/f\/2024\/08\/13\/tyrving-representerte-norge-i-2-nordiske-mesterskap-i-helgen\/\" \/>\n<meta property=\"og:site_name\" content=\"Tyrving - Friidrett\" \/>\n<meta property=\"article:published_time\" content=\"2024-08-13T09:41:59+00:00\" \/>\n<meta property=\"article:modified_time\" content=\"2024-08-13T12:13:13+00:00\" \/>\n<meta property=\"og:image\" content=\"https:\/\/tyrving.idrett.no\/10\/f\/files\/2024\/08\/image000000-e1723542282983.jpg\" \/>\n\t<meta property=\"og:image:width\" content=\"1032\" \/>\n\t<meta property=\"og:image:height\" content=\"1248\" \/>\n\t<meta property=\"og:image:type\" content=\"image\/jpeg\" \/>\n<meta name=\"author\" content=\"Charlotte Lund Antonijevic\" \/>\n<meta name=\"twitter:card\" content=\"summary_large_image\" \/>\n<meta name=\"twitter:label1\" content=\"Skrevet av\" \/>\n\t<meta name=\"twitter:data1\" content=\"Charlotte Lund Antonijevic\" \/>\n\t<meta name=\"twitter:label2\" content=\"Ansl. lesetid\" \/>\n\t<meta name=\"twitter:data2\" content=\"3 minutter\" \/>\n<script type=\"application\/ld+json\" class=\"yoast-schema-graph\">{\"@context\":\"https:\/\/schema.org\",\"@graph\":[{\"@type\":\"Article\",\"@id\":\"https:\/\/tyrving.idrett.no\/10\/f\/2024\/08\/13\/tyrving-representerte-norge-i-2-nordiske-mesterskap-i-helgen\/#article\",\"isPartOf\":{\"@id\":\"https:\/\/tyrving.idrett.no\/10\/f\/2024\/08\/13\/tyrving-representerte-norge-i-2-nordiske-mesterskap-i-helgen\/\"},\"author\":{\"name\":\"Charlotte Lund Antonijevic\",\"@id\":\"https:\/\/tyrving.idrett.no\/10\/f\/#\/schema\/person\/7dadcbaa6c6ce09d9ae5345eb3181723\"},\"headline\":\"Tyrving representerte Norge i 2 Nordiske mesterskap i helgen\",\"datePublished\":\"2024-08-13T09:41:59+00:00\",\"dateModified\":\"2024-08-13T12:13:13+00:00\",\"mainEntityOfPage\":{\"@id\":\"https:\/\/tyrving.idrett.no\/10\/f\/2024\/08\/13\/tyrving-representerte-norge-i-2-nordiske-mesterskap-i-helgen\/\"},\"wordCount\":265,\"publisher\":{\"@id\":\"https:\/\/tyrving.idrett.no\/10\/f\/#organization\"},\"articleSection\":[\"Nyheter\"],\"inLanguage\":\"nb-NO\"},{\"@type\":\"WebPage\",\"@id\":\"https:\/\/tyrving.idrett.no\/10\/f\/2024\/08\/13\/tyrving-representerte-norge-i-2-nordiske-mesterskap-i-helgen\/\",\"url\":\"https:\/\/tyrving.idrett.no\/10\/f\/2024\/08\/13\/tyrving-representerte-norge-i-2-nordiske-mesterskap-i-helgen\/\",\"name\":\"Tyrving representerte Norge i 2 Nordiske mesterskap i helgen - Tyrving - Friidrett\",\"isPartOf\":{\"@id\":\"https:\/\/tyrving.idrett.no\/10\/f\/#website\"},\"datePublished\":\"2024-08-13T09:41:59+00:00\",\"dateModified\":\"2024-08-13T12:13:13+00:00\",\"breadcrumb\":{\"@id\":\"https:\/\/tyrving.idrett.no\/10\/f\/2024\/08\/13\/tyrving-representerte-norge-i-2-nordiske-mesterskap-i-helgen\/#breadcrumb\"},\"inLanguage\":\"nb-NO\",\"potentialAction\":[{\"@type\":\"ReadAction\",\"target\":[\"https:\/\/tyrving.idrett.no\/10\/f\/2024\/08\/13\/tyrving-representerte-norge-i-2-nordiske-mesterskap-i-helgen\/\"]}]},{\"@type\":\"BreadcrumbList\",\"@id\":\"https:\/\/tyrving.idrett.no\/10\/f\/2024\/08\/13\/tyrving-representerte-norge-i-2-nordiske-mesterskap-i-helgen\/#breadcrumb\",\"itemListElement\":[{\"@type\":\"ListItem\",\"position\":1,\"name\":\"Hjem\",\"item\":\"https:\/\/tyrving.idrett.no\/10\/f\/\"},{\"@type\":\"ListItem\",\"position\":2,\"name\":\"Tyrving representerte Norge i 2 Nordiske mesterskap i helgen\"}]},{\"@type\":\"WebSite\",\"@id\":\"https:\/\/tyrving.idrett.no\/10\/f\/#website\",\"url\":\"https:\/\/tyrving.idrett.no\/10\/f\/\",\"name\":\"Tyrving - Friidrett\",\"description\":\"Friidrettsgruppa\",\"publisher\":{\"@id\":\"https:\/\/tyrving.idrett.no\/10\/f\/#organization\"},\"potentialAction\":[{\"@type\":\"SearchAction\",\"target\":{\"@type\":\"EntryPoint\",\"urlTemplate\":\"https:\/\/tyrving.idrett.no\/10\/f\/?s={search_term_string}\"},\"query-input\":\"required name=search_term_string\"}],\"inLanguage\":\"nb-NO\"},{\"@type\":\"Organization\",\"@id\":\"https:\/\/tyrving.idrett.no\/10\/f\/#organization\",\"name\":\"Tyrving Friidrettsgruppa\",\"url\":\"https:\/\/tyrving.idrett.no\/10\/f\/\",\"logo\":{\"@type\":\"ImageObject\",\"inLanguage\":\"nb-NO\",\"@id\":\"https:\/\/tyrving.idrett.no\/10\/f\/#\/schema\/logo\/image\/\",\"url\":\"https:\/\/tyrving.idrett.no\/10\/f\/files\/2019\/04\/Tyrving-Logo-Friidrett-2019.jpg\",\"contentUrl\":\"https:\/\/tyrving.idrett.no\/10\/f\/files\/2019\/04\/Tyrving-Logo-Friidrett-2019.jpg\",\"width\":460,\"height\":360,\"caption\":\"Tyrving Friidrettsgruppa\"},\"image\":{\"@id\":\"https:\/\/tyrving.idrett.no\/10\/f\/#\/schema\/logo\/image\/\"}},{\"@type\":\"Person\",\"@id\":\"https:\/\/tyrving.idrett.no\/10\/f\/#\/schema\/person\/7dadcbaa6c6ce09d9ae5345eb3181723\",\"name\":\"Charlotte Lund Antonijevic\",\"image\":{\"@type\":\"ImageObject\",\"inLanguage\":\"nb-NO\",\"@id\":\"https:\/\/tyrving.idrett.no\/10\/f\/#\/schema\/person\/image\/\",\"url\":\"https:\/\/secure.gravatar.com\/avatar\/41b7979d7eef810adabb4f04d85c18d4?s=96&d=mm&r=g\",\"contentUrl\":\"https:\/\/secure.gravatar.com\/avatar\/41b7979d7eef810adabb4f04d85c18d4?s=96&d=mm&r=g\",\"caption\":\"Charlotte Lund Antonijevic\"}}]}<\/script>\n<!-- \/ Yoast SEO plugin. -->","yoast_head_json":{"title":"Tyrving representerte Norge i 2 Nordiske mesterskap i helgen - Tyrving - Friidrett","robots":{"index":"index","follow":"follow","max-snippet":"max-snippet:-1","max-image-preview":"max-image-preview:large","max-video-preview":"max-video-preview:-1"},"canonical":"https:\/\/tyrving.idrett.no\/10\/f\/2024\/08\/13\/tyrving-representerte-norge-i-2-nordiske-mesterskap-i-helgen\/","og_locale":"nb_NO","og_type":"article","og_title":"Tyrving representerte Norge i 2 Nordiske mesterskap i helgen - Tyrving - Friidrett","og_description":"I helgen har Tyrvingut\u00f8vere deltatt i Nordisk mesterskap u20. U20 Nordisk ble avholdt i T\u00e5rnby, Danmark, der Tyrving representerte Norge med 3 ut\u00f8vere: Sigmund Le Fjeld deltok i tresteg og hoppet 13.6...","og_url":"https:\/\/tyrving.idrett.no\/10\/f\/2024\/08\/13\/tyrving-representerte-norge-i-2-nordiske-mesterskap-i-helgen\/","og_site_name":"Tyrving - Friidrett","article_published_time":"2024-08-13T09:41:59+00:00","article_modified_time":"2024-08-13T12:13:13+00:00","og_image":[{"width":1032,"height":1248,"url":"https:\/\/tyrving.idrett.no\/10\/f\/files\/2024\/08\/image000000-e1723542282983.jpg","type":"image\/jpeg"}],"author":"Charlotte Lund Antonijevic","twitter_card":"summary_large_image","twitter_misc":{"Skrevet av":"Charlotte Lund Antonijevic","Ansl. lesetid":"3 minutter"},"schema":{"@context":"https:\/\/schema.org","@graph":[{"@type":"Article","@id":"https:\/\/tyrving.idrett.no\/10\/f\/2024\/08\/13\/tyrving-representerte-norge-i-2-nordiske-mesterskap-i-helgen\/#article","isPartOf":{"@id":"https:\/\/tyrving.idrett.no\/10\/f\/2024\/08\/13\/tyrving-representerte-norge-i-2-nordiske-mesterskap-i-helgen\/"},"author":{"name":"Charlotte Lund Antonijevic","@id":"https:\/\/tyrving.idrett.no\/10\/f\/#\/schema\/person\/7dadcbaa6c6ce09d9ae5345eb3181723"},"headline":"Tyrving representerte Norge i 2 Nordiske mesterskap i helgen","datePublished":"2024-08-13T09:41:59+00:00","dateModified":"2024-08-13T12:13:13+00:00","mainEntityOfPage":{"@id":"https:\/\/tyrving.idrett.no\/10\/f\/2024\/08\/13\/tyrving-representerte-norge-i-2-nordiske-mesterskap-i-helgen\/"},"wordCount":265,"publisher":{"@id":"https:\/\/tyrving.idrett.no\/10\/f\/#organization"},"articleSection":["Nyheter"],"inLanguage":"nb-NO"},{"@type":"WebPage","@id":"https:\/\/tyrving.idrett.no\/10\/f\/2024\/08\/13\/tyrving-representerte-norge-i-2-nordiske-mesterskap-i-helgen\/","url":"https:\/\/tyrving.idrett.no\/10\/f\/2024\/08\/13\/tyrving-representerte-norge-i-2-nordiske-mesterskap-i-helgen\/","name":"Tyrving representerte Norge i 2 Nordiske mesterskap i helgen - Tyrving - Friidrett","isPartOf":{"@id":"https:\/\/tyrving.idrett.no\/10\/f\/#website"},"datePublished":"2024-08-13T09:41:59+00:00","dateModified":"2024-08-13T12:13:13+00:00","breadcrumb":{"@id":"https:\/\/tyrving.idrett.no\/10\/f\/2024\/08\/13\/tyrving-representerte-norge-i-2-nordiske-mesterskap-i-helgen\/#breadcrumb"},"inLanguage":"nb-NO","potentialAction":[{"@type":"ReadAction","target":["https:\/\/tyrving.idrett.no\/10\/f\/2024\/08\/13\/tyrving-representerte-norge-i-2-nordiske-mesterskap-i-helgen\/"]}]},{"@type":"BreadcrumbList","@id":"https:\/\/tyrving.idrett.no\/10\/f\/2024\/08\/13\/tyrving-representerte-norge-i-2-nordiske-mesterskap-i-helgen\/#breadcrumb","itemListElement":[{"@type":"ListItem","position":1,"name":"Hjem","item":"https:\/\/tyrving.idrett.no\/10\/f\/"},{"@type":"ListItem","position":2,"name":"Tyrving representerte Norge i 2 Nordiske mesterskap i helgen"}]},{"@type":"WebSite","@id":"https:\/\/tyrving.idrett.no\/10\/f\/#website","url":"https:\/\/tyrving.idrett.no\/10\/f\/","name":"Tyrving - Friidrett","description":"Friidrettsgruppa","publisher":{"@id":"https:\/\/tyrving.idrett.no\/10\/f\/#organization"},"potentialAction":[{"@type":"SearchAction","target":{"@type":"EntryPoint","urlTemplate":"https:\/\/tyrving.idrett.no\/10\/f\/?s={search_term_string}"},"query-input":"required name=search_term_string"}],"inLanguage":"nb-NO"},{"@type":"Organization","@id":"https:\/\/tyrving.idrett.no\/10\/f\/#organization","name":"Tyrving Friidrettsgruppa","url":"https:\/\/tyrving.idrett.no\/10\/f\/","logo":{"@type":"ImageObject","inLanguage":"nb-NO","@id":"https:\/\/tyrving.idrett.no\/10\/f\/#\/schema\/logo\/image\/","url":"https:\/\/tyrving.idrett.no\/10\/f\/files\/2019\/04\/Tyrving-Logo-Friidrett-2019.jpg","contentUrl":"https:\/\/tyrving.idrett.no\/10\/f\/files\/2019\/04\/Tyrving-Logo-Friidrett-2019.jpg","width":460,"height":360,"caption":"Tyrving Friidrettsgruppa"},"image":{"@id":"https:\/\/tyrving.idrett.no\/10\/f\/#\/schema\/logo\/image\/"}},{"@type":"Person","@id":"https:\/\/tyrving.idrett.no\/10\/f\/#\/schema\/person\/7dadcbaa6c6ce09d9ae5345eb3181723","name":"Charlotte Lund Antonijevic","image":{"@type":"ImageObject","inLanguage":"nb-NO","@id":"https:\/\/tyrving.idrett.no\/10\/f\/#\/schema\/person\/image\/","url":"https:\/\/secure.gravatar.com\/avatar\/41b7979d7eef810adabb4f04d85c18d4?s=96&d=mm&r=g","contentUrl":"https:\/\/secure.gravatar.com\/avatar\/41b7979d7eef810adabb4f04d85c18d4?s=96&d=mm&r=g","caption":"Charlotte Lund Antonijevic"}}]}},"jetpack_sharing_enabled":true,"jetpack_featured_media_url":"https:\/\/tyrving.idrett.no\/10\/f\/files\/2024\/08\/image000000-e1723542282983.jpg","_links":{"self":[{"href":"https:\/\/tyrving.idrett.no\/10\/f\/wp-json\/wp\/v2\/posts\/26420"}],"collection":[{"href":"https:\/\/tyrving.idrett.no\/10\/f\/wp-json\/wp\/v2\/posts"}],"about":[{"href":"https:\/\/tyrving.idrett.no\/10\/f\/wp-json\/wp\/v2\/types\/post"}],"author":[{"embeddable":true,"href":"https:\/\/tyrving.idrett.no\/10\/f\/wp-json\/wp\/v2\/users\/48"}],"replies":[{"embeddable":true,"href":"https:\/\/tyrving.idrett.no\/10\/f\/wp-json\/wp\/v2\/comments?post=26420"}],"version-history":[{"count":5,"href":"https:\/\/tyrving.idrett.no\/10\/f\/wp-json\/wp\/v2\/posts\/26420\/revisions"}],"predecessor-version":[{"id":26432,"href":"https:\/\/tyrving.idrett.no\/10\/f\/wp-json\/wp\/v2\/posts\/26420\/revisions\/26432"}],"wp:featuredmedia":[{"embeddable":true,"href":"https:\/\/tyrving.idrett.no\/10\/f\/wp-json\/wp\/v2\/media\/26422"}],"wp:attachment":[{"href":"https:\/\/tyrving.idrett.no\/10\/f\/wp-json\/wp\/v2\/media?parent=26420"}],"wp:term":[{"taxonomy":"category","embeddable":true,"href":"https:\/\/tyrving.idrett.no\/10\/f\/wp-json\/wp\/v2\/categories?post=26420"},{"taxonomy":"post_tag","embeddable":true,"href":"https:\/\/tyrving.idrett.no\/10\/f\/wp-json\/wp\/v2\/tags?post=26420"}],"curies":[{"name":"wp","href":"https:\/\/api.w.org\/{rel}","templated":true}]}}