{"id":26439,"date":"2024-08-16T07:47:31","date_gmt":"2024-08-16T05:47:31","guid":{"rendered":"https:\/\/tyrving.idrett.no\/10\/f\/?p=26439"},"modified":"2024-08-16T10:17:02","modified_gmt":"2024-08-16T08:17:02","slug":"da-er-ferien-over-og-treningene-starter-igjen","status":"publish","type":"post","link":"https:\/\/tyrving.idrett.no\/10\/f\/2024\/08\/16\/da-er-ferien-over-og-treningene-starter-igjen\/","title":{"rendered":"Da er ferien over og treningene starter igjen!"},"content":{"rendered":"<p>H\u00e5per samtlige har hatt en fin og minnerik sommerferie. Etter mange flotte resultater og gode plasseringer i b\u00e5de sm\u00e5 og store mesterskap er det dags for \u00e5rets siste del av utend\u00f8rsesongen.<\/p>\n<p>Vi har f\u00e5tt mange henvendelser fra unge og gamle som er inspirert av OL, og det h\u00e5per vi dere ogs\u00e5 er :-D<\/p>\n<p>Husk at vi har \u00e5pen p\u00e5melding til treningene s\u00e5 de som \u00f8nsker \u00e5 begynne p\u00e5 Allidrett eller Friidrett er hjertelig velkomne til \u00e5 begynne n\u00e5r som helst. Vi anbefaler likevel at man begynner rundt oppstartstider slik at man kommer godt inn i gruppen og f\u00e5r et godt treningsgrunnlag.<\/p>\n<p>Treningene starter igjen mandag 19.august og treningstidene ser dere<a href=\"https:\/\/tyrving.idrett.no\/10\/f\/vare-treningstider\/\"> her. <\/a><\/p>\n<p>Velkommen tilbake\/ velkommen til Tyrving!<\/p>\n","protected":false},"excerpt":{"rendered":"H\u00e5per samtlige har hatt en fin og minnerik sommerferie. Etter mange flotte resultater og gode plasseringer i b\u00e5de sm\u00e5 og store mesterskap er det dags for \u00e5rets siste del av utend\u00f8rsesongen. Vi har f\u00e5t&#8230;","protected":false},"author":48,"featured_media":26313,"comment_status":"closed","ping_status":"open","sticky":false,"template":"","format":"standard","meta":{"footnotes":"","_jetpack_memberships_contains_paid_content":false},"categories":[1],"tags":[],"acf":[],"yoast_head":"<!-- This site is optimized with the Yoast SEO plugin v21.2 - https:\/\/yoast.com\/wordpress\/plugins\/seo\/ -->\n<title>Da er ferien over og treningene starter igjen! - Tyrving - Friidrett<\/title>\n<meta name=\"robots\" content=\"index, follow, max-snippet:-1, max-image-preview:large, max-video-preview:-1\" \/>\n<link rel=\"canonical\" href=\"https:\/\/tyrving.idrett.no\/10\/f\/2024\/08\/16\/da-er-ferien-over-og-treningene-starter-igjen\/\" \/>\n<meta property=\"og:locale\" content=\"nb_NO\" \/>\n<meta property=\"og:type\" content=\"article\" \/>\n<meta property=\"og:title\" content=\"Da er ferien over og treningene starter igjen! - Tyrving - Friidrett\" \/>\n<meta property=\"og:description\" content=\"H\u00e5per samtlige har hatt en fin og minnerik sommerferie. Etter mange flotte resultater og gode plasseringer i b\u00e5de sm\u00e5 og store mesterskap er det dags for \u00e5rets siste del av utend\u00f8rsesongen. Vi har f\u00e5t...\" \/>\n<meta property=\"og:url\" content=\"https:\/\/tyrving.idrett.no\/10\/f\/2024\/08\/16\/da-er-ferien-over-og-treningene-starter-igjen\/\" \/>\n<meta property=\"og:site_name\" content=\"Tyrving - Friidrett\" \/>\n<meta property=\"article:published_time\" content=\"2024-08-16T05:47:31+00:00\" \/>\n<meta property=\"article:modified_time\" content=\"2024-08-16T08:17:02+00:00\" \/>\n<meta property=\"og:image\" content=\"https:\/\/tyrving.idrett.no\/10\/f\/files\/2024\/06\/NM-dag-1-6-1-scaled.jpg\" \/>\n\t<meta property=\"og:image:width\" content=\"1920\" \/>\n\t<meta property=\"og:image:height\" content=\"2560\" \/>\n\t<meta property=\"og:image:type\" content=\"image\/jpeg\" \/>\n<meta name=\"author\" content=\"Charlotte Lund Antonijevic\" \/>\n<meta name=\"twitter:card\" content=\"summary_large_image\" \/>\n<meta name=\"twitter:label1\" content=\"Skrevet av\" \/>\n\t<meta name=\"twitter:data1\" content=\"Charlotte Lund Antonijevic\" \/>\n\t<meta name=\"twitter:label2\" content=\"Ansl. lesetid\" \/>\n\t<meta name=\"twitter:data2\" content=\"1 minutt\" \/>\n<script type=\"application\/ld+json\" class=\"yoast-schema-graph\">{\"@context\":\"https:\/\/schema.org\",\"@graph\":[{\"@type\":\"Article\",\"@id\":\"https:\/\/tyrving.idrett.no\/10\/f\/2024\/08\/16\/da-er-ferien-over-og-treningene-starter-igjen\/#article\",\"isPartOf\":{\"@id\":\"https:\/\/tyrving.idrett.no\/10\/f\/2024\/08\/16\/da-er-ferien-over-og-treningene-starter-igjen\/\"},\"author\":{\"name\":\"Charlotte Lund Antonijevic\",\"@id\":\"https:\/\/tyrving.idrett.no\/10\/f\/#\/schema\/person\/7dadcbaa6c6ce09d9ae5345eb3181723\"},\"headline\":\"Da er ferien over og treningene starter igjen!\",\"datePublished\":\"2024-08-16T05:47:31+00:00\",\"dateModified\":\"2024-08-16T08:17:02+00:00\",\"mainEntityOfPage\":{\"@id\":\"https:\/\/tyrving.idrett.no\/10\/f\/2024\/08\/16\/da-er-ferien-over-og-treningene-starter-igjen\/\"},\"wordCount\":130,\"publisher\":{\"@id\":\"https:\/\/tyrving.idrett.no\/10\/f\/#organization\"},\"articleSection\":[\"Nyheter\"],\"inLanguage\":\"nb-NO\"},{\"@type\":\"WebPage\",\"@id\":\"https:\/\/tyrving.idrett.no\/10\/f\/2024\/08\/16\/da-er-ferien-over-og-treningene-starter-igjen\/\",\"url\":\"https:\/\/tyrving.idrett.no\/10\/f\/2024\/08\/16\/da-er-ferien-over-og-treningene-starter-igjen\/\",\"name\":\"Da er ferien over og treningene starter igjen! - Tyrving - Friidrett\",\"isPartOf\":{\"@id\":\"https:\/\/tyrving.idrett.no\/10\/f\/#website\"},\"datePublished\":\"2024-08-16T05:47:31+00:00\",\"dateModified\":\"2024-08-16T08:17:02+00:00\",\"breadcrumb\":{\"@id\":\"https:\/\/tyrving.idrett.no\/10\/f\/2024\/08\/16\/da-er-ferien-over-og-treningene-starter-igjen\/#breadcrumb\"},\"inLanguage\":\"nb-NO\",\"potentialAction\":[{\"@type\":\"ReadAction\",\"target\":[\"https:\/\/tyrving.idrett.no\/10\/f\/2024\/08\/16\/da-er-ferien-over-og-treningene-starter-igjen\/\"]}]},{\"@type\":\"BreadcrumbList\",\"@id\":\"https:\/\/tyrving.idrett.no\/10\/f\/2024\/08\/16\/da-er-ferien-over-og-treningene-starter-igjen\/#breadcrumb\",\"itemListElement\":[{\"@type\":\"ListItem\",\"position\":1,\"name\":\"Hjem\",\"item\":\"https:\/\/tyrving.idrett.no\/10\/f\/\"},{\"@type\":\"ListItem\",\"position\":2,\"name\":\"Da er ferien over og treningene starter igjen!\"}]},{\"@type\":\"WebSite\",\"@id\":\"https:\/\/tyrving.idrett.no\/10\/f\/#website\",\"url\":\"https:\/\/tyrving.idrett.no\/10\/f\/\",\"name\":\"Tyrving - Friidrett\",\"description\":\"Friidrettsgruppa\",\"publisher\":{\"@id\":\"https:\/\/tyrving.idrett.no\/10\/f\/#organization\"},\"potentialAction\":[{\"@type\":\"SearchAction\",\"target\":{\"@type\":\"EntryPoint\",\"urlTemplate\":\"https:\/\/tyrving.idrett.no\/10\/f\/?s={search_term_string}\"},\"query-input\":\"required name=search_term_string\"}],\"inLanguage\":\"nb-NO\"},{\"@type\":\"Organization\",\"@id\":\"https:\/\/tyrving.idrett.no\/10\/f\/#organization\",\"name\":\"Tyrving Friidrettsgruppa\",\"url\":\"https:\/\/tyrving.idrett.no\/10\/f\/\",\"logo\":{\"@type\":\"ImageObject\",\"inLanguage\":\"nb-NO\",\"@id\":\"https:\/\/tyrving.idrett.no\/10\/f\/#\/schema\/logo\/image\/\",\"url\":\"https:\/\/tyrving.idrett.no\/10\/f\/files\/2019\/04\/Tyrving-Logo-Friidrett-2019.jpg\",\"contentUrl\":\"https:\/\/tyrving.idrett.no\/10\/f\/files\/2019\/04\/Tyrving-Logo-Friidrett-2019.jpg\",\"width\":460,\"height\":360,\"caption\":\"Tyrving Friidrettsgruppa\"},\"image\":{\"@id\":\"https:\/\/tyrving.idrett.no\/10\/f\/#\/schema\/logo\/image\/\"}},{\"@type\":\"Person\",\"@id\":\"https:\/\/tyrving.idrett.no\/10\/f\/#\/schema\/person\/7dadcbaa6c6ce09d9ae5345eb3181723\",\"name\":\"Charlotte Lund Antonijevic\",\"image\":{\"@type\":\"ImageObject\",\"inLanguage\":\"nb-NO\",\"@id\":\"https:\/\/tyrving.idrett.no\/10\/f\/#\/schema\/person\/image\/\",\"url\":\"https:\/\/secure.gravatar.com\/avatar\/41b7979d7eef810adabb4f04d85c18d4?s=96&d=mm&r=g\",\"contentUrl\":\"https:\/\/secure.gravatar.com\/avatar\/41b7979d7eef810adabb4f04d85c18d4?s=96&d=mm&r=g\",\"caption\":\"Charlotte Lund Antonijevic\"}}]}<\/script>\n<!-- \/ Yoast SEO plugin. -->","yoast_head_json":{"title":"Da er ferien over og treningene starter igjen! - Tyrving - Friidrett","robots":{"index":"index","follow":"follow","max-snippet":"max-snippet:-1","max-image-preview":"max-image-preview:large","max-video-preview":"max-video-preview:-1"},"canonical":"https:\/\/tyrving.idrett.no\/10\/f\/2024\/08\/16\/da-er-ferien-over-og-treningene-starter-igjen\/","og_locale":"nb_NO","og_type":"article","og_title":"Da er ferien over og treningene starter igjen! - Tyrving - Friidrett","og_description":"H\u00e5per samtlige har hatt en fin og minnerik sommerferie. Etter mange flotte resultater og gode plasseringer i b\u00e5de sm\u00e5 og store mesterskap er det dags for \u00e5rets siste del av utend\u00f8rsesongen. Vi har f\u00e5t...","og_url":"https:\/\/tyrving.idrett.no\/10\/f\/2024\/08\/16\/da-er-ferien-over-og-treningene-starter-igjen\/","og_site_name":"Tyrving - Friidrett","article_published_time":"2024-08-16T05:47:31+00:00","article_modified_time":"2024-08-16T08:17:02+00:00","og_image":[{"width":1920,"height":2560,"url":"https:\/\/tyrving.idrett.no\/10\/f\/files\/2024\/06\/NM-dag-1-6-1-scaled.jpg","type":"image\/jpeg"}],"author":"Charlotte Lund Antonijevic","twitter_card":"summary_large_image","twitter_misc":{"Skrevet av":"Charlotte Lund Antonijevic","Ansl. lesetid":"1 minutt"},"schema":{"@context":"https:\/\/schema.org","@graph":[{"@type":"Article","@id":"https:\/\/tyrving.idrett.no\/10\/f\/2024\/08\/16\/da-er-ferien-over-og-treningene-starter-igjen\/#article","isPartOf":{"@id":"https:\/\/tyrving.idrett.no\/10\/f\/2024\/08\/16\/da-er-ferien-over-og-treningene-starter-igjen\/"},"author":{"name":"Charlotte Lund Antonijevic","@id":"https:\/\/tyrving.idrett.no\/10\/f\/#\/schema\/person\/7dadcbaa6c6ce09d9ae5345eb3181723"},"headline":"Da er ferien over og treningene starter igjen!","datePublished":"2024-08-16T05:47:31+00:00","dateModified":"2024-08-16T08:17:02+00:00","mainEntityOfPage":{"@id":"https:\/\/tyrving.idrett.no\/10\/f\/2024\/08\/16\/da-er-ferien-over-og-treningene-starter-igjen\/"},"wordCount":130,"publisher":{"@id":"https:\/\/tyrving.idrett.no\/10\/f\/#organization"},"articleSection":["Nyheter"],"inLanguage":"nb-NO"},{"@type":"WebPage","@id":"https:\/\/tyrving.idrett.no\/10\/f\/2024\/08\/16\/da-er-ferien-over-og-treningene-starter-igjen\/","url":"https:\/\/tyrving.idrett.no\/10\/f\/2024\/08\/16\/da-er-ferien-over-og-treningene-starter-igjen\/","name":"Da er ferien over og treningene starter igjen! - Tyrving - Friidrett","isPartOf":{"@id":"https:\/\/tyrving.idrett.no\/10\/f\/#website"},"datePublished":"2024-08-16T05:47:31+00:00","dateModified":"2024-08-16T08:17:02+00:00","breadcrumb":{"@id":"https:\/\/tyrving.idrett.no\/10\/f\/2024\/08\/16\/da-er-ferien-over-og-treningene-starter-igjen\/#breadcrumb"},"inLanguage":"nb-NO","potentialAction":[{"@type":"ReadAction","target":["https:\/\/tyrving.idrett.no\/10\/f\/2024\/08\/16\/da-er-ferien-over-og-treningene-starter-igjen\/"]}]},{"@type":"BreadcrumbList","@id":"https:\/\/tyrving.idrett.no\/10\/f\/2024\/08\/16\/da-er-ferien-over-og-treningene-starter-igjen\/#breadcrumb","itemListElement":[{"@type":"ListItem","position":1,"name":"Hjem","item":"https:\/\/tyrving.idrett.no\/10\/f\/"},{"@type":"ListItem","position":2,"name":"Da er ferien over og treningene starter igjen!"}]},{"@type":"WebSite","@id":"https:\/\/tyrving.idrett.no\/10\/f\/#website","url":"https:\/\/tyrving.idrett.no\/10\/f\/","name":"Tyrving - Friidrett","description":"Friidrettsgruppa","publisher":{"@id":"https:\/\/tyrving.idrett.no\/10\/f\/#organization"},"potentialAction":[{"@type":"SearchAction","target":{"@type":"EntryPoint","urlTemplate":"https:\/\/tyrving.idrett.no\/10\/f\/?s={search_term_string}"},"query-input":"required name=search_term_string"}],"inLanguage":"nb-NO"},{"@type":"Organization","@id":"https:\/\/tyrving.idrett.no\/10\/f\/#organization","name":"Tyrving Friidrettsgruppa","url":"https:\/\/tyrving.idrett.no\/10\/f\/","logo":{"@type":"ImageObject","inLanguage":"nb-NO","@id":"https:\/\/tyrving.idrett.no\/10\/f\/#\/schema\/logo\/image\/","url":"https:\/\/tyrving.idrett.no\/10\/f\/files\/2019\/04\/Tyrving-Logo-Friidrett-2019.jpg","contentUrl":"https:\/\/tyrving.idrett.no\/10\/f\/files\/2019\/04\/Tyrving-Logo-Friidrett-2019.jpg","width":460,"height":360,"caption":"Tyrving Friidrettsgruppa"},"image":{"@id":"https:\/\/tyrving.idrett.no\/10\/f\/#\/schema\/logo\/image\/"}},{"@type":"Person","@id":"https:\/\/tyrving.idrett.no\/10\/f\/#\/schema\/person\/7dadcbaa6c6ce09d9ae5345eb3181723","name":"Charlotte Lund Antonijevic","image":{"@type":"ImageObject","inLanguage":"nb-NO","@id":"https:\/\/tyrving.idrett.no\/10\/f\/#\/schema\/person\/image\/","url":"https:\/\/secure.gravatar.com\/avatar\/41b7979d7eef810adabb4f04d85c18d4?s=96&d=mm&r=g","contentUrl":"https:\/\/secure.gravatar.com\/avatar\/41b7979d7eef810adabb4f04d85c18d4?s=96&d=mm&r=g","caption":"Charlotte Lund Antonijevic"}}]}},"jetpack_sharing_enabled":true,"jetpack_featured_media_url":"https:\/\/tyrving.idrett.no\/10\/f\/files\/2024\/06\/NM-dag-1-6-1-scaled.jpg","_links":{"self":[{"href":"https:\/\/tyrving.idrett.no\/10\/f\/wp-json\/wp\/v2\/posts\/26439"}],"collection":[{"href":"https:\/\/tyrving.idrett.no\/10\/f\/wp-json\/wp\/v2\/posts"}],"about":[{"href":"https:\/\/tyrving.idrett.no\/10\/f\/wp-json\/wp\/v2\/types\/post"}],"author":[{"embeddable":true,"href":"https:\/\/tyrving.idrett.no\/10\/f\/wp-json\/wp\/v2\/users\/48"}],"replies":[{"embeddable":true,"href":"https:\/\/tyrving.idrett.no\/10\/f\/wp-json\/wp\/v2\/comments?post=26439"}],"version-history":[{"count":4,"href":"https:\/\/tyrving.idrett.no\/10\/f\/wp-json\/wp\/v2\/posts\/26439\/revisions"}],"predecessor-version":[{"id":26443,"href":"https:\/\/tyrving.idrett.no\/10\/f\/wp-json\/wp\/v2\/posts\/26439\/revisions\/26443"}],"wp:featuredmedia":[{"embeddable":true,"href":"https:\/\/tyrving.idrett.no\/10\/f\/wp-json\/wp\/v2\/media\/26313"}],"wp:attachment":[{"href":"https:\/\/tyrving.idrett.no\/10\/f\/wp-json\/wp\/v2\/media?parent=26439"}],"wp:term":[{"taxonomy":"category","embeddable":true,"href":"https:\/\/tyrving.idrett.no\/10\/f\/wp-json\/wp\/v2\/categories?post=26439"},{"taxonomy":"post_tag","embeddable":true,"href":"https:\/\/tyrving.idrett.no\/10\/f\/wp-json\/wp\/v2\/tags?post=26439"}],"curies":[{"name":"wp","href":"https:\/\/api.w.org\/{rel}","templated":true}]}}