{"id":27452,"date":"2025-04-10T09:13:19","date_gmt":"2025-04-10T07:13:19","guid":{"rendered":"https:\/\/tyrving.idrett.no\/10\/f\/?p=27452"},"modified":"2025-04-10T09:14:00","modified_gmt":"2025-04-10T07:14:00","slug":"tyrving-il","status":"publish","type":"post","link":"https:\/\/tyrving.idrett.no\/10\/f\/2025\/04\/10\/tyrving-il\/","title":{"rendered":"Vi er valgt som arrang\u00f8r av Hovedmesterskapet i 2027!"},"content":{"rendered":"<p>Norges Friidrettsforbunds Ting arrangeres hvert annet \u00e5r og det store h\u00f8ydepunktet er alltid tildelingen av NM for de to neste \u00e5rene. Denne gangen sto kampen om \u00e5 f\u00e5 arrangere norgesmesterskapene i 2027 og 2028. Mesterskapet i 2028 skal g\u00e5 bare en uke etter Tyrvinglekene det \u00e5ret, s\u00e5 vi i Tyrving valgte \u00e5 konsentrere oss om 2027-utgaven. Det var t\u00f8ff konkurranse; erfarne s\u00f8kere som Ull-Kisa, Sandnes og Trondheimsklubbene \u2013 arrang\u00f8rer av NM i henholdsvis 2023, 2024 og 2026 \u2013 var ogs\u00e5 p\u00e5 s\u00f8kelisten. Vi samarbeidet med Ull-Kisa i prosessen, slik at de trakk seg i kampen om 2027, mens vi st\u00f8ttet deres kandidatur for 2028. Det var h\u00f8y puls i minuttene frem til og under avstemningen, men til slutt var det en komfortabel seier hvor vi fikk 2\/3 av stemmene! Ull-Kisa p\u00e5 sin side stakk av 2028-jobben.<\/p>\n<p>&nbsp;<\/p>\n<p>I v\u00e5r presentasjon la vi vekt p\u00e5 at det var s\u00e5 uendelig mye lenger siden vi hadde arrangert NM enn de viktigste konkurrentene. I 2027 vil det nemlig v\u00e6re 61 \u00e5r siden Tyrving sist var vertskap for NM. Det gikk p\u00e5 Nadderud i 1966 og var en stor suksess for Tyrving. Ikke bare gikk mesterskapet p\u00e5 arrangmentsmessige skinner, men v\u00e5re ut\u00f8vere var hyppig \u00e5 se p\u00e5 pallen. Vel, i hvert fall v\u00e5re kvinnelige ut\u00f8vere som tok 11 medaljer hvorav fire gull! Norsk friidretts store stjerne, v\u00e5r egen Berit Berthelsen vant 200, 400 og lengde og tok bronsemedalje p\u00e5 100 meter. Resultatet hennes i lengde, 6,34, kvalifiserte ogs\u00e5 til Kongepokal. Berit var jo en ut\u00f8ver i verdensklasse og ble Norges f\u00f8rste kvinnelige europamester da hun vant EM innend\u00f8rs i Praha \u00e5ret etter NM p\u00e5 hjemmebane. Der hoppet hun 6,51 og satte en norsk innend\u00f8rsrekord som f\u00f8rst ble sl\u00e5tt i fjor \u2013 etter 57 \u00e5r! Det var ogs\u00e5 Berit som sto for den offisielle \u00e5pningen av B\u00e6rum Idrettspark p\u00e5 bursdagen sin i 2013!<\/p>\n<p>&nbsp;<\/p>\n<p>NM er et stort og krevende arrangement med direkte TV-overf\u00f8ring alle tre dager. Det betyr at det er lite rom for feiling og vi kommer til \u00e5 f\u00e5 god bruk for erfaringene fra alle v\u00e5re \u00e5r med store stevner. Tyrvinglekene utend\u00f8rs er jo som kjent det desidert st\u00f8rste stevnet i Norge (i 75 \u00e5r!) \u2013 dobbelt s\u00e5 stort som det neste \u2013 bortsett fra v\u00e5rt eget Tyrvinglekene innend\u00f8rs! Vi har jo ogs\u00e5 arrangert mesterskap og landskamper i \u00e5revis. Vi har dessuten knyttet til oss Rune Stenersen som var administrativ ansvarlig i Bislettalliansen i mange \u00e5r, og som er sjef for de to f\u00f8rste Diamond League-stevnene i \u00e5r som begge g\u00e5r i Kina. Rune vil v\u00e6re daglig leder for NM 2027. Rektor ved Universitetet i Oslo og leder av hovedstyret i\u00a0Tyrving, Svein St\u00f8len, har sagt seg villig til \u00e5 lede hovedkomiteen. Vi vil selvsagt holde dere orientert om progresjonen i arbeidet frem mot de store dagene i 2027!<\/p>\n<p>&nbsp;<\/p>\n<p>N\u00e5 begynner den krevende planlegningen frem mot mesterskapet hvor det ikke bare er sportslige og arrangementsmessige utfordringer, men ogs\u00e5 en mulighet til \u00e5 generere store sponsorinntekter siden vi f\u00e5r tre dagers direktesending p\u00e5 TV. La oss virkelig tr\u00e5kke p\u00e5 gassen i fellesskap og s\u00f8rge for at vi er maksimalt forberedt b\u00e5de organisatorisk og sportslig!<\/p>\n<p>For\u00f8vrig, og som en god trening til NM i 2027, skal Tyrving ogs\u00e5 arrangere UM 2026 i B\u00e6rum Idrettspark. Dette mesterskapet som samler de beste 15-19 \u00e5ringene i landet vil skje omtrent siste helgen i august, og vil gi oss god mulighet til \u00e5 teste b\u00e5de utstyr og deler av arrang\u00f8rstaben. \u00a0Som dere skj\u00f8nner er det gode muligheter til \u00e5 v\u00e6re med p\u00e5 mye moro p\u00e5 arrang\u00f8rsiden i Tyrving framover, b\u00e5de for ut\u00f8vere og frivillige.<\/p>\n","protected":false},"excerpt":{"rendered":"Norges Friidrettsforbunds Ting arrangeres hvert annet \u00e5r og det store h\u00f8ydepunktet er alltid tildelingen av NM for de to neste \u00e5rene. Denne gangen sto kampen om \u00e5 f\u00e5 arrangere norgesmesterskapene i 20&#8230;","protected":false},"author":48,"featured_media":27453,"comment_status":"closed","ping_status":"open","sticky":false,"template":"","format":"standard","meta":{"footnotes":"","_jetpack_memberships_contains_paid_content":false},"categories":[1],"tags":[],"acf":[],"yoast_head":"<!-- This site is optimized with the Yoast SEO plugin v21.2 - https:\/\/yoast.com\/wordpress\/plugins\/seo\/ -->\n<title>Vi er valgt som arrang\u00f8r av Hovedmesterskapet i 2027! - Tyrving - Friidrett<\/title>\n<meta name=\"robots\" content=\"index, follow, max-snippet:-1, max-image-preview:large, max-video-preview:-1\" \/>\n<link rel=\"canonical\" href=\"https:\/\/tyrving.idrett.no\/10\/f\/2025\/04\/10\/tyrving-il\/\" \/>\n<meta property=\"og:locale\" content=\"nb_NO\" \/>\n<meta property=\"og:type\" content=\"article\" \/>\n<meta property=\"og:title\" content=\"Vi er valgt som arrang\u00f8r av Hovedmesterskapet i 2027! - Tyrving - Friidrett\" \/>\n<meta property=\"og:description\" content=\"Norges Friidrettsforbunds Ting arrangeres hvert annet \u00e5r og det store h\u00f8ydepunktet er alltid tildelingen av NM for de to neste \u00e5rene. Denne gangen sto kampen om \u00e5 f\u00e5 arrangere norgesmesterskapene i 20...\" \/>\n<meta property=\"og:url\" content=\"https:\/\/tyrving.idrett.no\/10\/f\/2025\/04\/10\/tyrving-il\/\" \/>\n<meta property=\"og:site_name\" content=\"Tyrving - Friidrett\" \/>\n<meta property=\"article:published_time\" content=\"2025-04-10T07:13:19+00:00\" \/>\n<meta property=\"article:modified_time\" content=\"2025-04-10T07:14:00+00:00\" \/>\n<meta property=\"og:image\" content=\"https:\/\/tyrving.idrett.no\/10\/f\/files\/2025\/04\/IMG_1187-1-scaled.jpg\" \/>\n\t<meta property=\"og:image:width\" content=\"2560\" \/>\n\t<meta property=\"og:image:height\" content=\"1920\" \/>\n\t<meta property=\"og:image:type\" content=\"image\/jpeg\" \/>\n<meta name=\"author\" content=\"Charlotte Lund Antonijevic\" \/>\n<meta name=\"twitter:card\" content=\"summary_large_image\" \/>\n<meta name=\"twitter:label1\" content=\"Skrevet av\" \/>\n\t<meta name=\"twitter:data1\" content=\"Charlotte Lund Antonijevic\" \/>\n\t<meta name=\"twitter:label2\" content=\"Ansl. lesetid\" \/>\n\t<meta name=\"twitter:data2\" content=\"4 minutter\" \/>\n<script type=\"application\/ld+json\" class=\"yoast-schema-graph\">{\"@context\":\"https:\/\/schema.org\",\"@graph\":[{\"@type\":\"Article\",\"@id\":\"https:\/\/tyrving.idrett.no\/10\/f\/2025\/04\/10\/tyrving-il\/#article\",\"isPartOf\":{\"@id\":\"https:\/\/tyrving.idrett.no\/10\/f\/2025\/04\/10\/tyrving-il\/\"},\"author\":{\"name\":\"Charlotte Lund Antonijevic\",\"@id\":\"https:\/\/tyrving.idrett.no\/10\/f\/#\/schema\/person\/7dadcbaa6c6ce09d9ae5345eb3181723\"},\"headline\":\"Vi er valgt som arrang\u00f8r av Hovedmesterskapet i 2027!\",\"datePublished\":\"2025-04-10T07:13:19+00:00\",\"dateModified\":\"2025-04-10T07:14:00+00:00\",\"mainEntityOfPage\":{\"@id\":\"https:\/\/tyrving.idrett.no\/10\/f\/2025\/04\/10\/tyrving-il\/\"},\"wordCount\":612,\"publisher\":{\"@id\":\"https:\/\/tyrving.idrett.no\/10\/f\/#organization\"},\"articleSection\":[\"Nyheter\"],\"inLanguage\":\"nb-NO\"},{\"@type\":\"WebPage\",\"@id\":\"https:\/\/tyrving.idrett.no\/10\/f\/2025\/04\/10\/tyrving-il\/\",\"url\":\"https:\/\/tyrving.idrett.no\/10\/f\/2025\/04\/10\/tyrving-il\/\",\"name\":\"Vi er valgt som arrang\u00f8r av Hovedmesterskapet i 2027! - Tyrving - Friidrett\",\"isPartOf\":{\"@id\":\"https:\/\/tyrving.idrett.no\/10\/f\/#website\"},\"datePublished\":\"2025-04-10T07:13:19+00:00\",\"dateModified\":\"2025-04-10T07:14:00+00:00\",\"breadcrumb\":{\"@id\":\"https:\/\/tyrving.idrett.no\/10\/f\/2025\/04\/10\/tyrving-il\/#breadcrumb\"},\"inLanguage\":\"nb-NO\",\"potentialAction\":[{\"@type\":\"ReadAction\",\"target\":[\"https:\/\/tyrving.idrett.no\/10\/f\/2025\/04\/10\/tyrving-il\/\"]}]},{\"@type\":\"BreadcrumbList\",\"@id\":\"https:\/\/tyrving.idrett.no\/10\/f\/2025\/04\/10\/tyrving-il\/#breadcrumb\",\"itemListElement\":[{\"@type\":\"ListItem\",\"position\":1,\"name\":\"Hjem\",\"item\":\"https:\/\/tyrving.idrett.no\/10\/f\/\"},{\"@type\":\"ListItem\",\"position\":2,\"name\":\"Vi er valgt som arrang\u00f8r av Hovedmesterskapet i 2027!\"}]},{\"@type\":\"WebSite\",\"@id\":\"https:\/\/tyrving.idrett.no\/10\/f\/#website\",\"url\":\"https:\/\/tyrving.idrett.no\/10\/f\/\",\"name\":\"Tyrving - Friidrett\",\"description\":\"Friidrettsgruppa\",\"publisher\":{\"@id\":\"https:\/\/tyrving.idrett.no\/10\/f\/#organization\"},\"potentialAction\":[{\"@type\":\"SearchAction\",\"target\":{\"@type\":\"EntryPoint\",\"urlTemplate\":\"https:\/\/tyrving.idrett.no\/10\/f\/?s={search_term_string}\"},\"query-input\":\"required name=search_term_string\"}],\"inLanguage\":\"nb-NO\"},{\"@type\":\"Organization\",\"@id\":\"https:\/\/tyrving.idrett.no\/10\/f\/#organization\",\"name\":\"Tyrving Friidrettsgruppa\",\"url\":\"https:\/\/tyrving.idrett.no\/10\/f\/\",\"logo\":{\"@type\":\"ImageObject\",\"inLanguage\":\"nb-NO\",\"@id\":\"https:\/\/tyrving.idrett.no\/10\/f\/#\/schema\/logo\/image\/\",\"url\":\"https:\/\/tyrving.idrett.no\/10\/f\/files\/2019\/04\/Tyrving-Logo-Friidrett-2019.jpg\",\"contentUrl\":\"https:\/\/tyrving.idrett.no\/10\/f\/files\/2019\/04\/Tyrving-Logo-Friidrett-2019.jpg\",\"width\":460,\"height\":360,\"caption\":\"Tyrving Friidrettsgruppa\"},\"image\":{\"@id\":\"https:\/\/tyrving.idrett.no\/10\/f\/#\/schema\/logo\/image\/\"}},{\"@type\":\"Person\",\"@id\":\"https:\/\/tyrving.idrett.no\/10\/f\/#\/schema\/person\/7dadcbaa6c6ce09d9ae5345eb3181723\",\"name\":\"Charlotte Lund Antonijevic\",\"image\":{\"@type\":\"ImageObject\",\"inLanguage\":\"nb-NO\",\"@id\":\"https:\/\/tyrving.idrett.no\/10\/f\/#\/schema\/person\/image\/\",\"url\":\"https:\/\/secure.gravatar.com\/avatar\/41b7979d7eef810adabb4f04d85c18d4?s=96&d=mm&r=g\",\"contentUrl\":\"https:\/\/secure.gravatar.com\/avatar\/41b7979d7eef810adabb4f04d85c18d4?s=96&d=mm&r=g\",\"caption\":\"Charlotte Lund Antonijevic\"}}]}<\/script>\n<!-- \/ Yoast SEO plugin. -->","yoast_head_json":{"title":"Vi er valgt som arrang\u00f8r av Hovedmesterskapet i 2027! - Tyrving - Friidrett","robots":{"index":"index","follow":"follow","max-snippet":"max-snippet:-1","max-image-preview":"max-image-preview:large","max-video-preview":"max-video-preview:-1"},"canonical":"https:\/\/tyrving.idrett.no\/10\/f\/2025\/04\/10\/tyrving-il\/","og_locale":"nb_NO","og_type":"article","og_title":"Vi er valgt som arrang\u00f8r av Hovedmesterskapet i 2027! - Tyrving - Friidrett","og_description":"Norges Friidrettsforbunds Ting arrangeres hvert annet \u00e5r og det store h\u00f8ydepunktet er alltid tildelingen av NM for de to neste \u00e5rene. Denne gangen sto kampen om \u00e5 f\u00e5 arrangere norgesmesterskapene i 20...","og_url":"https:\/\/tyrving.idrett.no\/10\/f\/2025\/04\/10\/tyrving-il\/","og_site_name":"Tyrving - Friidrett","article_published_time":"2025-04-10T07:13:19+00:00","article_modified_time":"2025-04-10T07:14:00+00:00","og_image":[{"width":2560,"height":1920,"url":"https:\/\/tyrving.idrett.no\/10\/f\/files\/2025\/04\/IMG_1187-1-scaled.jpg","type":"image\/jpeg"}],"author":"Charlotte Lund Antonijevic","twitter_card":"summary_large_image","twitter_misc":{"Skrevet av":"Charlotte Lund Antonijevic","Ansl. lesetid":"4 minutter"},"schema":{"@context":"https:\/\/schema.org","@graph":[{"@type":"Article","@id":"https:\/\/tyrving.idrett.no\/10\/f\/2025\/04\/10\/tyrving-il\/#article","isPartOf":{"@id":"https:\/\/tyrving.idrett.no\/10\/f\/2025\/04\/10\/tyrving-il\/"},"author":{"name":"Charlotte Lund Antonijevic","@id":"https:\/\/tyrving.idrett.no\/10\/f\/#\/schema\/person\/7dadcbaa6c6ce09d9ae5345eb3181723"},"headline":"Vi er valgt som arrang\u00f8r av Hovedmesterskapet i 2027!","datePublished":"2025-04-10T07:13:19+00:00","dateModified":"2025-04-10T07:14:00+00:00","mainEntityOfPage":{"@id":"https:\/\/tyrving.idrett.no\/10\/f\/2025\/04\/10\/tyrving-il\/"},"wordCount":612,"publisher":{"@id":"https:\/\/tyrving.idrett.no\/10\/f\/#organization"},"articleSection":["Nyheter"],"inLanguage":"nb-NO"},{"@type":"WebPage","@id":"https:\/\/tyrving.idrett.no\/10\/f\/2025\/04\/10\/tyrving-il\/","url":"https:\/\/tyrving.idrett.no\/10\/f\/2025\/04\/10\/tyrving-il\/","name":"Vi er valgt som arrang\u00f8r av Hovedmesterskapet i 2027! - Tyrving - Friidrett","isPartOf":{"@id":"https:\/\/tyrving.idrett.no\/10\/f\/#website"},"datePublished":"2025-04-10T07:13:19+00:00","dateModified":"2025-04-10T07:14:00+00:00","breadcrumb":{"@id":"https:\/\/tyrving.idrett.no\/10\/f\/2025\/04\/10\/tyrving-il\/#breadcrumb"},"inLanguage":"nb-NO","potentialAction":[{"@type":"ReadAction","target":["https:\/\/tyrving.idrett.no\/10\/f\/2025\/04\/10\/tyrving-il\/"]}]},{"@type":"BreadcrumbList","@id":"https:\/\/tyrving.idrett.no\/10\/f\/2025\/04\/10\/tyrving-il\/#breadcrumb","itemListElement":[{"@type":"ListItem","position":1,"name":"Hjem","item":"https:\/\/tyrving.idrett.no\/10\/f\/"},{"@type":"ListItem","position":2,"name":"Vi er valgt som arrang\u00f8r av Hovedmesterskapet i 2027!"}]},{"@type":"WebSite","@id":"https:\/\/tyrving.idrett.no\/10\/f\/#website","url":"https:\/\/tyrving.idrett.no\/10\/f\/","name":"Tyrving - Friidrett","description":"Friidrettsgruppa","publisher":{"@id":"https:\/\/tyrving.idrett.no\/10\/f\/#organization"},"potentialAction":[{"@type":"SearchAction","target":{"@type":"EntryPoint","urlTemplate":"https:\/\/tyrving.idrett.no\/10\/f\/?s={search_term_string}"},"query-input":"required name=search_term_string"}],"inLanguage":"nb-NO"},{"@type":"Organization","@id":"https:\/\/tyrving.idrett.no\/10\/f\/#organization","name":"Tyrving Friidrettsgruppa","url":"https:\/\/tyrving.idrett.no\/10\/f\/","logo":{"@type":"ImageObject","inLanguage":"nb-NO","@id":"https:\/\/tyrving.idrett.no\/10\/f\/#\/schema\/logo\/image\/","url":"https:\/\/tyrving.idrett.no\/10\/f\/files\/2019\/04\/Tyrving-Logo-Friidrett-2019.jpg","contentUrl":"https:\/\/tyrving.idrett.no\/10\/f\/files\/2019\/04\/Tyrving-Logo-Friidrett-2019.jpg","width":460,"height":360,"caption":"Tyrving Friidrettsgruppa"},"image":{"@id":"https:\/\/tyrving.idrett.no\/10\/f\/#\/schema\/logo\/image\/"}},{"@type":"Person","@id":"https:\/\/tyrving.idrett.no\/10\/f\/#\/schema\/person\/7dadcbaa6c6ce09d9ae5345eb3181723","name":"Charlotte Lund Antonijevic","image":{"@type":"ImageObject","inLanguage":"nb-NO","@id":"https:\/\/tyrving.idrett.no\/10\/f\/#\/schema\/person\/image\/","url":"https:\/\/secure.gravatar.com\/avatar\/41b7979d7eef810adabb4f04d85c18d4?s=96&d=mm&r=g","contentUrl":"https:\/\/secure.gravatar.com\/avatar\/41b7979d7eef810adabb4f04d85c18d4?s=96&d=mm&r=g","caption":"Charlotte Lund Antonijevic"}}]}},"jetpack_sharing_enabled":true,"jetpack_featured_media_url":"https:\/\/tyrving.idrett.no\/10\/f\/files\/2025\/04\/IMG_1187-1-scaled.jpg","_links":{"self":[{"href":"https:\/\/tyrving.idrett.no\/10\/f\/wp-json\/wp\/v2\/posts\/27452"}],"collection":[{"href":"https:\/\/tyrving.idrett.no\/10\/f\/wp-json\/wp\/v2\/posts"}],"about":[{"href":"https:\/\/tyrving.idrett.no\/10\/f\/wp-json\/wp\/v2\/types\/post"}],"author":[{"embeddable":true,"href":"https:\/\/tyrving.idrett.no\/10\/f\/wp-json\/wp\/v2\/users\/48"}],"replies":[{"embeddable":true,"href":"https:\/\/tyrving.idrett.no\/10\/f\/wp-json\/wp\/v2\/comments?post=27452"}],"version-history":[{"count":2,"href":"https:\/\/tyrving.idrett.no\/10\/f\/wp-json\/wp\/v2\/posts\/27452\/revisions"}],"predecessor-version":[{"id":27455,"href":"https:\/\/tyrving.idrett.no\/10\/f\/wp-json\/wp\/v2\/posts\/27452\/revisions\/27455"}],"wp:featuredmedia":[{"embeddable":true,"href":"https:\/\/tyrving.idrett.no\/10\/f\/wp-json\/wp\/v2\/media\/27453"}],"wp:attachment":[{"href":"https:\/\/tyrving.idrett.no\/10\/f\/wp-json\/wp\/v2\/media?parent=27452"}],"wp:term":[{"taxonomy":"category","embeddable":true,"href":"https:\/\/tyrving.idrett.no\/10\/f\/wp-json\/wp\/v2\/categories?post=27452"},{"taxonomy":"post_tag","embeddable":true,"href":"https:\/\/tyrving.idrett.no\/10\/f\/wp-json\/wp\/v2\/tags?post=27452"}],"curies":[{"name":"wp","href":"https:\/\/api.w.org\/{rel}","templated":true}]}}