{"id":27643,"date":"2025-07-07T09:27:38","date_gmt":"2025-07-07T07:27:38","guid":{"rendered":"https:\/\/tyrving.idrett.no\/10\/f\/?p=27643"},"modified":"2025-07-07T09:27:38","modified_gmt":"2025-07-07T07:27:38","slug":"pamelding-landslagets-friidrettsskole","status":"publish","type":"post","link":"https:\/\/tyrving.idrett.no\/10\/f\/2025\/07\/07\/pamelding-landslagets-friidrettsskole\/","title":{"rendered":"P\u00e5melding Landslagets Friidrettsskole"},"content":{"rendered":"<p>Vi opplever stor interesse for s\u00e6rlig siste ukene av Friidrettsskolen. Det er fortsatt mulig \u00e5 melde seg p\u00e5 uke 32 og 33.<\/p>\n<p>&nbsp;<\/p>\n<p>Leder for skolen i \u00e5r er ingen ringere end Cathrine Lars\u00e5sen.<\/p>\n<p>&nbsp;<\/p>\n<p>Les en kort intro fra Cathrine:<\/p>\n<p>Jeg heter Cathrine Lars\u00e5sen, og jeg skal ha hovedansvaret for uka.<\/p>\n<p>Sammen med meg har jeg et super team best\u00e5ende av Vilde og Clara \u2013 to dyktige og engasjerte trenere fra Tyrving &#x1f4aa;&#x1f3fb;&#x1f4aa;&#x1f3fb;<\/p>\n<p>&nbsp;<\/p>\n<p>Litt om meg: Jeg har v\u00e6rt aktiv innen friidrett i mange \u00e5r, med fokus p\u00e5 stavhopp. P\u00e5 veien har jeg satt 27 norske rekorder, vunnet 11 NM-gull, og representert Norge i b\u00e5de EM og VM.<\/p>\n<p>&nbsp;<\/p>\n<p>Men det aller viktigste for meg n\u00e5, er \u00e5 skape en uke fylt med glede, aktivitet og mestring for barna!<\/p>\n<p>&nbsp;<\/p>\n<p>Vi har lagt opp et variert og morsomt program, med masse lek, ulike friidretts\u00f8velser, samarbeid og sosialt samv\u00e6r. Her er det plass til alle \u2013 uansett niv\u00e5 \u2013 og v\u00e5rt m\u00e5l er at alle skal f\u00f8le seg sett, inkludert og oppleve mestring gjennom hele uka &#x1f600; &#x1f392; Onsdag drar vi p\u00e5 tur til KIF-hytta, hvor vi skal ha en annerledes og g\u00f8yal dag med sprell og uteaktiviteter \u2013 noe barna definitivt kan glede seg til! &#x1f31f;<\/p>\n<p>&nbsp;<\/p>\n<p>Praktisk info: &#x1f4cd; Sted: B\u00e6rum Idrettspark &#x1f558; Tid: Mandag\u2013fredag kl. 09:00\u201315:00<\/p>\n<p>&nbsp;<\/p>\n<p>P\u00e5melding og mer info:\u00a0<a href=\"https:\/\/tyrving.idrett.no\/10\/f\/friidrettsskolen\/\">Friidrettsskolen \u2013 Tyrving \u2013 Friidrett<\/a><\/p>\n","protected":false},"excerpt":{"rendered":"Vi opplever stor interesse for s\u00e6rlig siste ukene av Friidrettsskolen. Det er fortsatt mulig \u00e5 melde seg p\u00e5 uke 32 og 33. &nbsp; Leder for skolen i \u00e5r er ingen ringere end Cathrine Lars\u00e5sen. &nbsp; Le&#8230;","protected":false},"author":46,"featured_media":27606,"comment_status":"closed","ping_status":"open","sticky":false,"template":"","format":"standard","meta":{"footnotes":"","_jetpack_memberships_contains_paid_content":false},"categories":[1],"tags":[],"acf":[],"yoast_head":"<!-- This site is optimized with the Yoast SEO plugin v21.2 - https:\/\/yoast.com\/wordpress\/plugins\/seo\/ -->\n<title>P\u00e5melding Landslagets Friidrettsskole - Tyrving - Friidrett<\/title>\n<meta name=\"robots\" content=\"index, follow, max-snippet:-1, max-image-preview:large, max-video-preview:-1\" \/>\n<link rel=\"canonical\" href=\"https:\/\/tyrving.idrett.no\/10\/f\/2025\/07\/07\/pamelding-landslagets-friidrettsskole\/\" \/>\n<meta property=\"og:locale\" content=\"nb_NO\" \/>\n<meta property=\"og:type\" content=\"article\" \/>\n<meta property=\"og:title\" content=\"P\u00e5melding Landslagets Friidrettsskole - Tyrving - Friidrett\" \/>\n<meta property=\"og:description\" content=\"Vi opplever stor interesse for s\u00e6rlig siste ukene av Friidrettsskolen. Det er fortsatt mulig \u00e5 melde seg p\u00e5 uke 32 og 33. &nbsp; Leder for skolen i \u00e5r er ingen ringere end Cathrine Lars\u00e5sen. &nbsp; Le...\" \/>\n<meta property=\"og:url\" content=\"https:\/\/tyrving.idrett.no\/10\/f\/2025\/07\/07\/pamelding-landslagets-friidrettsskole\/\" \/>\n<meta property=\"og:site_name\" content=\"Tyrving - Friidrett\" \/>\n<meta property=\"article:published_time\" content=\"2025-07-07T07:27:38+00:00\" \/>\n<meta property=\"og:image\" content=\"https:\/\/tyrving.idrett.no\/10\/f\/files\/2025\/06\/friidrettsskole-225x300-1.jpg\" \/>\n\t<meta property=\"og:image:width\" content=\"225\" \/>\n\t<meta property=\"og:image:height\" content=\"186\" \/>\n\t<meta property=\"og:image:type\" content=\"image\/jpeg\" \/>\n<meta name=\"author\" content=\"mortenjensen\" \/>\n<meta name=\"twitter:card\" content=\"summary_large_image\" \/>\n<meta name=\"twitter:label1\" content=\"Skrevet av\" \/>\n\t<meta name=\"twitter:data1\" content=\"mortenjensen\" \/>\n\t<meta name=\"twitter:label2\" content=\"Ansl. lesetid\" \/>\n\t<meta name=\"twitter:data2\" content=\"2 minutter\" \/>\n<script type=\"application\/ld+json\" class=\"yoast-schema-graph\">{\"@context\":\"https:\/\/schema.org\",\"@graph\":[{\"@type\":\"Article\",\"@id\":\"https:\/\/tyrving.idrett.no\/10\/f\/2025\/07\/07\/pamelding-landslagets-friidrettsskole\/#article\",\"isPartOf\":{\"@id\":\"https:\/\/tyrving.idrett.no\/10\/f\/2025\/07\/07\/pamelding-landslagets-friidrettsskole\/\"},\"author\":{\"name\":\"mortenjensen\",\"@id\":\"https:\/\/tyrving.idrett.no\/10\/f\/#\/schema\/person\/8ce96c740b9585e4c1f060ba84702224\"},\"headline\":\"P\u00e5melding Landslagets Friidrettsskole\",\"datePublished\":\"2025-07-07T07:27:38+00:00\",\"dateModified\":\"2025-07-07T07:27:38+00:00\",\"mainEntityOfPage\":{\"@id\":\"https:\/\/tyrving.idrett.no\/10\/f\/2025\/07\/07\/pamelding-landslagets-friidrettsskole\/\"},\"wordCount\":254,\"publisher\":{\"@id\":\"https:\/\/tyrving.idrett.no\/10\/f\/#organization\"},\"articleSection\":[\"Nyheter\"],\"inLanguage\":\"nb-NO\"},{\"@type\":\"WebPage\",\"@id\":\"https:\/\/tyrving.idrett.no\/10\/f\/2025\/07\/07\/pamelding-landslagets-friidrettsskole\/\",\"url\":\"https:\/\/tyrving.idrett.no\/10\/f\/2025\/07\/07\/pamelding-landslagets-friidrettsskole\/\",\"name\":\"P\u00e5melding Landslagets Friidrettsskole - Tyrving - Friidrett\",\"isPartOf\":{\"@id\":\"https:\/\/tyrving.idrett.no\/10\/f\/#website\"},\"datePublished\":\"2025-07-07T07:27:38+00:00\",\"dateModified\":\"2025-07-07T07:27:38+00:00\",\"breadcrumb\":{\"@id\":\"https:\/\/tyrving.idrett.no\/10\/f\/2025\/07\/07\/pamelding-landslagets-friidrettsskole\/#breadcrumb\"},\"inLanguage\":\"nb-NO\",\"potentialAction\":[{\"@type\":\"ReadAction\",\"target\":[\"https:\/\/tyrving.idrett.no\/10\/f\/2025\/07\/07\/pamelding-landslagets-friidrettsskole\/\"]}]},{\"@type\":\"BreadcrumbList\",\"@id\":\"https:\/\/tyrving.idrett.no\/10\/f\/2025\/07\/07\/pamelding-landslagets-friidrettsskole\/#breadcrumb\",\"itemListElement\":[{\"@type\":\"ListItem\",\"position\":1,\"name\":\"Hjem\",\"item\":\"https:\/\/tyrving.idrett.no\/10\/f\/\"},{\"@type\":\"ListItem\",\"position\":2,\"name\":\"P\u00e5melding Landslagets Friidrettsskole\"}]},{\"@type\":\"WebSite\",\"@id\":\"https:\/\/tyrving.idrett.no\/10\/f\/#website\",\"url\":\"https:\/\/tyrving.idrett.no\/10\/f\/\",\"name\":\"Tyrving - Friidrett\",\"description\":\"Friidrettsgruppa\",\"publisher\":{\"@id\":\"https:\/\/tyrving.idrett.no\/10\/f\/#organization\"},\"potentialAction\":[{\"@type\":\"SearchAction\",\"target\":{\"@type\":\"EntryPoint\",\"urlTemplate\":\"https:\/\/tyrving.idrett.no\/10\/f\/?s={search_term_string}\"},\"query-input\":\"required name=search_term_string\"}],\"inLanguage\":\"nb-NO\"},{\"@type\":\"Organization\",\"@id\":\"https:\/\/tyrving.idrett.no\/10\/f\/#organization\",\"name\":\"Tyrving Friidrettsgruppa\",\"url\":\"https:\/\/tyrving.idrett.no\/10\/f\/\",\"logo\":{\"@type\":\"ImageObject\",\"inLanguage\":\"nb-NO\",\"@id\":\"https:\/\/tyrving.idrett.no\/10\/f\/#\/schema\/logo\/image\/\",\"url\":\"https:\/\/tyrving.idrett.no\/10\/f\/files\/2019\/04\/Tyrving-Logo-Friidrett-2019.jpg\",\"contentUrl\":\"https:\/\/tyrving.idrett.no\/10\/f\/files\/2019\/04\/Tyrving-Logo-Friidrett-2019.jpg\",\"width\":460,\"height\":360,\"caption\":\"Tyrving Friidrettsgruppa\"},\"image\":{\"@id\":\"https:\/\/tyrving.idrett.no\/10\/f\/#\/schema\/logo\/image\/\"}},{\"@type\":\"Person\",\"@id\":\"https:\/\/tyrving.idrett.no\/10\/f\/#\/schema\/person\/8ce96c740b9585e4c1f060ba84702224\",\"name\":\"mortenjensen\",\"image\":{\"@type\":\"ImageObject\",\"inLanguage\":\"nb-NO\",\"@id\":\"https:\/\/tyrving.idrett.no\/10\/f\/#\/schema\/person\/image\/\",\"url\":\"https:\/\/secure.gravatar.com\/avatar\/f75435030dcf343989325f8f843d0193?s=96&d=mm&r=g\",\"contentUrl\":\"https:\/\/secure.gravatar.com\/avatar\/f75435030dcf343989325f8f843d0193?s=96&d=mm&r=g\",\"caption\":\"mortenjensen\"}}]}<\/script>\n<!-- \/ Yoast SEO plugin. -->","yoast_head_json":{"title":"P\u00e5melding Landslagets Friidrettsskole - Tyrving - Friidrett","robots":{"index":"index","follow":"follow","max-snippet":"max-snippet:-1","max-image-preview":"max-image-preview:large","max-video-preview":"max-video-preview:-1"},"canonical":"https:\/\/tyrving.idrett.no\/10\/f\/2025\/07\/07\/pamelding-landslagets-friidrettsskole\/","og_locale":"nb_NO","og_type":"article","og_title":"P\u00e5melding Landslagets Friidrettsskole - Tyrving - Friidrett","og_description":"Vi opplever stor interesse for s\u00e6rlig siste ukene av Friidrettsskolen. Det er fortsatt mulig \u00e5 melde seg p\u00e5 uke 32 og 33. &nbsp; Leder for skolen i \u00e5r er ingen ringere end Cathrine Lars\u00e5sen. &nbsp; Le...","og_url":"https:\/\/tyrving.idrett.no\/10\/f\/2025\/07\/07\/pamelding-landslagets-friidrettsskole\/","og_site_name":"Tyrving - Friidrett","article_published_time":"2025-07-07T07:27:38+00:00","og_image":[{"width":225,"height":186,"url":"https:\/\/tyrving.idrett.no\/10\/f\/files\/2025\/06\/friidrettsskole-225x300-1.jpg","type":"image\/jpeg"}],"author":"mortenjensen","twitter_card":"summary_large_image","twitter_misc":{"Skrevet av":"mortenjensen","Ansl. lesetid":"2 minutter"},"schema":{"@context":"https:\/\/schema.org","@graph":[{"@type":"Article","@id":"https:\/\/tyrving.idrett.no\/10\/f\/2025\/07\/07\/pamelding-landslagets-friidrettsskole\/#article","isPartOf":{"@id":"https:\/\/tyrving.idrett.no\/10\/f\/2025\/07\/07\/pamelding-landslagets-friidrettsskole\/"},"author":{"name":"mortenjensen","@id":"https:\/\/tyrving.idrett.no\/10\/f\/#\/schema\/person\/8ce96c740b9585e4c1f060ba84702224"},"headline":"P\u00e5melding Landslagets Friidrettsskole","datePublished":"2025-07-07T07:27:38+00:00","dateModified":"2025-07-07T07:27:38+00:00","mainEntityOfPage":{"@id":"https:\/\/tyrving.idrett.no\/10\/f\/2025\/07\/07\/pamelding-landslagets-friidrettsskole\/"},"wordCount":254,"publisher":{"@id":"https:\/\/tyrving.idrett.no\/10\/f\/#organization"},"articleSection":["Nyheter"],"inLanguage":"nb-NO"},{"@type":"WebPage","@id":"https:\/\/tyrving.idrett.no\/10\/f\/2025\/07\/07\/pamelding-landslagets-friidrettsskole\/","url":"https:\/\/tyrving.idrett.no\/10\/f\/2025\/07\/07\/pamelding-landslagets-friidrettsskole\/","name":"P\u00e5melding Landslagets Friidrettsskole - Tyrving - Friidrett","isPartOf":{"@id":"https:\/\/tyrving.idrett.no\/10\/f\/#website"},"datePublished":"2025-07-07T07:27:38+00:00","dateModified":"2025-07-07T07:27:38+00:00","breadcrumb":{"@id":"https:\/\/tyrving.idrett.no\/10\/f\/2025\/07\/07\/pamelding-landslagets-friidrettsskole\/#breadcrumb"},"inLanguage":"nb-NO","potentialAction":[{"@type":"ReadAction","target":["https:\/\/tyrving.idrett.no\/10\/f\/2025\/07\/07\/pamelding-landslagets-friidrettsskole\/"]}]},{"@type":"BreadcrumbList","@id":"https:\/\/tyrving.idrett.no\/10\/f\/2025\/07\/07\/pamelding-landslagets-friidrettsskole\/#breadcrumb","itemListElement":[{"@type":"ListItem","position":1,"name":"Hjem","item":"https:\/\/tyrving.idrett.no\/10\/f\/"},{"@type":"ListItem","position":2,"name":"P\u00e5melding Landslagets Friidrettsskole"}]},{"@type":"WebSite","@id":"https:\/\/tyrving.idrett.no\/10\/f\/#website","url":"https:\/\/tyrving.idrett.no\/10\/f\/","name":"Tyrving - Friidrett","description":"Friidrettsgruppa","publisher":{"@id":"https:\/\/tyrving.idrett.no\/10\/f\/#organization"},"potentialAction":[{"@type":"SearchAction","target":{"@type":"EntryPoint","urlTemplate":"https:\/\/tyrving.idrett.no\/10\/f\/?s={search_term_string}"},"query-input":"required name=search_term_string"}],"inLanguage":"nb-NO"},{"@type":"Organization","@id":"https:\/\/tyrving.idrett.no\/10\/f\/#organization","name":"Tyrving Friidrettsgruppa","url":"https:\/\/tyrving.idrett.no\/10\/f\/","logo":{"@type":"ImageObject","inLanguage":"nb-NO","@id":"https:\/\/tyrving.idrett.no\/10\/f\/#\/schema\/logo\/image\/","url":"https:\/\/tyrving.idrett.no\/10\/f\/files\/2019\/04\/Tyrving-Logo-Friidrett-2019.jpg","contentUrl":"https:\/\/tyrving.idrett.no\/10\/f\/files\/2019\/04\/Tyrving-Logo-Friidrett-2019.jpg","width":460,"height":360,"caption":"Tyrving Friidrettsgruppa"},"image":{"@id":"https:\/\/tyrving.idrett.no\/10\/f\/#\/schema\/logo\/image\/"}},{"@type":"Person","@id":"https:\/\/tyrving.idrett.no\/10\/f\/#\/schema\/person\/8ce96c740b9585e4c1f060ba84702224","name":"mortenjensen","image":{"@type":"ImageObject","inLanguage":"nb-NO","@id":"https:\/\/tyrving.idrett.no\/10\/f\/#\/schema\/person\/image\/","url":"https:\/\/secure.gravatar.com\/avatar\/f75435030dcf343989325f8f843d0193?s=96&d=mm&r=g","contentUrl":"https:\/\/secure.gravatar.com\/avatar\/f75435030dcf343989325f8f843d0193?s=96&d=mm&r=g","caption":"mortenjensen"}}]}},"jetpack_sharing_enabled":true,"jetpack_featured_media_url":"https:\/\/tyrving.idrett.no\/10\/f\/files\/2025\/06\/friidrettsskole-225x300-1.jpg","_links":{"self":[{"href":"https:\/\/tyrving.idrett.no\/10\/f\/wp-json\/wp\/v2\/posts\/27643"}],"collection":[{"href":"https:\/\/tyrving.idrett.no\/10\/f\/wp-json\/wp\/v2\/posts"}],"about":[{"href":"https:\/\/tyrving.idrett.no\/10\/f\/wp-json\/wp\/v2\/types\/post"}],"author":[{"embeddable":true,"href":"https:\/\/tyrving.idrett.no\/10\/f\/wp-json\/wp\/v2\/users\/46"}],"replies":[{"embeddable":true,"href":"https:\/\/tyrving.idrett.no\/10\/f\/wp-json\/wp\/v2\/comments?post=27643"}],"version-history":[{"count":1,"href":"https:\/\/tyrving.idrett.no\/10\/f\/wp-json\/wp\/v2\/posts\/27643\/revisions"}],"predecessor-version":[{"id":27644,"href":"https:\/\/tyrving.idrett.no\/10\/f\/wp-json\/wp\/v2\/posts\/27643\/revisions\/27644"}],"wp:featuredmedia":[{"embeddable":true,"href":"https:\/\/tyrving.idrett.no\/10\/f\/wp-json\/wp\/v2\/media\/27606"}],"wp:attachment":[{"href":"https:\/\/tyrving.idrett.no\/10\/f\/wp-json\/wp\/v2\/media?parent=27643"}],"wp:term":[{"taxonomy":"category","embeddable":true,"href":"https:\/\/tyrving.idrett.no\/10\/f\/wp-json\/wp\/v2\/categories?post=27643"},{"taxonomy":"post_tag","embeddable":true,"href":"https:\/\/tyrving.idrett.no\/10\/f\/wp-json\/wp\/v2\/tags?post=27643"}],"curies":[{"name":"wp","href":"https:\/\/api.w.org\/{rel}","templated":true}]}}