{"id":27853,"date":"2025-10-24T12:31:57","date_gmt":"2025-10-24T10:31:57","guid":{"rendered":"https:\/\/tyrving.idrett.no\/10\/f\/?p=27853"},"modified":"2025-10-24T12:35:07","modified_gmt":"2025-10-24T10:35:07","slug":"2025-virtus-world-athletics-championships-med-michael-setsaas","status":"publish","type":"post","link":"https:\/\/tyrving.idrett.no\/10\/f\/2025\/10\/24\/2025-virtus-world-athletics-championships-med-michael-setsaas\/","title":{"rendered":"2025 Virtus World Athletics Championships med Michael Setsaas"},"content":{"rendered":"<p>Virtus VM ble avholdt i Brisbane, Australia 8. -15. oktober. Over 300 ut\u00f8vere fra 30 land deltok i mesterskapet. Norge har kun en ut\u00f8ver som er klassifisert, Tyrvings ut\u00f8ver Michael Setsaas. Han deltok i klasse II-1 der han ble nummer elleve p\u00e5 100-meteren med 12.37\/0.4 og femten p\u00e5 200-meteren med 25.08\/+0.6. Flere av ut\u00f8verne i Michaels heat kom direkte fra ParaVM. Et bra mesterskap for Setsaas, med god matching og inspirasjon til videre satsing.<\/p>\n<p>Etter en lang sesong med flotte resultater, h\u00e5per vi du f\u00e5r et par uker med god restitusjon f\u00f8r treningen mot innend\u00f8rssesongen begynner for fullt!<\/p>\n<p>&nbsp;<\/p>\n<p><img decoding=\"async\" loading=\"lazy\" class=\"alignnone size-medium wp-image-27856\" src=\"https:\/\/tyrving.idrett.no\/10\/f\/files\/2025\/10\/att.MTxMFJMunAmSmvqmFJoSKRLZybgfZDyVTSu8BNqoLN0-225x300.jpg\" alt=\"\" width=\"225\" height=\"300\" srcset=\"https:\/\/tyrving.idrett.no\/10\/f\/files\/2025\/10\/att.MTxMFJMunAmSmvqmFJoSKRLZybgfZDyVTSu8BNqoLN0-225x300.jpg 225w, https:\/\/tyrving.idrett.no\/10\/f\/files\/2025\/10\/att.MTxMFJMunAmSmvqmFJoSKRLZybgfZDyVTSu8BNqoLN0-768x1024.jpg 768w, https:\/\/tyrving.idrett.no\/10\/f\/files\/2025\/10\/att.MTxMFJMunAmSmvqmFJoSKRLZybgfZDyVTSu8BNqoLN0-600x800.jpg 600w, https:\/\/tyrving.idrett.no\/10\/f\/files\/2025\/10\/att.MTxMFJMunAmSmvqmFJoSKRLZybgfZDyVTSu8BNqoLN0-1152x1536.jpg 1152w, https:\/\/tyrving.idrett.no\/10\/f\/files\/2025\/10\/att.MTxMFJMunAmSmvqmFJoSKRLZybgfZDyVTSu8BNqoLN0.jpg 1536w\" sizes=\"(max-width: 225px) 100vw, 225px\" \/><img decoding=\"async\" loading=\"lazy\" class=\"alignnone size-medium wp-image-27854\" src=\"https:\/\/tyrving.idrett.no\/10\/f\/files\/2025\/10\/IMG_3711-225x300.jpg\" alt=\"\" width=\"225\" height=\"300\" srcset=\"https:\/\/tyrving.idrett.no\/10\/f\/files\/2025\/10\/IMG_3711-225x300.jpg 225w, https:\/\/tyrving.idrett.no\/10\/f\/files\/2025\/10\/IMG_3711-768x1024.jpg 768w, https:\/\/tyrving.idrett.no\/10\/f\/files\/2025\/10\/IMG_3711-600x800.jpg 600w, https:\/\/tyrving.idrett.no\/10\/f\/files\/2025\/10\/IMG_3711-1152x1536.jpg 1152w, https:\/\/tyrving.idrett.no\/10\/f\/files\/2025\/10\/IMG_3711.jpg 1440w\" sizes=\"(max-width: 225px) 100vw, 225px\" \/><\/p>\n","protected":false},"excerpt":{"rendered":"Virtus VM ble avholdt i Brisbane, Australia 8. -15. oktober. Over 300 ut\u00f8vere fra 30 land deltok i mesterskapet. Norge har kun en ut\u00f8ver som er klassifisert, Tyrvings ut\u00f8ver Michael Setsaas. Han delto&#8230;","protected":false},"author":48,"featured_media":27855,"comment_status":"closed","ping_status":"open","sticky":false,"template":"","format":"standard","meta":{"footnotes":"","_jetpack_memberships_contains_paid_content":false},"categories":[1],"tags":[],"acf":[],"yoast_head":"<!-- This site is optimized with the Yoast SEO plugin v21.2 - https:\/\/yoast.com\/wordpress\/plugins\/seo\/ -->\n<title>2025 Virtus World Athletics Championships med Michael Setsaas - Tyrving - Friidrett<\/title>\n<meta name=\"robots\" content=\"index, follow, max-snippet:-1, max-image-preview:large, max-video-preview:-1\" \/>\n<link rel=\"canonical\" href=\"https:\/\/tyrving.idrett.no\/10\/f\/2025\/10\/24\/2025-virtus-world-athletics-championships-med-michael-setsaas\/\" \/>\n<meta property=\"og:locale\" content=\"nb_NO\" \/>\n<meta property=\"og:type\" content=\"article\" \/>\n<meta property=\"og:title\" content=\"2025 Virtus World Athletics Championships med Michael Setsaas - Tyrving - Friidrett\" \/>\n<meta property=\"og:description\" content=\"Virtus VM ble avholdt i Brisbane, Australia 8. -15. oktober. Over 300 ut\u00f8vere fra 30 land deltok i mesterskapet. Norge har kun en ut\u00f8ver som er klassifisert, Tyrvings ut\u00f8ver Michael Setsaas. Han delto...\" \/>\n<meta property=\"og:url\" content=\"https:\/\/tyrving.idrett.no\/10\/f\/2025\/10\/24\/2025-virtus-world-athletics-championships-med-michael-setsaas\/\" \/>\n<meta property=\"og:site_name\" content=\"Tyrving - Friidrett\" \/>\n<meta property=\"article:published_time\" content=\"2025-10-24T10:31:57+00:00\" \/>\n<meta property=\"article:modified_time\" content=\"2025-10-24T10:35:07+00:00\" \/>\n<meta property=\"og:image\" content=\"https:\/\/tyrving.idrett.no\/10\/f\/files\/2025\/10\/att.yP-3b1Lp1E7iMJWgeUhhs4qPDi-W9sM05AQfgHgchsQ-e1761302050419.jpg\" \/>\n\t<meta property=\"og:image:width\" content=\"952\" \/>\n\t<meta property=\"og:image:height\" content=\"1078\" \/>\n\t<meta property=\"og:image:type\" content=\"image\/jpeg\" \/>\n<meta name=\"author\" content=\"Charlotte Lund Antonijevic\" \/>\n<meta name=\"twitter:card\" content=\"summary_large_image\" \/>\n<meta name=\"twitter:label1\" content=\"Skrevet av\" \/>\n\t<meta name=\"twitter:data1\" content=\"Charlotte Lund Antonijevic\" \/>\n\t<meta name=\"twitter:label2\" content=\"Ansl. lesetid\" \/>\n\t<meta name=\"twitter:data2\" content=\"1 minutt\" \/>\n<script type=\"application\/ld+json\" class=\"yoast-schema-graph\">{\"@context\":\"https:\/\/schema.org\",\"@graph\":[{\"@type\":\"Article\",\"@id\":\"https:\/\/tyrving.idrett.no\/10\/f\/2025\/10\/24\/2025-virtus-world-athletics-championships-med-michael-setsaas\/#article\",\"isPartOf\":{\"@id\":\"https:\/\/tyrving.idrett.no\/10\/f\/2025\/10\/24\/2025-virtus-world-athletics-championships-med-michael-setsaas\/\"},\"author\":{\"name\":\"Charlotte Lund Antonijevic\",\"@id\":\"https:\/\/tyrving.idrett.no\/10\/f\/#\/schema\/person\/7dadcbaa6c6ce09d9ae5345eb3181723\"},\"headline\":\"2025 Virtus World Athletics Championships med Michael Setsaas\",\"datePublished\":\"2025-10-24T10:31:57+00:00\",\"dateModified\":\"2025-10-24T10:35:07+00:00\",\"mainEntityOfPage\":{\"@id\":\"https:\/\/tyrving.idrett.no\/10\/f\/2025\/10\/24\/2025-virtus-world-athletics-championships-med-michael-setsaas\/\"},\"wordCount\":109,\"publisher\":{\"@id\":\"https:\/\/tyrving.idrett.no\/10\/f\/#organization\"},\"articleSection\":[\"Nyheter\"],\"inLanguage\":\"nb-NO\"},{\"@type\":\"WebPage\",\"@id\":\"https:\/\/tyrving.idrett.no\/10\/f\/2025\/10\/24\/2025-virtus-world-athletics-championships-med-michael-setsaas\/\",\"url\":\"https:\/\/tyrving.idrett.no\/10\/f\/2025\/10\/24\/2025-virtus-world-athletics-championships-med-michael-setsaas\/\",\"name\":\"2025 Virtus World Athletics Championships med Michael Setsaas - Tyrving - Friidrett\",\"isPartOf\":{\"@id\":\"https:\/\/tyrving.idrett.no\/10\/f\/#website\"},\"datePublished\":\"2025-10-24T10:31:57+00:00\",\"dateModified\":\"2025-10-24T10:35:07+00:00\",\"breadcrumb\":{\"@id\":\"https:\/\/tyrving.idrett.no\/10\/f\/2025\/10\/24\/2025-virtus-world-athletics-championships-med-michael-setsaas\/#breadcrumb\"},\"inLanguage\":\"nb-NO\",\"potentialAction\":[{\"@type\":\"ReadAction\",\"target\":[\"https:\/\/tyrving.idrett.no\/10\/f\/2025\/10\/24\/2025-virtus-world-athletics-championships-med-michael-setsaas\/\"]}]},{\"@type\":\"BreadcrumbList\",\"@id\":\"https:\/\/tyrving.idrett.no\/10\/f\/2025\/10\/24\/2025-virtus-world-athletics-championships-med-michael-setsaas\/#breadcrumb\",\"itemListElement\":[{\"@type\":\"ListItem\",\"position\":1,\"name\":\"Hjem\",\"item\":\"https:\/\/tyrving.idrett.no\/10\/f\/\"},{\"@type\":\"ListItem\",\"position\":2,\"name\":\"2025 Virtus World Athletics Championships med Michael Setsaas\"}]},{\"@type\":\"WebSite\",\"@id\":\"https:\/\/tyrving.idrett.no\/10\/f\/#website\",\"url\":\"https:\/\/tyrving.idrett.no\/10\/f\/\",\"name\":\"Tyrving - Friidrett\",\"description\":\"Friidrettsgruppa\",\"publisher\":{\"@id\":\"https:\/\/tyrving.idrett.no\/10\/f\/#organization\"},\"potentialAction\":[{\"@type\":\"SearchAction\",\"target\":{\"@type\":\"EntryPoint\",\"urlTemplate\":\"https:\/\/tyrving.idrett.no\/10\/f\/?s={search_term_string}\"},\"query-input\":\"required name=search_term_string\"}],\"inLanguage\":\"nb-NO\"},{\"@type\":\"Organization\",\"@id\":\"https:\/\/tyrving.idrett.no\/10\/f\/#organization\",\"name\":\"Tyrving Friidrettsgruppa\",\"url\":\"https:\/\/tyrving.idrett.no\/10\/f\/\",\"logo\":{\"@type\":\"ImageObject\",\"inLanguage\":\"nb-NO\",\"@id\":\"https:\/\/tyrving.idrett.no\/10\/f\/#\/schema\/logo\/image\/\",\"url\":\"https:\/\/tyrving.idrett.no\/10\/f\/files\/2019\/04\/Tyrving-Logo-Friidrett-2019.jpg\",\"contentUrl\":\"https:\/\/tyrving.idrett.no\/10\/f\/files\/2019\/04\/Tyrving-Logo-Friidrett-2019.jpg\",\"width\":460,\"height\":360,\"caption\":\"Tyrving Friidrettsgruppa\"},\"image\":{\"@id\":\"https:\/\/tyrving.idrett.no\/10\/f\/#\/schema\/logo\/image\/\"}},{\"@type\":\"Person\",\"@id\":\"https:\/\/tyrving.idrett.no\/10\/f\/#\/schema\/person\/7dadcbaa6c6ce09d9ae5345eb3181723\",\"name\":\"Charlotte Lund Antonijevic\",\"image\":{\"@type\":\"ImageObject\",\"inLanguage\":\"nb-NO\",\"@id\":\"https:\/\/tyrving.idrett.no\/10\/f\/#\/schema\/person\/image\/\",\"url\":\"https:\/\/secure.gravatar.com\/avatar\/41b7979d7eef810adabb4f04d85c18d4?s=96&d=mm&r=g\",\"contentUrl\":\"https:\/\/secure.gravatar.com\/avatar\/41b7979d7eef810adabb4f04d85c18d4?s=96&d=mm&r=g\",\"caption\":\"Charlotte Lund Antonijevic\"}}]}<\/script>\n<!-- \/ Yoast SEO plugin. -->","yoast_head_json":{"title":"2025 Virtus World Athletics Championships med Michael Setsaas - Tyrving - Friidrett","robots":{"index":"index","follow":"follow","max-snippet":"max-snippet:-1","max-image-preview":"max-image-preview:large","max-video-preview":"max-video-preview:-1"},"canonical":"https:\/\/tyrving.idrett.no\/10\/f\/2025\/10\/24\/2025-virtus-world-athletics-championships-med-michael-setsaas\/","og_locale":"nb_NO","og_type":"article","og_title":"2025 Virtus World Athletics Championships med Michael Setsaas - Tyrving - Friidrett","og_description":"Virtus VM ble avholdt i Brisbane, Australia 8. -15. oktober. Over 300 ut\u00f8vere fra 30 land deltok i mesterskapet. Norge har kun en ut\u00f8ver som er klassifisert, Tyrvings ut\u00f8ver Michael Setsaas. Han delto...","og_url":"https:\/\/tyrving.idrett.no\/10\/f\/2025\/10\/24\/2025-virtus-world-athletics-championships-med-michael-setsaas\/","og_site_name":"Tyrving - Friidrett","article_published_time":"2025-10-24T10:31:57+00:00","article_modified_time":"2025-10-24T10:35:07+00:00","og_image":[{"width":952,"height":1078,"url":"https:\/\/tyrving.idrett.no\/10\/f\/files\/2025\/10\/att.yP-3b1Lp1E7iMJWgeUhhs4qPDi-W9sM05AQfgHgchsQ-e1761302050419.jpg","type":"image\/jpeg"}],"author":"Charlotte Lund Antonijevic","twitter_card":"summary_large_image","twitter_misc":{"Skrevet av":"Charlotte Lund Antonijevic","Ansl. lesetid":"1 minutt"},"schema":{"@context":"https:\/\/schema.org","@graph":[{"@type":"Article","@id":"https:\/\/tyrving.idrett.no\/10\/f\/2025\/10\/24\/2025-virtus-world-athletics-championships-med-michael-setsaas\/#article","isPartOf":{"@id":"https:\/\/tyrving.idrett.no\/10\/f\/2025\/10\/24\/2025-virtus-world-athletics-championships-med-michael-setsaas\/"},"author":{"name":"Charlotte Lund Antonijevic","@id":"https:\/\/tyrving.idrett.no\/10\/f\/#\/schema\/person\/7dadcbaa6c6ce09d9ae5345eb3181723"},"headline":"2025 Virtus World Athletics Championships med Michael Setsaas","datePublished":"2025-10-24T10:31:57+00:00","dateModified":"2025-10-24T10:35:07+00:00","mainEntityOfPage":{"@id":"https:\/\/tyrving.idrett.no\/10\/f\/2025\/10\/24\/2025-virtus-world-athletics-championships-med-michael-setsaas\/"},"wordCount":109,"publisher":{"@id":"https:\/\/tyrving.idrett.no\/10\/f\/#organization"},"articleSection":["Nyheter"],"inLanguage":"nb-NO"},{"@type":"WebPage","@id":"https:\/\/tyrving.idrett.no\/10\/f\/2025\/10\/24\/2025-virtus-world-athletics-championships-med-michael-setsaas\/","url":"https:\/\/tyrving.idrett.no\/10\/f\/2025\/10\/24\/2025-virtus-world-athletics-championships-med-michael-setsaas\/","name":"2025 Virtus World Athletics Championships med Michael Setsaas - Tyrving - Friidrett","isPartOf":{"@id":"https:\/\/tyrving.idrett.no\/10\/f\/#website"},"datePublished":"2025-10-24T10:31:57+00:00","dateModified":"2025-10-24T10:35:07+00:00","breadcrumb":{"@id":"https:\/\/tyrving.idrett.no\/10\/f\/2025\/10\/24\/2025-virtus-world-athletics-championships-med-michael-setsaas\/#breadcrumb"},"inLanguage":"nb-NO","potentialAction":[{"@type":"ReadAction","target":["https:\/\/tyrving.idrett.no\/10\/f\/2025\/10\/24\/2025-virtus-world-athletics-championships-med-michael-setsaas\/"]}]},{"@type":"BreadcrumbList","@id":"https:\/\/tyrving.idrett.no\/10\/f\/2025\/10\/24\/2025-virtus-world-athletics-championships-med-michael-setsaas\/#breadcrumb","itemListElement":[{"@type":"ListItem","position":1,"name":"Hjem","item":"https:\/\/tyrving.idrett.no\/10\/f\/"},{"@type":"ListItem","position":2,"name":"2025 Virtus World Athletics Championships med Michael Setsaas"}]},{"@type":"WebSite","@id":"https:\/\/tyrving.idrett.no\/10\/f\/#website","url":"https:\/\/tyrving.idrett.no\/10\/f\/","name":"Tyrving - Friidrett","description":"Friidrettsgruppa","publisher":{"@id":"https:\/\/tyrving.idrett.no\/10\/f\/#organization"},"potentialAction":[{"@type":"SearchAction","target":{"@type":"EntryPoint","urlTemplate":"https:\/\/tyrving.idrett.no\/10\/f\/?s={search_term_string}"},"query-input":"required name=search_term_string"}],"inLanguage":"nb-NO"},{"@type":"Organization","@id":"https:\/\/tyrving.idrett.no\/10\/f\/#organization","name":"Tyrving Friidrettsgruppa","url":"https:\/\/tyrving.idrett.no\/10\/f\/","logo":{"@type":"ImageObject","inLanguage":"nb-NO","@id":"https:\/\/tyrving.idrett.no\/10\/f\/#\/schema\/logo\/image\/","url":"https:\/\/tyrving.idrett.no\/10\/f\/files\/2019\/04\/Tyrving-Logo-Friidrett-2019.jpg","contentUrl":"https:\/\/tyrving.idrett.no\/10\/f\/files\/2019\/04\/Tyrving-Logo-Friidrett-2019.jpg","width":460,"height":360,"caption":"Tyrving Friidrettsgruppa"},"image":{"@id":"https:\/\/tyrving.idrett.no\/10\/f\/#\/schema\/logo\/image\/"}},{"@type":"Person","@id":"https:\/\/tyrving.idrett.no\/10\/f\/#\/schema\/person\/7dadcbaa6c6ce09d9ae5345eb3181723","name":"Charlotte Lund Antonijevic","image":{"@type":"ImageObject","inLanguage":"nb-NO","@id":"https:\/\/tyrving.idrett.no\/10\/f\/#\/schema\/person\/image\/","url":"https:\/\/secure.gravatar.com\/avatar\/41b7979d7eef810adabb4f04d85c18d4?s=96&d=mm&r=g","contentUrl":"https:\/\/secure.gravatar.com\/avatar\/41b7979d7eef810adabb4f04d85c18d4?s=96&d=mm&r=g","caption":"Charlotte Lund Antonijevic"}}]}},"jetpack_sharing_enabled":true,"jetpack_featured_media_url":"https:\/\/tyrving.idrett.no\/10\/f\/files\/2025\/10\/att.yP-3b1Lp1E7iMJWgeUhhs4qPDi-W9sM05AQfgHgchsQ-e1761302050419.jpg","_links":{"self":[{"href":"https:\/\/tyrving.idrett.no\/10\/f\/wp-json\/wp\/v2\/posts\/27853"}],"collection":[{"href":"https:\/\/tyrving.idrett.no\/10\/f\/wp-json\/wp\/v2\/posts"}],"about":[{"href":"https:\/\/tyrving.idrett.no\/10\/f\/wp-json\/wp\/v2\/types\/post"}],"author":[{"embeddable":true,"href":"https:\/\/tyrving.idrett.no\/10\/f\/wp-json\/wp\/v2\/users\/48"}],"replies":[{"embeddable":true,"href":"https:\/\/tyrving.idrett.no\/10\/f\/wp-json\/wp\/v2\/comments?post=27853"}],"version-history":[{"count":4,"href":"https:\/\/tyrving.idrett.no\/10\/f\/wp-json\/wp\/v2\/posts\/27853\/revisions"}],"predecessor-version":[{"id":27860,"href":"https:\/\/tyrving.idrett.no\/10\/f\/wp-json\/wp\/v2\/posts\/27853\/revisions\/27860"}],"wp:featuredmedia":[{"embeddable":true,"href":"https:\/\/tyrving.idrett.no\/10\/f\/wp-json\/wp\/v2\/media\/27855"}],"wp:attachment":[{"href":"https:\/\/tyrving.idrett.no\/10\/f\/wp-json\/wp\/v2\/media?parent=27853"}],"wp:term":[{"taxonomy":"category","embeddable":true,"href":"https:\/\/tyrving.idrett.no\/10\/f\/wp-json\/wp\/v2\/categories?post=27853"},{"taxonomy":"post_tag","embeddable":true,"href":"https:\/\/tyrving.idrett.no\/10\/f\/wp-json\/wp\/v2\/tags?post=27853"}],"curies":[{"name":"wp","href":"https:\/\/api.w.org\/{rel}","templated":true}]}}