{"id":28248,"date":"2026-03-12T11:47:27","date_gmt":"2026-03-12T10:47:27","guid":{"rendered":"https:\/\/tyrving.idrett.no\/10\/f\/?p=28248"},"modified":"2026-03-12T11:47:27","modified_gmt":"2026-03-12T10:47:27","slug":"gar-du-rundt-med-trener-dromme-oppfordring-til-a-ta-trenerkurs","status":"publish","type":"post","link":"https:\/\/tyrving.idrett.no\/10\/f\/2026\/03\/12\/gar-du-rundt-med-trener-dromme-oppfordring-til-a-ta-trenerkurs\/","title":{"rendered":"G\u00e5r du rundt med trener dr\u00f8mme? Oppfordring til \u00e5 ta trenerkurs"},"content":{"rendered":"<p><strong>G\u00e5r du rundt med trener dr\u00f8mme?<\/strong><\/p>\n<p>&nbsp;<\/p>\n<p>Har du tenkt tanken om \u00e5 jobbe som trener i Tyrving? Hva skal til? Hva er mine muligheter?<\/p>\n<p>&nbsp;<\/p>\n<p><strong>Dette skal til i f\u00f8rste omgang:<\/strong><\/p>\n<ul>\n<li>Politiattest<\/li>\n<li>Trenerattest<\/li>\n<li>Kurset Friidrett for barn \u2013 dette kan tas fra det \u00e5r du fyller 14\u00e5r \u2013 ingen grunn til \u00e5 vente til du rent faktisk trenger dette. Ta med lagkameratene dine p\u00e5 dette.<\/li>\n<\/ul>\n<p>&nbsp;<\/p>\n<p>Vi \u00f8nsker alle v\u00e5re trenere tar p\u00e5fyllings kurser l\u00f8pende. Neste stepp her vil v\u00e6re trener 1 kurset.<\/p>\n<p><strong>Trenerl\u00f8ypen:<\/strong> <a href=\"https:\/\/www.friidrett.no\/for-trener\/trenerutvikling\/trenerloypa\/#:~:text=Trenerl%C3%B8ypa%20er%20et%20felles%20rammeverk%20for%20trenerutdanningen%20i,ligger%20det%20en%20struktur%20for%20grunnutdanning%20og%20etterutdanning.\">Trenerl\u00f8ypa<\/a><\/p>\n<p>&nbsp;<\/p>\n<p><strong>Neste Friidrett for barn kurs:<\/strong><\/p>\n<p>Det er kretsen som avholder \u00abFriidrett for barn\u00bb kurset. Neste g\u00e5r 12. april. <a href=\"https:\/\/www.friidrett.no\/kretser\/oslo-og-akershus\/nyheter\/friidrett-for-barn-12.april\/\">Friidrett for barn 12.april<\/a><\/p>\n<p>&nbsp;<\/p>\n<p><strong>Minimums- og generelt krav for \u00e5 jobbe som trener i Tyrving IL Friidrett:<\/p>\n<p><\/strong><\/p>\n<ul>\n<li>Du skal som minimum v\u00e6re fylt 16\u00e5r<\/li>\n<li>Kunne fremvise politiattest (Har du ikke politiattest, hjelper vi med \u00e5 s\u00f8ke. Send f\u00f8dsels nr. og ditt fulle navn til emil@tyrving.no)<\/li>\n<li>Fremvise trenerattest. Trenerattest tar du p\u00e5 nett &#8211; <a href=\"https:\/\/www.idrettsforbundet.no\/digital\/trenerattest\/\">Trenerattest<\/a><\/li>\n<li>Trenerkurs Friidrett for barn<\/li>\n<\/ul>\n<p>Er du ikke fylt 16\u00e5r, men \u00f8nsker erfaring som trener, kan man etter avtale f\u00e5 erfaring som trener p\u00e5 Allidretten innen et evt. jobb.<\/p>\n<p>&nbsp;<\/p>\n<p><strong>\u00d8nsker du \u00e5 s\u00f8ke jobb p\u00e5 Friidrettskolen i sommer: <\/strong><a href=\"https:\/\/survey.easyquest.com\/DKTTRH\">https:\/\/survey.easyquest.com\/DKTTRH<\/a><\/p>\n<p>&nbsp;<\/p>\n<p><strong>Ressursside:<\/strong> <a href=\"https:\/\/tyrving.idrett.no\/10\/f\/trenerutdanning\/\">Trenerutdanning &#8211; Tyrving &#8211; Friidrett<\/a><\/p>\n<p>&nbsp;<\/p>\n<p>Generelle sp\u00f8rsm\u00e5l til trenerjobbs i Tyrving IL sendes til Sportslig Leder Morten Jensen p\u00e5 morten@tyrving.no<\/p>\n","protected":false},"excerpt":{"rendered":"G\u00e5r du rundt med trener dr\u00f8mme? &nbsp; Har du tenkt tanken om \u00e5 jobbe som trener i Tyrving? Hva skal til? Hva er mine muligheter? &nbsp; Dette skal til i f\u00f8rste omgang: Politiattest Trenerattest Kurse&#8230;","protected":false},"author":46,"featured_media":23382,"comment_status":"closed","ping_status":"open","sticky":false,"template":"","format":"standard","meta":{"footnotes":"","_jetpack_memberships_contains_paid_content":false},"categories":[1],"tags":[],"acf":[],"yoast_head":"<!-- This site is optimized with the Yoast SEO plugin v21.2 - https:\/\/yoast.com\/wordpress\/plugins\/seo\/ -->\n<title>G\u00e5r du rundt med trener dr\u00f8mme? Oppfordring til \u00e5 ta trenerkurs - Tyrving - Friidrett<\/title>\n<meta name=\"robots\" content=\"index, follow, max-snippet:-1, max-image-preview:large, max-video-preview:-1\" \/>\n<link rel=\"canonical\" href=\"https:\/\/tyrving.idrett.no\/10\/f\/2026\/03\/12\/gar-du-rundt-med-trener-dromme-oppfordring-til-a-ta-trenerkurs\/\" \/>\n<meta property=\"og:locale\" content=\"nb_NO\" \/>\n<meta property=\"og:type\" content=\"article\" \/>\n<meta property=\"og:title\" content=\"G\u00e5r du rundt med trener dr\u00f8mme? Oppfordring til \u00e5 ta trenerkurs - Tyrving - Friidrett\" \/>\n<meta property=\"og:description\" content=\"G\u00e5r du rundt med trener dr\u00f8mme? &nbsp; Har du tenkt tanken om \u00e5 jobbe som trener i Tyrving? Hva skal til? Hva er mine muligheter? &nbsp; Dette skal til i f\u00f8rste omgang: Politiattest Trenerattest Kurse...\" \/>\n<meta property=\"og:url\" content=\"https:\/\/tyrving.idrett.no\/10\/f\/2026\/03\/12\/gar-du-rundt-med-trener-dromme-oppfordring-til-a-ta-trenerkurs\/\" \/>\n<meta property=\"og:site_name\" content=\"Tyrving - Friidrett\" \/>\n<meta property=\"article:published_time\" content=\"2026-03-12T10:47:27+00:00\" \/>\n<meta property=\"og:image\" content=\"https:\/\/tyrving.idrett.no\/10\/f\/files\/2022\/04\/IMG_20180628_103841-scaled-e1679920036883.jpg\" \/>\n\t<meta property=\"og:image:width\" content=\"1920\" \/>\n\t<meta property=\"og:image:height\" content=\"2560\" \/>\n\t<meta property=\"og:image:type\" content=\"image\/jpeg\" \/>\n<meta name=\"author\" content=\"mortenjensen\" \/>\n<meta name=\"twitter:card\" content=\"summary_large_image\" \/>\n<meta name=\"twitter:label1\" content=\"Skrevet av\" \/>\n\t<meta name=\"twitter:data1\" content=\"mortenjensen\" \/>\n\t<meta name=\"twitter:label2\" content=\"Ansl. lesetid\" \/>\n\t<meta name=\"twitter:data2\" content=\"2 minutter\" \/>\n<script type=\"application\/ld+json\" class=\"yoast-schema-graph\">{\"@context\":\"https:\/\/schema.org\",\"@graph\":[{\"@type\":\"Article\",\"@id\":\"https:\/\/tyrving.idrett.no\/10\/f\/2026\/03\/12\/gar-du-rundt-med-trener-dromme-oppfordring-til-a-ta-trenerkurs\/#article\",\"isPartOf\":{\"@id\":\"https:\/\/tyrving.idrett.no\/10\/f\/2026\/03\/12\/gar-du-rundt-med-trener-dromme-oppfordring-til-a-ta-trenerkurs\/\"},\"author\":{\"name\":\"mortenjensen\",\"@id\":\"https:\/\/tyrving.idrett.no\/10\/f\/#\/schema\/person\/8ce96c740b9585e4c1f060ba84702224\"},\"headline\":\"G\u00e5r du rundt med trener dr\u00f8mme? Oppfordring til \u00e5 ta trenerkurs\",\"datePublished\":\"2026-03-12T10:47:27+00:00\",\"dateModified\":\"2026-03-12T10:47:27+00:00\",\"mainEntityOfPage\":{\"@id\":\"https:\/\/tyrving.idrett.no\/10\/f\/2026\/03\/12\/gar-du-rundt-med-trener-dromme-oppfordring-til-a-ta-trenerkurs\/\"},\"wordCount\":249,\"publisher\":{\"@id\":\"https:\/\/tyrving.idrett.no\/10\/f\/#organization\"},\"articleSection\":[\"Nyheter\"],\"inLanguage\":\"nb-NO\"},{\"@type\":\"WebPage\",\"@id\":\"https:\/\/tyrving.idrett.no\/10\/f\/2026\/03\/12\/gar-du-rundt-med-trener-dromme-oppfordring-til-a-ta-trenerkurs\/\",\"url\":\"https:\/\/tyrving.idrett.no\/10\/f\/2026\/03\/12\/gar-du-rundt-med-trener-dromme-oppfordring-til-a-ta-trenerkurs\/\",\"name\":\"G\u00e5r du rundt med trener dr\u00f8mme? Oppfordring til \u00e5 ta trenerkurs - Tyrving - Friidrett\",\"isPartOf\":{\"@id\":\"https:\/\/tyrving.idrett.no\/10\/f\/#website\"},\"datePublished\":\"2026-03-12T10:47:27+00:00\",\"dateModified\":\"2026-03-12T10:47:27+00:00\",\"breadcrumb\":{\"@id\":\"https:\/\/tyrving.idrett.no\/10\/f\/2026\/03\/12\/gar-du-rundt-med-trener-dromme-oppfordring-til-a-ta-trenerkurs\/#breadcrumb\"},\"inLanguage\":\"nb-NO\",\"potentialAction\":[{\"@type\":\"ReadAction\",\"target\":[\"https:\/\/tyrving.idrett.no\/10\/f\/2026\/03\/12\/gar-du-rundt-med-trener-dromme-oppfordring-til-a-ta-trenerkurs\/\"]}]},{\"@type\":\"BreadcrumbList\",\"@id\":\"https:\/\/tyrving.idrett.no\/10\/f\/2026\/03\/12\/gar-du-rundt-med-trener-dromme-oppfordring-til-a-ta-trenerkurs\/#breadcrumb\",\"itemListElement\":[{\"@type\":\"ListItem\",\"position\":1,\"name\":\"Hjem\",\"item\":\"https:\/\/tyrving.idrett.no\/10\/f\/\"},{\"@type\":\"ListItem\",\"position\":2,\"name\":\"G\u00e5r du rundt med trener dr\u00f8mme? Oppfordring til \u00e5 ta trenerkurs\"}]},{\"@type\":\"WebSite\",\"@id\":\"https:\/\/tyrving.idrett.no\/10\/f\/#website\",\"url\":\"https:\/\/tyrving.idrett.no\/10\/f\/\",\"name\":\"Tyrving - Friidrett\",\"description\":\"Friidrettsgruppa\",\"publisher\":{\"@id\":\"https:\/\/tyrving.idrett.no\/10\/f\/#organization\"},\"potentialAction\":[{\"@type\":\"SearchAction\",\"target\":{\"@type\":\"EntryPoint\",\"urlTemplate\":\"https:\/\/tyrving.idrett.no\/10\/f\/?s={search_term_string}\"},\"query-input\":\"required name=search_term_string\"}],\"inLanguage\":\"nb-NO\"},{\"@type\":\"Organization\",\"@id\":\"https:\/\/tyrving.idrett.no\/10\/f\/#organization\",\"name\":\"Tyrving Friidrettsgruppa\",\"url\":\"https:\/\/tyrving.idrett.no\/10\/f\/\",\"logo\":{\"@type\":\"ImageObject\",\"inLanguage\":\"nb-NO\",\"@id\":\"https:\/\/tyrving.idrett.no\/10\/f\/#\/schema\/logo\/image\/\",\"url\":\"https:\/\/tyrving.idrett.no\/10\/f\/files\/2019\/04\/Tyrving-Logo-Friidrett-2019.jpg\",\"contentUrl\":\"https:\/\/tyrving.idrett.no\/10\/f\/files\/2019\/04\/Tyrving-Logo-Friidrett-2019.jpg\",\"width\":460,\"height\":360,\"caption\":\"Tyrving Friidrettsgruppa\"},\"image\":{\"@id\":\"https:\/\/tyrving.idrett.no\/10\/f\/#\/schema\/logo\/image\/\"}},{\"@type\":\"Person\",\"@id\":\"https:\/\/tyrving.idrett.no\/10\/f\/#\/schema\/person\/8ce96c740b9585e4c1f060ba84702224\",\"name\":\"mortenjensen\",\"image\":{\"@type\":\"ImageObject\",\"inLanguage\":\"nb-NO\",\"@id\":\"https:\/\/tyrving.idrett.no\/10\/f\/#\/schema\/person\/image\/\",\"url\":\"https:\/\/secure.gravatar.com\/avatar\/f75435030dcf343989325f8f843d0193?s=96&d=mm&r=g\",\"contentUrl\":\"https:\/\/secure.gravatar.com\/avatar\/f75435030dcf343989325f8f843d0193?s=96&d=mm&r=g\",\"caption\":\"mortenjensen\"}}]}<\/script>\n<!-- \/ Yoast SEO plugin. -->","yoast_head_json":{"title":"G\u00e5r du rundt med trener dr\u00f8mme? Oppfordring til \u00e5 ta trenerkurs - Tyrving - Friidrett","robots":{"index":"index","follow":"follow","max-snippet":"max-snippet:-1","max-image-preview":"max-image-preview:large","max-video-preview":"max-video-preview:-1"},"canonical":"https:\/\/tyrving.idrett.no\/10\/f\/2026\/03\/12\/gar-du-rundt-med-trener-dromme-oppfordring-til-a-ta-trenerkurs\/","og_locale":"nb_NO","og_type":"article","og_title":"G\u00e5r du rundt med trener dr\u00f8mme? Oppfordring til \u00e5 ta trenerkurs - Tyrving - Friidrett","og_description":"G\u00e5r du rundt med trener dr\u00f8mme? &nbsp; Har du tenkt tanken om \u00e5 jobbe som trener i Tyrving? Hva skal til? Hva er mine muligheter? &nbsp; Dette skal til i f\u00f8rste omgang: Politiattest Trenerattest Kurse...","og_url":"https:\/\/tyrving.idrett.no\/10\/f\/2026\/03\/12\/gar-du-rundt-med-trener-dromme-oppfordring-til-a-ta-trenerkurs\/","og_site_name":"Tyrving - Friidrett","article_published_time":"2026-03-12T10:47:27+00:00","og_image":[{"width":1920,"height":2560,"url":"https:\/\/tyrving.idrett.no\/10\/f\/files\/2022\/04\/IMG_20180628_103841-scaled-e1679920036883.jpg","type":"image\/jpeg"}],"author":"mortenjensen","twitter_card":"summary_large_image","twitter_misc":{"Skrevet av":"mortenjensen","Ansl. lesetid":"2 minutter"},"schema":{"@context":"https:\/\/schema.org","@graph":[{"@type":"Article","@id":"https:\/\/tyrving.idrett.no\/10\/f\/2026\/03\/12\/gar-du-rundt-med-trener-dromme-oppfordring-til-a-ta-trenerkurs\/#article","isPartOf":{"@id":"https:\/\/tyrving.idrett.no\/10\/f\/2026\/03\/12\/gar-du-rundt-med-trener-dromme-oppfordring-til-a-ta-trenerkurs\/"},"author":{"name":"mortenjensen","@id":"https:\/\/tyrving.idrett.no\/10\/f\/#\/schema\/person\/8ce96c740b9585e4c1f060ba84702224"},"headline":"G\u00e5r du rundt med trener dr\u00f8mme? Oppfordring til \u00e5 ta trenerkurs","datePublished":"2026-03-12T10:47:27+00:00","dateModified":"2026-03-12T10:47:27+00:00","mainEntityOfPage":{"@id":"https:\/\/tyrving.idrett.no\/10\/f\/2026\/03\/12\/gar-du-rundt-med-trener-dromme-oppfordring-til-a-ta-trenerkurs\/"},"wordCount":249,"publisher":{"@id":"https:\/\/tyrving.idrett.no\/10\/f\/#organization"},"articleSection":["Nyheter"],"inLanguage":"nb-NO"},{"@type":"WebPage","@id":"https:\/\/tyrving.idrett.no\/10\/f\/2026\/03\/12\/gar-du-rundt-med-trener-dromme-oppfordring-til-a-ta-trenerkurs\/","url":"https:\/\/tyrving.idrett.no\/10\/f\/2026\/03\/12\/gar-du-rundt-med-trener-dromme-oppfordring-til-a-ta-trenerkurs\/","name":"G\u00e5r du rundt med trener dr\u00f8mme? Oppfordring til \u00e5 ta trenerkurs - Tyrving - Friidrett","isPartOf":{"@id":"https:\/\/tyrving.idrett.no\/10\/f\/#website"},"datePublished":"2026-03-12T10:47:27+00:00","dateModified":"2026-03-12T10:47:27+00:00","breadcrumb":{"@id":"https:\/\/tyrving.idrett.no\/10\/f\/2026\/03\/12\/gar-du-rundt-med-trener-dromme-oppfordring-til-a-ta-trenerkurs\/#breadcrumb"},"inLanguage":"nb-NO","potentialAction":[{"@type":"ReadAction","target":["https:\/\/tyrving.idrett.no\/10\/f\/2026\/03\/12\/gar-du-rundt-med-trener-dromme-oppfordring-til-a-ta-trenerkurs\/"]}]},{"@type":"BreadcrumbList","@id":"https:\/\/tyrving.idrett.no\/10\/f\/2026\/03\/12\/gar-du-rundt-med-trener-dromme-oppfordring-til-a-ta-trenerkurs\/#breadcrumb","itemListElement":[{"@type":"ListItem","position":1,"name":"Hjem","item":"https:\/\/tyrving.idrett.no\/10\/f\/"},{"@type":"ListItem","position":2,"name":"G\u00e5r du rundt med trener dr\u00f8mme? Oppfordring til \u00e5 ta trenerkurs"}]},{"@type":"WebSite","@id":"https:\/\/tyrving.idrett.no\/10\/f\/#website","url":"https:\/\/tyrving.idrett.no\/10\/f\/","name":"Tyrving - Friidrett","description":"Friidrettsgruppa","publisher":{"@id":"https:\/\/tyrving.idrett.no\/10\/f\/#organization"},"potentialAction":[{"@type":"SearchAction","target":{"@type":"EntryPoint","urlTemplate":"https:\/\/tyrving.idrett.no\/10\/f\/?s={search_term_string}"},"query-input":"required name=search_term_string"}],"inLanguage":"nb-NO"},{"@type":"Organization","@id":"https:\/\/tyrving.idrett.no\/10\/f\/#organization","name":"Tyrving Friidrettsgruppa","url":"https:\/\/tyrving.idrett.no\/10\/f\/","logo":{"@type":"ImageObject","inLanguage":"nb-NO","@id":"https:\/\/tyrving.idrett.no\/10\/f\/#\/schema\/logo\/image\/","url":"https:\/\/tyrving.idrett.no\/10\/f\/files\/2019\/04\/Tyrving-Logo-Friidrett-2019.jpg","contentUrl":"https:\/\/tyrving.idrett.no\/10\/f\/files\/2019\/04\/Tyrving-Logo-Friidrett-2019.jpg","width":460,"height":360,"caption":"Tyrving Friidrettsgruppa"},"image":{"@id":"https:\/\/tyrving.idrett.no\/10\/f\/#\/schema\/logo\/image\/"}},{"@type":"Person","@id":"https:\/\/tyrving.idrett.no\/10\/f\/#\/schema\/person\/8ce96c740b9585e4c1f060ba84702224","name":"mortenjensen","image":{"@type":"ImageObject","inLanguage":"nb-NO","@id":"https:\/\/tyrving.idrett.no\/10\/f\/#\/schema\/person\/image\/","url":"https:\/\/secure.gravatar.com\/avatar\/f75435030dcf343989325f8f843d0193?s=96&d=mm&r=g","contentUrl":"https:\/\/secure.gravatar.com\/avatar\/f75435030dcf343989325f8f843d0193?s=96&d=mm&r=g","caption":"mortenjensen"}}]}},"jetpack_sharing_enabled":true,"jetpack_featured_media_url":"https:\/\/tyrving.idrett.no\/10\/f\/files\/2022\/04\/IMG_20180628_103841-scaled-e1679920036883.jpg","_links":{"self":[{"href":"https:\/\/tyrving.idrett.no\/10\/f\/wp-json\/wp\/v2\/posts\/28248"}],"collection":[{"href":"https:\/\/tyrving.idrett.no\/10\/f\/wp-json\/wp\/v2\/posts"}],"about":[{"href":"https:\/\/tyrving.idrett.no\/10\/f\/wp-json\/wp\/v2\/types\/post"}],"author":[{"embeddable":true,"href":"https:\/\/tyrving.idrett.no\/10\/f\/wp-json\/wp\/v2\/users\/46"}],"replies":[{"embeddable":true,"href":"https:\/\/tyrving.idrett.no\/10\/f\/wp-json\/wp\/v2\/comments?post=28248"}],"version-history":[{"count":1,"href":"https:\/\/tyrving.idrett.no\/10\/f\/wp-json\/wp\/v2\/posts\/28248\/revisions"}],"predecessor-version":[{"id":28249,"href":"https:\/\/tyrving.idrett.no\/10\/f\/wp-json\/wp\/v2\/posts\/28248\/revisions\/28249"}],"wp:featuredmedia":[{"embeddable":true,"href":"https:\/\/tyrving.idrett.no\/10\/f\/wp-json\/wp\/v2\/media\/23382"}],"wp:attachment":[{"href":"https:\/\/tyrving.idrett.no\/10\/f\/wp-json\/wp\/v2\/media?parent=28248"}],"wp:term":[{"taxonomy":"category","embeddable":true,"href":"https:\/\/tyrving.idrett.no\/10\/f\/wp-json\/wp\/v2\/categories?post=28248"},{"taxonomy":"post_tag","embeddable":true,"href":"https:\/\/tyrving.idrett.no\/10\/f\/wp-json\/wp\/v2\/tags?post=28248"}],"curies":[{"name":"wp","href":"https:\/\/api.w.org\/{rel}","templated":true}]}}