{"id":28653,"date":"2026-08-31T10:48:31","date_gmt":"2026-08-31T08:48:31","guid":{"rendered":"https:\/\/tyrving.idrett.no\/10\/f\/?p=28653"},"modified":"2026-08-31T11:15:44","modified_gmt":"2026-08-31T09:15:44","slug":"verdifull-erfaring-for-tyrving-under-junior-nm-pa-bislett","status":"publish","type":"post","link":"https:\/\/tyrving.idrett.no\/10\/f\/2026\/08\/31\/verdifull-erfaring-for-tyrving-under-junior-nm-pa-bislett\/","title":{"rendered":"Verdifull erfaring for Tyrving under Junior-NM p\u00e5 Bislett"},"content":{"rendered":"\t\t<div data-elementor-type=\"wp-post\" data-elementor-id=\"28653\" class=\"elementor elementor-28653\" data-elementor-post-type=\"post\">\n\t\t\t\t\t\t\t\t\t<section class=\"elementor-section elementor-top-section elementor-element elementor-element-699e37ea elementor-section-boxed elementor-section-height-default elementor-section-height-default\" data-id=\"699e37ea\" data-element_type=\"section\">\n\t\t\t\t\t\t<div class=\"elementor-container elementor-column-gap-default\">\n\t\t\t\t\t<div class=\"elementor-column elementor-col-100 elementor-top-column elementor-element elementor-element-7d49f115\" data-id=\"7d49f115\" data-element_type=\"column\">\n\t\t\t<div class=\"elementor-widget-wrap elementor-element-populated\">\n\t\t\t\t\t\t\t\t<div class=\"elementor-element elementor-element-31c81261 elementor-widget elementor-widget-text-editor\" data-id=\"31c81261\" data-element_type=\"widget\" data-widget_type=\"text-editor.default\">\n\t\t\t\t<div class=\"elementor-widget-container\">\n\t\t\t\t\t\t\t<div class=\"n6owBd awi2gc\" data-sfc-cp=\"\" data-sfc-root=\"ep\" data-hveid=\"CAAIDRAA\" data-complete=\"true\" data-processed=\"true\" data-copy-service-computed-style=\"font-family: &quot;Google Sans&quot;, Arial, sans-serif; font-size: 16px; font-weight: 400; margin: 12px 0px 16px; text-decoration: none; border-bottom: 0px rgb(10, 10, 10);\">Det ble en intens og l\u00e6rerik helg for Tyrving IL under Junior-NM p\u00e5 Bislett stadion. Selv om klubben stilte med en mindre og yngre tropp enn i tidligere \u00e5r, markerte ut\u00f8verne seg med to str\u00e5lende bronsemedaljer og flere sterke finaleplasseringer.<!--TgQPHd|||[]--><br><br><\/div>\n<div data-sfc-cp=\"\" data-sfc-root=\"ep\" data-hveid=\"CAAIDRAA\" data-complete=\"true\" data-processed=\"true\" data-copy-service-computed-style=\"font-family: &quot;Google Sans&quot;, Arial, sans-serif; font-size: 16px; font-weight: 400; margin: 12px 0px 16px; text-decoration: none; border-bottom: 0px rgb(10, 10, 10);\"><\/div>\n<div data-sfc-cp=\"\" data-sfc-root=\"ep\" data-hveid=\"CAAIDRAA\" data-complete=\"true\" data-processed=\"true\" data-copy-service-computed-style=\"font-family: &quot;Google Sans&quot;, Arial, sans-serif; font-size: 16px; font-weight: 400; margin: 12px 0px 16px; text-decoration: none; border-bottom: 0px rgb(10, 10, 10);\"><\/div>\n<div class=\"yhAwj\" data-sfc-cp=\"\" data-sfc-root=\"ep\" data-complete=\"true\" data-processed=\"true\" data-sfc-inited=\"2\" data-copy-service-computed-style=\"font-family: &quot;Google Sans&quot;, Arial, sans-serif; font-size: 14px; font-weight: 400; margin: 0px; text-decoration: none; border-bottom: 0px rgb(10, 10, 10);\"><strong><!--TgQPHd|||[]--><\/strong><\/div>\n<div class=\"otQkpb\" role=\"heading\" data-animation-nesting=\"\" data-sfc-cp=\"\" data-wiz-attrbind=\"aria-level=dakvEf_1r\/fLk2Md\" data-sfc-root=\"ep\" data-complete=\"true\" data-processed=\"true\" data-sae=\"\" data-copy-service-computed-style=\"font-family: &quot;Google Sans&quot;, Arial, sans-serif; font-size: 24px; font-weight: 500; margin: 24px 0px 12px; text-decoration: none; border-bottom: 0px rgb(10, 10, 10);\"><strong>Verdig ramme og t\u00f8ff konkurranse<\/strong><!--TgQPHd|||[]--><\/div>\n<div class=\"n6owBd awi2gc\" data-sfc-cp=\"\" data-sfc-root=\"ep\" data-hveid=\"CAAIDxAA\" data-complete=\"true\" data-processed=\"true\" data-copy-service-computed-style=\"font-family: &quot;Google Sans&quot;, Arial, sans-serif; font-size: 16px; font-weight: 400; margin: 12px 0px 16px; text-decoration: none; border-bottom: 0px rgb(10, 10, 10);\">Mesterskapet fikk en spesiell start som f\u00f8lge av Hans Majestet Kong Haralds bortgang, og helgen ble avholdt i en rolig og verdig atmosf\u00e6re med redusert lydniv\u00e5 og <em class=\"zhvwWe\" data-sfc-cp=\"\" data-sfc-root=\"ep\" data-complete=\"true\" data-processed=\"true\" data-copy-service-computed-style=\"font-family: &quot;Google Sans&quot;, Arial, sans-serif; font-size: 16px; font-weight: 400; margin: 0px; text-decoration: none; border-bottom: 0px rgb(10, 10, 10);\">silent gun<!--TgQPHd|||[]--><\/em>.<!--TgQPHd|||[]--><br><br><\/div>\n<div data-sfc-cp=\"\" data-sfc-root=\"ep\" data-hveid=\"CAAIDxAA\" data-complete=\"true\" data-processed=\"true\" data-copy-service-computed-style=\"font-family: &quot;Google Sans&quot;, Arial, sans-serif; font-size: 16px; font-weight: 400; margin: 12px 0px 16px; text-decoration: none; border-bottom: 0px rgb(10, 10, 10);\"><\/div>\n<div data-sfc-cp=\"\" data-sfc-root=\"ep\" data-hveid=\"CAAIDxAA\" data-complete=\"true\" data-processed=\"true\" data-copy-service-computed-style=\"font-family: &quot;Google Sans&quot;, Arial, sans-serif; font-size: 16px; font-weight: 400; margin: 12px 0px 16px; text-decoration: none; border-bottom: 0px rgb(10, 10, 10);\"><\/div>\n<div data-sfc-cp=\"\" data-sfc-root=\"ep\" data-hveid=\"CAAIDxAA\" data-complete=\"true\" data-processed=\"true\" data-copy-service-computed-style=\"font-family: &quot;Google Sans&quot;, Arial, sans-serif; font-size: 16px; font-weight: 400; margin: 12px 0px 16px; text-decoration: none; border-bottom: 0px rgb(10, 10, 10);\"><\/div>\n<div class=\"n6owBd awi2gc\" data-sfc-cp=\"\" data-sfc-root=\"ep\" data-hveid=\"CAAIEhAA\" data-complete=\"true\" data-processed=\"true\" data-copy-service-computed-style=\"font-family: &quot;Google Sans&quot;, Arial, sans-serif; font-size: 16px; font-weight: 400; margin: 12px 0px 16px; text-decoration: none; border-bottom: 0px rgb(10, 10, 10);\"><strong>Sportslige h\u00f8ydepunkter<\/strong><!--TgQPHd|||[]--><!--TgQPHd|||[]--><\/div>\n<div class=\"yhAwj\" data-sfc-cp=\"\" data-sfc-root=\"ep\" data-complete=\"true\" data-processed=\"true\" data-sfc-inited=\"2\" data-copy-service-computed-style=\"font-family: &quot;Google Sans&quot;, Arial, sans-serif; font-size: 14px; font-weight: 400; margin: 0px; text-decoration: none; border-bottom: 0px rgb(10, 10, 10);\"><!--TgQPHd|||[]--><\/div>\n<div class=\"n6owBd awi2gc\" data-sfc-cp=\"\" data-sfc-root=\"ep\" data-hveid=\"CAAIFBAA\" data-processed=\"true\" data-complete=\"true\" data-copy-service-computed-style=\"font-family: &quot;Google Sans&quot;, Arial, sans-serif; font-size: 16px; font-weight: 400; margin: 12px 0px 16px; text-decoration: none; border-bottom: 0px rgb(10, 10, 10);\">Helgens 2 store Tyrving-h\u00f8ydepunkt sto <span class=\"iNqyIf\" data-sfc-cp=\"\" data-sfc-root=\"ep\" data-processed=\"true\" data-complete=\"true\" data-copy-service-computed-style=\"font-family: &quot;Google Sans&quot;, Arial, sans-serif; font-size: 16px; font-weight: 700; margin: 0px; text-decoration: none; border-bottom: 0px rgb(10, 10, 10);\"><span class=\"\" data-sfc-cp=\"\" data-sfc-root=\"c\" data-ved=\"2ahUKEwjd_5jlscqWAxUVAxAIHZCDI_cQ0fERegYIAAgUEAE\" data-complete=\"true\" data-processed=\"true\" data-copy-service-computed-style=\"font-family: &quot;Google Sans&quot;, Arial, sans-serif; font-size: 16px; font-weight: 700; margin: 0px; text-decoration: none; border-bottom: 0px rgb(10, 10, 10);\">Elias Haugen Torjussen<\/span><\/span>&nbsp; og Thomas Svendsen for.<\/div>\n<div data-sfc-cp=\"\" data-sfc-root=\"ep\" data-hveid=\"CAAIFBAA\" data-processed=\"true\" data-complete=\"true\" data-copy-service-computed-style=\"font-family: &quot;Google Sans&quot;, Arial, sans-serif; font-size: 16px; font-weight: 400; margin: 12px 0px 16px; text-decoration: none; border-bottom: 0px rgb(10, 10, 10);\"><\/div>\n<div class=\"n6owBd awi2gc\" data-sfc-cp=\"\" data-sfc-root=\"ep\" data-hveid=\"CAAIFBAA\" data-processed=\"true\" data-complete=\"true\" data-copy-service-computed-style=\"font-family: &quot;Google Sans&quot;, Arial, sans-serif; font-size: 16px; font-weight: 400; margin: 12px 0px 16px; text-decoration: none; border-bottom: 0px rgb(10, 10, 10);\">Elias p\u00e5 herrenes 5000 meter i U20-klassen. I et meget sterkt felt disponerte han kreftene perfekt, kjempet iherdig hele veien og l\u00f8p inn til en fantastisk bronsemedalje<!--TgQPHd|||[]-->. Tiden 14:20,04<!--TgQPHd|||[]--> var i tillegg en solid forbedring av hans personlige rekord samt ny klubbrekord i Tyrving.&nbsp;&nbsp;<!--TgQPHd|||[]--><br><br><\/div>\n<div data-sfc-cp=\"\" data-sfc-root=\"ep\" data-hveid=\"CAAIFBAA\" data-processed=\"true\" data-complete=\"true\" data-copy-service-computed-style=\"font-family: &quot;Google Sans&quot;, Arial, sans-serif; font-size: 16px; font-weight: 400; margin: 12px 0px 16px; text-decoration: none; border-bottom: 0px rgb(10, 10, 10);\"><\/div>\n<div data-sfc-cp=\"\" data-sfc-root=\"ep\" data-hveid=\"CAAIFBAA\" data-processed=\"true\" data-complete=\"true\" data-copy-service-computed-style=\"font-family: &quot;Google Sans&quot;, Arial, sans-serif; font-size: 16px; font-weight: 400; margin: 12px 0px 16px; text-decoration: none; border-bottom: 0px rgb(10, 10, 10);\">Gratulerer s\u00e5 mye med fornem prestasjon.<br><\/div><p><br><\/p><p><br><\/p>\n<div data-sfc-cp=\"\" data-sfc-root=\"ep\" data-hveid=\"CAAIFBAA\" data-processed=\"true\" data-complete=\"true\" data-copy-service-computed-style=\"font-family: &quot;Google Sans&quot;, Arial, sans-serif; font-size: 16px; font-weight: 400; margin: 12px 0px 16px; text-decoration: none; border-bottom: 0px rgb(10, 10, 10);\"><\/div>\n<div class=\"yhAwj\" data-sfc-cp=\"\" data-sfc-root=\"ep\" data-complete=\"true\" data-processed=\"true\" data-sfc-inited=\"2\" data-copy-service-computed-style=\"font-family: &quot;Google Sans&quot;, Arial, sans-serif; font-size: 14px; font-weight: 400; margin: 0px; text-decoration: none; border-bottom: 0px rgb(10, 10, 10);\"><!--TgQPHd|||[]--><\/div>\n<div class=\"n6owBd awi2gc\" data-sfc-cp=\"\" data-sfc-root=\"ep\" data-hveid=\"CAAIFRAA\" data-complete=\"true\" data-processed=\"true\" data-copy-service-computed-style=\"font-family: &quot;Google Sans&quot;, Arial, sans-serif; font-size: 16px; font-weight: 400; margin: 12px 0px 16px; text-decoration: none; border-bottom: 0px rgb(10, 10, 10);\"><\/div>\n<div data-sfc-cp=\"\" data-sfc-root=\"ep\" data-hveid=\"CAAIFRAA\" data-complete=\"true\" data-processed=\"true\" data-copy-service-computed-style=\"font-family: &quot;Google Sans&quot;, Arial, sans-serif; font-size: 16px; font-weight: 400; margin: 12px 0px 16px; text-decoration: none; border-bottom: 0px rgb(10, 10, 10);\"><\/div>\n<div data-sfc-cp=\"\" data-sfc-root=\"ep\" data-hveid=\"CAAIFRAA\" data-complete=\"true\" data-processed=\"true\" data-copy-service-computed-style=\"font-family: &quot;Google Sans&quot;, Arial, sans-serif; font-size: 16px; font-weight: 400; margin: 12px 0px 16px; text-decoration: none; border-bottom: 0px rgb(10, 10, 10);\"><span class=\"iNqyIf\" data-sfc-cp=\"\" data-sfc-root=\"ep\" data-complete=\"true\" data-copy-service-computed-style=\"font-family: &quot;Google Sans&quot;, Arial, sans-serif; font-size: 16px; font-weight: 400; margin: 0px; text-decoration: none; border-bottom: 0px rgb(10, 10, 10);\"><span class=\"\" data-sfc-cp=\"\" data-sfc-root=\"c\" data-ved=\"2ahUKEwjd_5jlscqWAxUVAxAIHZCDI_cQ0fERegYIAAgWEAI\" data-complete=\"true\" data-copy-service-computed-style=\"font-family: &quot;Google Sans&quot;, Arial, sans-serif; font-size: 16px; font-weight: 700; margin: 0px; text-decoration: none; border-bottom: 0px rgb(10, 10, 10);\">Thomas Svendsen<\/span> (Menn U20) leverte et str\u00e5lende mesterskap i spydkast. Han slo til med et kast p\u00e5 <strong class=\"rQesXe MPyX\" data-sfc-cp=\"\" data-sfc-root=\"ep\" data-complete=\"true\" data-copy-service-computed-style=\"font-family: &quot;Google Sans&quot;, Arial, sans-serif; font-size: 16px; font-weight: 700; margin: 0px; text-decoration: none; border-bottom: 0px rgb(10, 10, 10);\">51,57 meter som sikret en flott bronsemedalje<\/strong> \u2013 kastet var ogs\u00e5 ny personlig rekord med 800g spydet.<\/span><\/div>\n<div data-sfc-cp=\"\" data-sfc-root=\"ep\" data-hveid=\"CAAIFRAA\" data-complete=\"true\" data-processed=\"true\" data-copy-service-computed-style=\"font-family: &quot;Google Sans&quot;, Arial, sans-serif; font-size: 16px; font-weight: 400; margin: 12px 0px 16px; text-decoration: none; border-bottom: 0px rgb(10, 10, 10);\"><\/div>\n<div data-sfc-cp=\"\" data-sfc-root=\"ep\" data-hveid=\"CAAIFRAA\" data-complete=\"true\" data-processed=\"true\" data-copy-service-computed-style=\"font-family: &quot;Google Sans&quot;, Arial, sans-serif; font-size: 16px; font-weight: 400; margin: 12px 0px 16px; text-decoration: none; border-bottom: 0px rgb(10, 10, 10);\">Gratulerer, Thomas.<br><\/div><p><br><\/p>\n<div data-sfc-cp=\"\" data-sfc-root=\"ep\" data-hveid=\"CAAIFRAA\" data-complete=\"true\" data-processed=\"true\" data-copy-service-computed-style=\"font-family: &quot;Google Sans&quot;, Arial, sans-serif; font-size: 16px; font-weight: 400; margin: 12px 0px 16px; text-decoration: none; border-bottom: 0px rgb(10, 10, 10);\"><\/div>\n<div data-sfc-cp=\"\" data-sfc-root=\"ep\" data-hveid=\"CAAIFRAA\" data-complete=\"true\" data-processed=\"true\" data-copy-service-computed-style=\"font-family: &quot;Google Sans&quot;, Arial, sans-serif; font-size: 16px; font-weight: 400; margin: 12px 0px 16px; text-decoration: none; border-bottom: 0px rgb(10, 10, 10);\"><\/div>\n<div data-sfc-cp=\"\" data-sfc-root=\"ep\" data-hveid=\"CAAIFRAA\" data-complete=\"true\" data-processed=\"true\" data-copy-service-computed-style=\"font-family: &quot;Google Sans&quot;, Arial, sans-serif; font-size: 16px; font-weight: 400; margin: 12px 0px 16px; text-decoration: none; border-bottom: 0px rgb(10, 10, 10);\"><\/div>\n<div data-sfc-cp=\"\" data-sfc-root=\"ep\" data-hveid=\"CAAIFRAA\" data-complete=\"true\" data-processed=\"true\" data-copy-service-computed-style=\"font-family: &quot;Google Sans&quot;, Arial, sans-serif; font-size: 16px; font-weight: 400; margin: 12px 0px 16px; text-decoration: none; border-bottom: 0px rgb(10, 10, 10);\">Andre fremhevet resultater:<br><br><\/div>\n<div data-sfc-cp=\"\" data-sfc-root=\"ep\" data-hveid=\"CAAIFRAA\" data-complete=\"true\" data-processed=\"true\" data-copy-service-computed-style=\"font-family: &quot;Google Sans&quot;, Arial, sans-serif; font-size: 16px; font-weight: 400; margin: 12px 0px 16px; text-decoration: none; border-bottom: 0px rgb(10, 10, 10);\"><\/div>\n<ul class=\"KsbFXc U6u95\" data-sfc-cp=\"\" data-sfc-root=\"ep\" data-ved=\"2ahUKEwjd_5jlscqWAxUVAxAIHZCDI_cQ-7AUegYIAAgWEAA\" data-hveid=\"CAAIFhAA\" data-complete=\"true\" data-processed=\"true\" data-copy-service-computed-style=\"font-family: &quot;Google Sans&quot;, Arial, sans-serif; font-size: 16px; font-weight: 400; margin: 12px 0px 16px; text-decoration: none; border-bottom: 0px rgb(10, 10, 10);\">\n<li style=\"list-style-type: none\">\n<ul class=\"KsbFXc U6u95\" data-sfc-cp=\"\" data-sfc-root=\"ep\" data-ved=\"2ahUKEwjd_5jlscqWAxUVAxAIHZCDI_cQ-7AUegYIAAgWEAA\" data-hveid=\"CAAIFhAA\" data-complete=\"true\" data-processed=\"true\" data-copy-service-computed-style=\"font-family: &quot;Google Sans&quot;, Arial, sans-serif; font-size: 16px; font-weight: 400; margin: 12px 0px 16px; text-decoration: none; border-bottom: 0px rgb(10, 10, 10);\">\n<li class=\"Z1qcYe\" data-sfc-cp=\"\" data-sfc-root=\"ep\" data-hveid=\"CAAIFhAF\" data-complete=\"true\" data-sae=\"\" data-copy-service-computed-style=\"font-family: &quot;Google Sans&quot;, Arial, sans-serif; font-size: 16px; font-weight: 400; margin: 0px 0px 12px; text-decoration: none; border-bottom: 0px rgb(10, 10, 10);\"><span class=\"iNqyIf\" data-sfc-cp=\"\" data-sfc-root=\"ep\" data-complete=\"true\" data-copy-service-computed-style=\"font-family: &quot;Google Sans&quot;, Arial, sans-serif; font-size: 16px; font-weight: 400; margin: 0px; text-decoration: none; border-bottom: 0px rgb(10, 10, 10);\"><strong class=\"rQesXe MPyX\" data-sfc-cp=\"\" data-sfc-root=\"ep\" data-complete=\"true\" data-copy-service-computed-style=\"font-family: &quot;Google Sans&quot;, Arial, sans-serif; font-size: 16px; font-weight: 700; margin: 0px; text-decoration: none; border-bottom: 0px rgb(10, 10, 10);\"><span data-sfc-cp=\"\" data-sfc-root=\"ep\" data-complete=\"true\" data-copy-service-computed-style=\"font-family: &quot;Google Sans&quot;, Arial, sans-serif; font-size: 16px; font-weight: 700; margin: 0px; text-decoration: none; border-bottom: 0px rgb(10, 10, 10);\"><span class=\"\" data-sfc-cp=\"\" data-sfc-root=\"c\" data-ved=\"2ahUKEwjd_5jlscqWAxUVAxAIHZCDI_cQ0fERegYIAAgWEAY\" data-complete=\"true\" data-copy-service-computed-style=\"font-family: &quot;Google Sans&quot;, Arial, sans-serif; font-size: 16px; font-weight: 700; margin: 0px; text-decoration: none; border-bottom: 0px rgb(10, 10, 10);\">Markus Le Fjeld<!--TgQPHd|||[]--><!--TgQPHd|||[false,&quot;&quot;,false,{&quot;u&quot;:0}]--><\/span><!--TgQPHd|||[]--><!--TgQPHd|||[]--><\/span><!--TgQPHd|||[]--><!--TgQPHd|||[]--><\/strong> kjempet i den absolutte norgestoppen p\u00e5 den prestisjetunge 100-meteren i Menn U20. I et knallhardt finaleheat l\u00f8p han inn til en sterk 5. plass<!--TgQPHd|||[]--> med tiden 10,91.<!--TgQPHd|||[]--><\/span>&nbsp;<!--TgQPHd|||[]--><\/li>\n<li class=\"Z1qcYe\" data-sfc-cp=\"\" data-sfc-root=\"ep\" data-hveid=\"CAAIFhAL\" data-complete=\"true\" data-sae=\"\" data-copy-service-computed-style=\"font-family: &quot;Google Sans&quot;, Arial, sans-serif; font-size: 16px; font-weight: 400; margin: 0px 0px 12px; text-decoration: none; border-bottom: 0px rgb(10, 10, 10);\"><span class=\"iNqyIf\" data-sfc-cp=\"\" data-sfc-root=\"ep\" data-complete=\"true\" data-copy-service-computed-style=\"font-family: &quot;Google Sans&quot;, Arial, sans-serif; font-size: 16px; font-weight: 400; margin: 0px; text-decoration: none; border-bottom: 0px rgb(10, 10, 10);\"><strong class=\"rQesXe MPyX\" data-sfc-cp=\"\" data-sfc-root=\"ep\" data-complete=\"true\" data-copy-service-computed-style=\"font-family: &quot;Google Sans&quot;, Arial, sans-serif; font-size: 16px; font-weight: 700; margin: 0px; text-decoration: none; border-bottom: 0px rgb(10, 10, 10);\"><span data-sfc-cp=\"\" data-sfc-root=\"ep\" data-complete=\"true\" data-copy-service-computed-style=\"font-family: &quot;Google Sans&quot;, Arial, sans-serif; font-size: 16px; font-weight: 700; margin: 0px; text-decoration: none; border-bottom: 0px rgb(10, 10, 10);\"><span class=\"\" data-sfc-cp=\"\" data-sfc-root=\"c\" data-ved=\"2ahUKEwjd_5jlscqWAxUVAxAIHZCDI_cQ0fERegYIAAgWEAw\" data-complete=\"true\" data-copy-service-computed-style=\"font-family: &quot;Google Sans&quot;, Arial, sans-serif; font-size: 16px; font-weight: 700; margin: 0px; text-decoration: none; border-bottom: 0px rgb(10, 10, 10);\">Elise Sandvik Tornberg<!--TgQPHd|||[]--><!--TgQPHd|||[false,&quot;&quot;,false,{&quot;u&quot;:0}]--><\/span><!--TgQPHd|||[]--><!--TgQPHd|||[]--><\/span><!--TgQPHd|||[]--><!--TgQPHd|||[]--><\/strong> (Kvinner U20) sto p\u00e5 i lengdegropen og landet p\u00e5 5,38 meter, noe som holdt til en solid 5. plass.<\/span><\/li>\n<li class=\"Z1qcYe\" data-sfc-cp=\"\" data-sfc-root=\"ep\" data-hveid=\"CAAIFhAL\" data-complete=\"true\" data-sae=\"\" data-copy-service-computed-style=\"font-family: &quot;Google Sans&quot;, Arial, sans-serif; font-size: 16px; font-weight: 400; margin: 0px 0px 12px; text-decoration: none; border-bottom: 0px rgb(10, 10, 10);\"><span class=\"iNqyIf\" data-sfc-cp=\"\" data-sfc-root=\"ep\" data-complete=\"true\" data-copy-service-computed-style=\"font-family: &quot;Google Sans&quot;, Arial, sans-serif; font-size: 16px; font-weight: 400; margin: 0px; text-decoration: none; border-bottom: 0px rgb(10, 10, 10);\"><strong class=\"rQesXe MPyX\" data-sfc-cp=\"\" data-sfc-root=\"ep\" data-complete=\"true\" data-copy-service-computed-style=\"font-family: &quot;Google Sans&quot;, Arial, sans-serif; font-size: 16px; font-weight: 700; margin: 0px; text-decoration: none; border-bottom: 0px rgb(10, 10, 10);\"><span data-sfc-cp=\"\" data-sfc-root=\"ep\" data-complete=\"true\" data-copy-service-computed-style=\"font-family: &quot;Google Sans&quot;, Arial, sans-serif; font-size: 16px; font-weight: 700; margin: 0px; text-decoration: none; border-bottom: 0px rgb(10, 10, 10);\"><span class=\"\" data-sfc-cp=\"\" data-sfc-root=\"c\" data-ved=\"2ahUKEwjd_5jlscqWAxUVAxAIHZCDI_cQ0fERegYIAAgWEBA\" data-complete=\"true\" data-copy-service-computed-style=\"font-family: &quot;Google Sans&quot;, Arial, sans-serif; font-size: 16px; font-weight: 700; margin: 0px; text-decoration: none; border-bottom: 0px rgb(10, 10, 10);\">Sebastian Brunsdon<!--TgQPHd|||[]--><!--TgQPHd|||[false,&quot;&quot;,false,{&quot;u&quot;:0}]--><\/span><!--TgQPHd|||[]--><!--TgQPHd|||[]--><\/span><!--TgQPHd|||[]--><!--TgQPHd|||[]--><\/strong> (Menn U20) viste gode takter p\u00e5 800 meter. Etter \u00e5 ha tatt seg sikkert videre fra fors\u00f8ket, kjempet han inn til en flott 6. plass<!--TgQPHd|||[]--> i finalen p\u00e5 tiden 1:54,95.<!--TgQPHd|||[]--><\/span><!--TgQPHd|||[]--><\/li>\n<li class=\"Z1qcYe\" data-sfc-cp=\"\" data-sfc-root=\"ep\" data-hveid=\"CAAIFhAT\" data-complete=\"true\" data-sae=\"\" data-copy-service-computed-style=\"font-family: &quot;Google Sans&quot;, Arial, sans-serif; font-size: 16px; font-weight: 400; margin: 0px 0px 12px; text-decoration: none; border-bottom: 0px rgb(10, 10, 10);\"><span class=\"iNqyIf\" data-sfc-cp=\"\" data-sfc-root=\"ep\" data-complete=\"true\" data-copy-service-computed-style=\"font-family: &quot;Google Sans&quot;, Arial, sans-serif; font-size: 16px; font-weight: 400; margin: 0px; text-decoration: none; border-bottom: 0px rgb(10, 10, 10);\"><strong class=\"rQesXe MPyX\" data-sfc-cp=\"\" data-sfc-root=\"ep\" data-complete=\"true\" data-copy-service-computed-style=\"font-family: &quot;Google Sans&quot;, Arial, sans-serif; font-size: 16px; font-weight: 700; margin: 0px; text-decoration: none; border-bottom: 0px rgb(10, 10, 10);\"><span data-sfc-cp=\"\" data-sfc-root=\"ep\" data-complete=\"true\" data-copy-service-computed-style=\"font-family: &quot;Google Sans&quot;, Arial, sans-serif; font-size: 16px; font-weight: 700; margin: 0px; text-decoration: none; border-bottom: 0px rgb(10, 10, 10);\"><span class=\"\" data-sfc-cp=\"\" data-sfc-root=\"c\" data-ved=\"2ahUKEwjd_5jlscqWAxUVAxAIHZCDI_cQ0fERegYIAAgWEBQ\" data-complete=\"true\" data-copy-service-computed-style=\"font-family: &quot;Google Sans&quot;, Arial, sans-serif; font-size: 16px; font-weight: 700; margin: 0px; text-decoration: none; border-bottom: 0px rgb(10, 10, 10);\">Thomas Skalstad-Aaker<!--TgQPHd|||[]--><!--TgQPHd|||[false,&quot;&quot;,false,{&quot;u&quot;:0}]--><\/span><!--TgQPHd|||[]--><!--TgQPHd|||[]--><\/span><!--TgQPHd|||[]--><!--TgQPHd|||[]--><\/strong> sikret seg ogs\u00e5 en finaleplass p\u00e5 herrenes 100 meter i U23-klassen, der han l\u00f8p inn til en 6. plass p\u00e5 tiden 11,24.<!--TgQPHd|||[]--><\/span><!--TgQPHd|||[]--><\/li>\n<li data-sfc-cp=\"\" data-sfc-root=\"ep\" data-hveid=\"CAAIFhAT\" data-complete=\"true\" data-sae=\"\" data-copy-service-computed-style=\"font-family: &quot;Google Sans&quot;, Arial, sans-serif; font-size: 16px; font-weight: 400; margin: 0px 0px 12px; text-decoration: none; border-bottom: 0px rgb(10, 10, 10);\"><strong>Hanna Fiva \u00d8iestad<\/strong> hoppet seg til en 4. plass i h\u00f8yde med 1,59m i KU20 klassen.<\/li>\n<\/ul>\n<\/li>\n<\/ul>\n<p><!--TgQPHd|||[]--><\/p>\n<p>&nbsp;<\/p>\n<p>&nbsp;<\/p>\n<div class=\"yhAwj\" data-sfc-cp=\"\" data-sfc-root=\"ep\" data-complete=\"true\" data-processed=\"true\" data-sfc-inited=\"2\" data-copy-service-computed-style=\"font-family: &quot;Google Sans&quot;, Arial, sans-serif; font-size: 14px; font-weight: 400; margin: 0px; text-decoration: none; border-bottom: 0px rgb(10, 10, 10);\"><!--TgQPHd|||[]--><\/div>\n<div class=\"otQkpb\" role=\"heading\" data-animation-nesting=\"\" data-sfc-cp=\"\" data-wiz-attrbind=\"aria-level=dakvEf_50\/fLk2Md\" data-sfc-root=\"ep\" data-complete=\"true\" data-processed=\"true\" data-sae=\"\" data-copy-service-computed-style=\"font-family: &quot;Google Sans&quot;, Arial, sans-serif; font-size: 24px; font-weight: 500; margin: 24px 0px 12px; text-decoration: none; border-bottom: 0px rgb(10, 10, 10);\"><strong>Bygger videre mot h\u00f8sten<\/strong><!--TgQPHd|||[]--><\/div>\n<div class=\"n6owBd awi2gc\" data-sfc-cp=\"\" data-sfc-root=\"ep\" data-hveid=\"CAAIGRAA\" data-complete=\"true\" data-processed=\"true\" data-copy-service-computed-style=\"font-family: &quot;Google Sans&quot;, Arial, sans-serif; font-size: 16px; font-weight: 400; margin: 12px 0px 16px; text-decoration: none; border-bottom: 0px rgb(10, 10, 10);\">Selv om troppen var mindre denne gangen, viser resultatene p\u00e5 Bislett at toppniv\u00e5et i klubben fortsatt er skyh\u00f8yt. Medaljen og de mange finaleplasseringene gir verdifull motivasjon og l\u00e6ring for det unge mannskapet. Erfaringene fra helgen blir viktige \u00e5 ta med seg inn i treningsarbeidet utover h\u00f8sten for \u00e5 bygge opp en enda st\u00f8rre og bredere tropp til fremtidige mesterskap.<br><\/div><p><br><\/p>\n<div data-sfc-cp=\"\" data-sfc-root=\"ep\" data-hveid=\"CAAIGRAA\" data-complete=\"true\" data-processed=\"true\" data-copy-service-computed-style=\"font-family: &quot;Google Sans&quot;, Arial, sans-serif; font-size: 16px; font-weight: 400; margin: 12px 0px 16px; text-decoration: none; border-bottom: 0px rgb(10, 10, 10);\"><\/div>\n<div data-sfc-cp=\"\" data-sfc-root=\"ep\" data-hveid=\"CAAIGRAA\" data-complete=\"true\" data-processed=\"true\" data-copy-service-computed-style=\"font-family: &quot;Google Sans&quot;, Arial, sans-serif; font-size: 16px; font-weight: 400; margin: 12px 0px 16px; text-decoration: none; border-bottom: 0px rgb(10, 10, 10);\"><\/div>\n<div data-sfc-cp=\"\" data-sfc-root=\"ep\" data-hveid=\"CAAIGRAA\" data-complete=\"true\" data-processed=\"true\" data-copy-service-computed-style=\"font-family: &quot;Google Sans&quot;, Arial, sans-serif; font-size: 16px; font-weight: 400; margin: 12px 0px 16px; text-decoration: none; border-bottom: 0px rgb(10, 10, 10);\"><\/div>\n<div data-sfc-cp=\"\" data-sfc-root=\"ep\" data-hveid=\"CAAIGRAA\" data-complete=\"true\" data-processed=\"true\" data-copy-service-computed-style=\"font-family: &quot;Google Sans&quot;, Arial, sans-serif; font-size: 16px; font-weight: 400; margin: 12px 0px 16px; text-decoration: none; border-bottom: 0px rgb(10, 10, 10);\">Komplett resultatliste: <a href=\"https:\/\/liveres.andro.no\/liveres\/347\">Junior NM friidrett &#8211; Frisys Live<\/a><br><br><\/div>\n<div data-sfc-cp=\"\" data-sfc-root=\"ep\" data-hveid=\"CAAIGRAA\" data-complete=\"true\" data-processed=\"true\" data-copy-service-computed-style=\"font-family: &quot;Google Sans&quot;, Arial, sans-serif; font-size: 16px; font-weight: 400; margin: 12px 0px 16px; text-decoration: none; border-bottom: 0px rgb(10, 10, 10);\"><\/div>\n<div data-sfc-cp=\"\" data-sfc-root=\"ep\" data-hveid=\"CAAIGRAA\" data-complete=\"true\" data-processed=\"true\" data-copy-service-computed-style=\"font-family: &quot;Google Sans&quot;, Arial, sans-serif; font-size: 16px; font-weight: 400; margin: 12px 0px 16px; text-decoration: none; border-bottom: 0px rgb(10, 10, 10);\"><\/div>\n<div data-sfc-cp=\"\" data-sfc-root=\"ep\" data-hveid=\"CAAIGRAA\" data-complete=\"true\" data-processed=\"true\" data-copy-service-computed-style=\"font-family: &quot;Google Sans&quot;, Arial, sans-serif; font-size: 16px; font-weight: 400; margin: 12px 0px 16px; text-decoration: none; border-bottom: 0px rgb(10, 10, 10);\"><\/div>\n<div data-sfc-cp=\"\" data-sfc-root=\"ep\" data-hveid=\"CAAIGRAA\" data-complete=\"true\" data-processed=\"true\" data-copy-service-computed-style=\"font-family: &quot;Google Sans&quot;, Arial, sans-serif; font-size: 16px; font-weight: 400; margin: 12px 0px 16px; text-decoration: none; border-bottom: 0px rgb(10, 10, 10);\">Heia Tyrving!<\/div><div data-sfc-cp=\"\" data-sfc-root=\"ep\" data-hveid=\"CAAIGRAA\" data-complete=\"true\" data-processed=\"true\" data-copy-service-computed-style=\"font-family: &quot;Google Sans&quot;, Arial, sans-serif; font-size: 16px; font-weight: 400; margin: 12px 0px 16px; text-decoration: none; border-bottom: 0px rgb(10, 10, 10);\"><br><\/div>\n<div data-sfc-cp=\"\" data-sfc-root=\"ep\" data-hveid=\"CAAIGRAA\" data-complete=\"true\" data-processed=\"true\" data-copy-service-computed-style=\"font-family: &quot;Google Sans&quot;, Arial, sans-serif; font-size: 16px; font-weight: 400; margin: 12px 0px 16px; text-decoration: none; border-bottom: 0px rgb(10, 10, 10);\"><\/div>\n<div data-sfc-cp=\"\" data-sfc-root=\"ep\" data-hveid=\"CAAIGRAA\" data-complete=\"true\" data-processed=\"true\" data-copy-service-computed-style=\"font-family: &quot;Google Sans&quot;, Arial, sans-serif; font-size: 16px; font-weight: 400; margin: 12px 0px 16px; text-decoration: none; border-bottom: 0px rgb(10, 10, 10);\"><\/div>\n<div data-sfc-cp=\"\" data-sfc-root=\"ep\" data-hveid=\"CAAIGRAA\" data-complete=\"true\" data-processed=\"true\" data-copy-service-computed-style=\"font-family: &quot;Google Sans&quot;, Arial, sans-serif; font-size: 16px; font-weight: 400; margin: 12px 0px 16px; text-decoration: none; border-bottom: 0px rgb(10, 10, 10);\"><img decoding=\"async\" loading=\"lazy\" class=\"alignnone size-medium wp-image-28641\" src=\"https:\/\/tyrving.idrett.no\/10\/f\/files\/2026\/08\/IMG_6383-225x300.jpeg\" alt=\"\" width=\"225\" height=\"300\" srcset=\"https:\/\/tyrving.idrett.no\/10\/f\/files\/2026\/08\/IMG_6383-225x300.jpeg 225w, https:\/\/tyrving.idrett.no\/10\/f\/files\/2026\/08\/IMG_6383-768x1024.jpeg 768w, https:\/\/tyrving.idrett.no\/10\/f\/files\/2026\/08\/IMG_6383-600x800.jpeg 600w, https:\/\/tyrving.idrett.no\/10\/f\/files\/2026\/08\/IMG_6383-1152x1536.jpeg 1152w, https:\/\/tyrving.idrett.no\/10\/f\/files\/2026\/08\/IMG_6383-1536x2048.jpeg 1536w, https:\/\/tyrving.idrett.no\/10\/f\/files\/2026\/08\/IMG_6383-scaled.jpeg 1920w\" sizes=\"(max-width: 225px) 100vw, 225px\" \/><img decoding=\"async\" loading=\"lazy\" class=\"alignnone size-medium wp-image-28642\" src=\"https:\/\/tyrving.idrett.no\/10\/f\/files\/2026\/08\/IMG_6382-300x225.jpeg\" alt=\"\" width=\"300\" height=\"225\" srcset=\"https:\/\/tyrving.idrett.no\/10\/f\/files\/2026\/08\/IMG_6382-300x225.jpeg 300w, https:\/\/tyrving.idrett.no\/10\/f\/files\/2026\/08\/IMG_6382-1024x768.jpeg 1024w, https:\/\/tyrving.idrett.no\/10\/f\/files\/2026\/08\/IMG_6382-768x576.jpeg 768w, https:\/\/tyrving.idrett.no\/10\/f\/files\/2026\/08\/IMG_6382-600x450.jpeg 600w, https:\/\/tyrving.idrett.no\/10\/f\/files\/2026\/08\/IMG_6382-1536x1152.jpeg 1536w, https:\/\/tyrving.idrett.no\/10\/f\/files\/2026\/08\/IMG_6382-2048x1536.jpeg 2048w\" sizes=\"(max-width: 300px) 100vw, 300px\" \/><img decoding=\"async\" loading=\"lazy\" class=\"alignnone size-medium wp-image-28644\" src=\"https:\/\/tyrving.idrett.no\/10\/f\/files\/2026\/08\/IMG_6380-225x300.jpeg\" alt=\"\" width=\"225\" height=\"300\" srcset=\"https:\/\/tyrving.idrett.no\/10\/f\/files\/2026\/08\/IMG_6380-225x300.jpeg 225w, https:\/\/tyrving.idrett.no\/10\/f\/files\/2026\/08\/IMG_6380-768x1024.jpeg 768w, https:\/\/tyrving.idrett.no\/10\/f\/files\/2026\/08\/IMG_6380-600x800.jpeg 600w, https:\/\/tyrving.idrett.no\/10\/f\/files\/2026\/08\/IMG_6380-1152x1536.jpeg 1152w, https:\/\/tyrving.idrett.no\/10\/f\/files\/2026\/08\/IMG_6380-1536x2048.jpeg 1536w, https:\/\/tyrving.idrett.no\/10\/f\/files\/2026\/08\/IMG_6380-scaled.jpeg 1920w\" sizes=\"(max-width: 225px) 100vw, 225px\" \/><img decoding=\"async\" loading=\"lazy\" class=\"alignnone size-medium wp-image-28649\" src=\"https:\/\/tyrving.idrett.no\/10\/f\/files\/2026\/08\/IMG_6372-225x300.jpeg\" alt=\"\" width=\"225\" height=\"300\" srcset=\"https:\/\/tyrving.idrett.no\/10\/f\/files\/2026\/08\/IMG_6372-225x300.jpeg 225w, https:\/\/tyrving.idrett.no\/10\/f\/files\/2026\/08\/IMG_6372-768x1024.jpeg 768w, https:\/\/tyrving.idrett.no\/10\/f\/files\/2026\/08\/IMG_6372-600x800.jpeg 600w, https:\/\/tyrving.idrett.no\/10\/f\/files\/2026\/08\/IMG_6372-1152x1536.jpeg 1152w, https:\/\/tyrving.idrett.no\/10\/f\/files\/2026\/08\/IMG_6372-1536x2048.jpeg 1536w, https:\/\/tyrving.idrett.no\/10\/f\/files\/2026\/08\/IMG_6372-scaled.jpeg 1920w\" sizes=\"(max-width: 225px) 100vw, 225px\" \/><img decoding=\"async\" loading=\"lazy\" class=\"alignnone size-medium wp-image-28648\" src=\"https:\/\/tyrving.idrett.no\/10\/f\/files\/2026\/08\/IMG_6369-225x300.jpeg\" alt=\"\" width=\"225\" height=\"300\" srcset=\"https:\/\/tyrving.idrett.no\/10\/f\/files\/2026\/08\/IMG_6369-225x300.jpeg 225w, https:\/\/tyrving.idrett.no\/10\/f\/files\/2026\/08\/IMG_6369-768x1024.jpeg 768w, https:\/\/tyrving.idrett.no\/10\/f\/files\/2026\/08\/IMG_6369-600x800.jpeg 600w, https:\/\/tyrving.idrett.no\/10\/f\/files\/2026\/08\/IMG_6369-1152x1536.jpeg 1152w, https:\/\/tyrving.idrett.no\/10\/f\/files\/2026\/08\/IMG_6369-1536x2048.jpeg 1536w, https:\/\/tyrving.idrett.no\/10\/f\/files\/2026\/08\/IMG_6369-scaled.jpeg 1920w\" sizes=\"(max-width: 225px) 100vw, 225px\" \/><img decoding=\"async\" loading=\"lazy\" class=\"alignnone size-medium wp-image-28647\" src=\"https:\/\/tyrving.idrett.no\/10\/f\/files\/2026\/08\/IMG_6364-300x225.jpeg\" alt=\"\" width=\"300\" height=\"225\" srcset=\"https:\/\/tyrving.idrett.no\/10\/f\/files\/2026\/08\/IMG_6364-300x225.jpeg 300w, https:\/\/tyrving.idrett.no\/10\/f\/files\/2026\/08\/IMG_6364-1024x768.jpeg 1024w, https:\/\/tyrving.idrett.no\/10\/f\/files\/2026\/08\/IMG_6364-768x576.jpeg 768w, https:\/\/tyrving.idrett.no\/10\/f\/files\/2026\/08\/IMG_6364-600x450.jpeg 600w, https:\/\/tyrving.idrett.no\/10\/f\/files\/2026\/08\/IMG_6364-1536x1152.jpeg 1536w, https:\/\/tyrving.idrett.no\/10\/f\/files\/2026\/08\/IMG_6364-2048x1536.jpeg 2048w\" sizes=\"(max-width: 300px) 100vw, 300px\" \/><img decoding=\"async\" loading=\"lazy\" class=\"alignnone size-medium wp-image-28646\" src=\"https:\/\/tyrving.idrett.no\/10\/f\/files\/2026\/08\/IMG_6366-225x300.jpeg\" alt=\"\" width=\"225\" height=\"300\" srcset=\"https:\/\/tyrving.idrett.no\/10\/f\/files\/2026\/08\/IMG_6366-225x300.jpeg 225w, https:\/\/tyrving.idrett.no\/10\/f\/files\/2026\/08\/IMG_6366-768x1024.jpeg 768w, https:\/\/tyrving.idrett.no\/10\/f\/files\/2026\/08\/IMG_6366-600x800.jpeg 600w, https:\/\/tyrving.idrett.no\/10\/f\/files\/2026\/08\/IMG_6366-1152x1536.jpeg 1152w, https:\/\/tyrving.idrett.no\/10\/f\/files\/2026\/08\/IMG_6366-1536x2048.jpeg 1536w, https:\/\/tyrving.idrett.no\/10\/f\/files\/2026\/08\/IMG_6366-scaled.jpeg 1920w\" sizes=\"(max-width: 225px) 100vw, 225px\" \/><img decoding=\"async\" loading=\"lazy\" class=\"alignnone size-medium wp-image-28650\" src=\"https:\/\/tyrving.idrett.no\/10\/f\/files\/2026\/08\/IMG_6374-225x300.jpeg\" alt=\"\" width=\"225\" height=\"300\" srcset=\"https:\/\/tyrving.idrett.no\/10\/f\/files\/2026\/08\/IMG_6374-225x300.jpeg 225w, https:\/\/tyrving.idrett.no\/10\/f\/files\/2026\/08\/IMG_6374-768x1024.jpeg 768w, https:\/\/tyrving.idrett.no\/10\/f\/files\/2026\/08\/IMG_6374-600x800.jpeg 600w, https:\/\/tyrving.idrett.no\/10\/f\/files\/2026\/08\/IMG_6374-1152x1536.jpeg 1152w, https:\/\/tyrving.idrett.no\/10\/f\/files\/2026\/08\/IMG_6374-1536x2048.jpeg 1536w, https:\/\/tyrving.idrett.no\/10\/f\/files\/2026\/08\/IMG_6374-scaled.jpeg 1920w\" sizes=\"(max-width: 225px) 100vw, 225px\" \/><\/div>\t\t\t\t\t\t<\/div>\n\t\t\t\t<\/div>\n\t\t\t\t\t<\/div>\n\t\t<\/div>\n\t\t\t\t\t\t\t<\/div>\n\t\t<\/section>\n\t\t\t\t\t\t\t<\/div>\n\t\t","protected":false},"excerpt":{"rendered":"Det ble en intens og l\u00e6rerik helg for Tyrving IL under Junior-NM p\u00e5 Bislett stadion. Selv om klubben stilte med en mindre og yngre tropp enn i tidligere \u00e5r, markerte ut\u00f8verne seg med to str\u00e5lende bron&#8230;","protected":false},"author":46,"featured_media":28640,"comment_status":"closed","ping_status":"open","sticky":false,"template":"","format":"standard","meta":{"footnotes":"","_jetpack_memberships_contains_paid_content":false},"categories":[1],"tags":[],"acf":[],"yoast_head":"<!-- This site is optimized with the Yoast SEO plugin v21.2 - https:\/\/yoast.com\/wordpress\/plugins\/seo\/ -->\n<title>Verdifull erfaring for Tyrving under Junior-NM p\u00e5 Bislett - Tyrving - Friidrett<\/title>\n<meta name=\"robots\" content=\"index, follow, max-snippet:-1, max-image-preview:large, max-video-preview:-1\" \/>\n<link rel=\"canonical\" href=\"https:\/\/tyrving.idrett.no\/10\/f\/2026\/08\/31\/verdifull-erfaring-for-tyrving-under-junior-nm-pa-bislett\/\" \/>\n<meta property=\"og:locale\" content=\"nb_NO\" \/>\n<meta property=\"og:type\" content=\"article\" \/>\n<meta property=\"og:title\" content=\"Verdifull erfaring for Tyrving under Junior-NM p\u00e5 Bislett - Tyrving - Friidrett\" \/>\n<meta property=\"og:description\" content=\"Det ble en intens og l\u00e6rerik helg for Tyrving IL under Junior-NM p\u00e5 Bislett stadion. Selv om klubben stilte med en mindre og yngre tropp enn i tidligere \u00e5r, markerte ut\u00f8verne seg med to str\u00e5lende bron...\" \/>\n<meta property=\"og:url\" content=\"https:\/\/tyrving.idrett.no\/10\/f\/2026\/08\/31\/verdifull-erfaring-for-tyrving-under-junior-nm-pa-bislett\/\" \/>\n<meta property=\"og:site_name\" content=\"Tyrving - Friidrett\" \/>\n<meta property=\"article:published_time\" content=\"2026-08-31T08:48:31+00:00\" \/>\n<meta property=\"article:modified_time\" content=\"2026-08-31T09:15:44+00:00\" \/>\n<meta property=\"og:image\" content=\"https:\/\/tyrving.idrett.no\/10\/f\/files\/2026\/08\/IMG_6387-scaled.jpeg\" \/>\n\t<meta property=\"og:image:width\" content=\"1920\" \/>\n\t<meta property=\"og:image:height\" content=\"2560\" \/>\n\t<meta property=\"og:image:type\" content=\"image\/jpeg\" \/>\n<meta name=\"author\" content=\"mortenjensen\" \/>\n<meta name=\"twitter:card\" content=\"summary_large_image\" \/>\n<meta name=\"twitter:label1\" content=\"Skrevet av\" \/>\n\t<meta name=\"twitter:data1\" content=\"mortenjensen\" \/>\n\t<meta name=\"twitter:label2\" content=\"Ansl. lesetid\" \/>\n\t<meta name=\"twitter:data2\" content=\"4 minutter\" \/>\n<script type=\"application\/ld+json\" class=\"yoast-schema-graph\">{\"@context\":\"https:\/\/schema.org\",\"@graph\":[{\"@type\":\"Article\",\"@id\":\"https:\/\/tyrving.idrett.no\/10\/f\/2026\/08\/31\/verdifull-erfaring-for-tyrving-under-junior-nm-pa-bislett\/#article\",\"isPartOf\":{\"@id\":\"https:\/\/tyrving.idrett.no\/10\/f\/2026\/08\/31\/verdifull-erfaring-for-tyrving-under-junior-nm-pa-bislett\/\"},\"author\":{\"name\":\"mortenjensen\",\"@id\":\"https:\/\/tyrving.idrett.no\/10\/f\/#\/schema\/person\/8ce96c740b9585e4c1f060ba84702224\"},\"headline\":\"Verdifull erfaring for Tyrving under Junior-NM p\u00e5 Bislett\",\"datePublished\":\"2026-08-31T08:48:31+00:00\",\"dateModified\":\"2026-08-31T09:15:44+00:00\",\"mainEntityOfPage\":{\"@id\":\"https:\/\/tyrving.idrett.no\/10\/f\/2026\/08\/31\/verdifull-erfaring-for-tyrving-under-junior-nm-pa-bislett\/\"},\"wordCount\":391,\"publisher\":{\"@id\":\"https:\/\/tyrving.idrett.no\/10\/f\/#organization\"},\"articleSection\":[\"Nyheter\"],\"inLanguage\":\"nb-NO\"},{\"@type\":\"WebPage\",\"@id\":\"https:\/\/tyrving.idrett.no\/10\/f\/2026\/08\/31\/verdifull-erfaring-for-tyrving-under-junior-nm-pa-bislett\/\",\"url\":\"https:\/\/tyrving.idrett.no\/10\/f\/2026\/08\/31\/verdifull-erfaring-for-tyrving-under-junior-nm-pa-bislett\/\",\"name\":\"Verdifull erfaring for Tyrving under Junior-NM p\u00e5 Bislett - Tyrving - Friidrett\",\"isPartOf\":{\"@id\":\"https:\/\/tyrving.idrett.no\/10\/f\/#website\"},\"datePublished\":\"2026-08-31T08:48:31+00:00\",\"dateModified\":\"2026-08-31T09:15:44+00:00\",\"breadcrumb\":{\"@id\":\"https:\/\/tyrving.idrett.no\/10\/f\/2026\/08\/31\/verdifull-erfaring-for-tyrving-under-junior-nm-pa-bislett\/#breadcrumb\"},\"inLanguage\":\"nb-NO\",\"potentialAction\":[{\"@type\":\"ReadAction\",\"target\":[\"https:\/\/tyrving.idrett.no\/10\/f\/2026\/08\/31\/verdifull-erfaring-for-tyrving-under-junior-nm-pa-bislett\/\"]}]},{\"@type\":\"BreadcrumbList\",\"@id\":\"https:\/\/tyrving.idrett.no\/10\/f\/2026\/08\/31\/verdifull-erfaring-for-tyrving-under-junior-nm-pa-bislett\/#breadcrumb\",\"itemListElement\":[{\"@type\":\"ListItem\",\"position\":1,\"name\":\"Hjem\",\"item\":\"https:\/\/tyrving.idrett.no\/10\/f\/\"},{\"@type\":\"ListItem\",\"position\":2,\"name\":\"Verdifull erfaring for Tyrving under Junior-NM p\u00e5 Bislett\"}]},{\"@type\":\"WebSite\",\"@id\":\"https:\/\/tyrving.idrett.no\/10\/f\/#website\",\"url\":\"https:\/\/tyrving.idrett.no\/10\/f\/\",\"name\":\"Tyrving - Friidrett\",\"description\":\"Friidrettsgruppa\",\"publisher\":{\"@id\":\"https:\/\/tyrving.idrett.no\/10\/f\/#organization\"},\"potentialAction\":[{\"@type\":\"SearchAction\",\"target\":{\"@type\":\"EntryPoint\",\"urlTemplate\":\"https:\/\/tyrving.idrett.no\/10\/f\/?s={search_term_string}\"},\"query-input\":\"required name=search_term_string\"}],\"inLanguage\":\"nb-NO\"},{\"@type\":\"Organization\",\"@id\":\"https:\/\/tyrving.idrett.no\/10\/f\/#organization\",\"name\":\"Tyrving Friidrettsgruppa\",\"url\":\"https:\/\/tyrving.idrett.no\/10\/f\/\",\"logo\":{\"@type\":\"ImageObject\",\"inLanguage\":\"nb-NO\",\"@id\":\"https:\/\/tyrving.idrett.no\/10\/f\/#\/schema\/logo\/image\/\",\"url\":\"https:\/\/tyrving.idrett.no\/10\/f\/files\/2019\/04\/Tyrving-Logo-Friidrett-2019.jpg\",\"contentUrl\":\"https:\/\/tyrving.idrett.no\/10\/f\/files\/2019\/04\/Tyrving-Logo-Friidrett-2019.jpg\",\"width\":460,\"height\":360,\"caption\":\"Tyrving Friidrettsgruppa\"},\"image\":{\"@id\":\"https:\/\/tyrving.idrett.no\/10\/f\/#\/schema\/logo\/image\/\"}},{\"@type\":\"Person\",\"@id\":\"https:\/\/tyrving.idrett.no\/10\/f\/#\/schema\/person\/8ce96c740b9585e4c1f060ba84702224\",\"name\":\"mortenjensen\",\"image\":{\"@type\":\"ImageObject\",\"inLanguage\":\"nb-NO\",\"@id\":\"https:\/\/tyrving.idrett.no\/10\/f\/#\/schema\/person\/image\/\",\"url\":\"https:\/\/secure.gravatar.com\/avatar\/f75435030dcf343989325f8f843d0193?s=96&d=mm&r=g\",\"contentUrl\":\"https:\/\/secure.gravatar.com\/avatar\/f75435030dcf343989325f8f843d0193?s=96&d=mm&r=g\",\"caption\":\"mortenjensen\"}}]}<\/script>\n<!-- \/ Yoast SEO plugin. -->","yoast_head_json":{"title":"Verdifull erfaring for Tyrving under Junior-NM p\u00e5 Bislett - Tyrving - Friidrett","robots":{"index":"index","follow":"follow","max-snippet":"max-snippet:-1","max-image-preview":"max-image-preview:large","max-video-preview":"max-video-preview:-1"},"canonical":"https:\/\/tyrving.idrett.no\/10\/f\/2026\/08\/31\/verdifull-erfaring-for-tyrving-under-junior-nm-pa-bislett\/","og_locale":"nb_NO","og_type":"article","og_title":"Verdifull erfaring for Tyrving under Junior-NM p\u00e5 Bislett - Tyrving - Friidrett","og_description":"Det ble en intens og l\u00e6rerik helg for Tyrving IL under Junior-NM p\u00e5 Bislett stadion. Selv om klubben stilte med en mindre og yngre tropp enn i tidligere \u00e5r, markerte ut\u00f8verne seg med to str\u00e5lende bron...","og_url":"https:\/\/tyrving.idrett.no\/10\/f\/2026\/08\/31\/verdifull-erfaring-for-tyrving-under-junior-nm-pa-bislett\/","og_site_name":"Tyrving - Friidrett","article_published_time":"2026-08-31T08:48:31+00:00","article_modified_time":"2026-08-31T09:15:44+00:00","og_image":[{"width":1920,"height":2560,"url":"https:\/\/tyrving.idrett.no\/10\/f\/files\/2026\/08\/IMG_6387-scaled.jpeg","type":"image\/jpeg"}],"author":"mortenjensen","twitter_card":"summary_large_image","twitter_misc":{"Skrevet av":"mortenjensen","Ansl. lesetid":"4 minutter"},"schema":{"@context":"https:\/\/schema.org","@graph":[{"@type":"Article","@id":"https:\/\/tyrving.idrett.no\/10\/f\/2026\/08\/31\/verdifull-erfaring-for-tyrving-under-junior-nm-pa-bislett\/#article","isPartOf":{"@id":"https:\/\/tyrving.idrett.no\/10\/f\/2026\/08\/31\/verdifull-erfaring-for-tyrving-under-junior-nm-pa-bislett\/"},"author":{"name":"mortenjensen","@id":"https:\/\/tyrving.idrett.no\/10\/f\/#\/schema\/person\/8ce96c740b9585e4c1f060ba84702224"},"headline":"Verdifull erfaring for Tyrving under Junior-NM p\u00e5 Bislett","datePublished":"2026-08-31T08:48:31+00:00","dateModified":"2026-08-31T09:15:44+00:00","mainEntityOfPage":{"@id":"https:\/\/tyrving.idrett.no\/10\/f\/2026\/08\/31\/verdifull-erfaring-for-tyrving-under-junior-nm-pa-bislett\/"},"wordCount":391,"publisher":{"@id":"https:\/\/tyrving.idrett.no\/10\/f\/#organization"},"articleSection":["Nyheter"],"inLanguage":"nb-NO"},{"@type":"WebPage","@id":"https:\/\/tyrving.idrett.no\/10\/f\/2026\/08\/31\/verdifull-erfaring-for-tyrving-under-junior-nm-pa-bislett\/","url":"https:\/\/tyrving.idrett.no\/10\/f\/2026\/08\/31\/verdifull-erfaring-for-tyrving-under-junior-nm-pa-bislett\/","name":"Verdifull erfaring for Tyrving under Junior-NM p\u00e5 Bislett - Tyrving - Friidrett","isPartOf":{"@id":"https:\/\/tyrving.idrett.no\/10\/f\/#website"},"datePublished":"2026-08-31T08:48:31+00:00","dateModified":"2026-08-31T09:15:44+00:00","breadcrumb":{"@id":"https:\/\/tyrving.idrett.no\/10\/f\/2026\/08\/31\/verdifull-erfaring-for-tyrving-under-junior-nm-pa-bislett\/#breadcrumb"},"inLanguage":"nb-NO","potentialAction":[{"@type":"ReadAction","target":["https:\/\/tyrving.idrett.no\/10\/f\/2026\/08\/31\/verdifull-erfaring-for-tyrving-under-junior-nm-pa-bislett\/"]}]},{"@type":"BreadcrumbList","@id":"https:\/\/tyrving.idrett.no\/10\/f\/2026\/08\/31\/verdifull-erfaring-for-tyrving-under-junior-nm-pa-bislett\/#breadcrumb","itemListElement":[{"@type":"ListItem","position":1,"name":"Hjem","item":"https:\/\/tyrving.idrett.no\/10\/f\/"},{"@type":"ListItem","position":2,"name":"Verdifull erfaring for Tyrving under Junior-NM p\u00e5 Bislett"}]},{"@type":"WebSite","@id":"https:\/\/tyrving.idrett.no\/10\/f\/#website","url":"https:\/\/tyrving.idrett.no\/10\/f\/","name":"Tyrving - Friidrett","description":"Friidrettsgruppa","publisher":{"@id":"https:\/\/tyrving.idrett.no\/10\/f\/#organization"},"potentialAction":[{"@type":"SearchAction","target":{"@type":"EntryPoint","urlTemplate":"https:\/\/tyrving.idrett.no\/10\/f\/?s={search_term_string}"},"query-input":"required name=search_term_string"}],"inLanguage":"nb-NO"},{"@type":"Organization","@id":"https:\/\/tyrving.idrett.no\/10\/f\/#organization","name":"Tyrving Friidrettsgruppa","url":"https:\/\/tyrving.idrett.no\/10\/f\/","logo":{"@type":"ImageObject","inLanguage":"nb-NO","@id":"https:\/\/tyrving.idrett.no\/10\/f\/#\/schema\/logo\/image\/","url":"https:\/\/tyrving.idrett.no\/10\/f\/files\/2019\/04\/Tyrving-Logo-Friidrett-2019.jpg","contentUrl":"https:\/\/tyrving.idrett.no\/10\/f\/files\/2019\/04\/Tyrving-Logo-Friidrett-2019.jpg","width":460,"height":360,"caption":"Tyrving Friidrettsgruppa"},"image":{"@id":"https:\/\/tyrving.idrett.no\/10\/f\/#\/schema\/logo\/image\/"}},{"@type":"Person","@id":"https:\/\/tyrving.idrett.no\/10\/f\/#\/schema\/person\/8ce96c740b9585e4c1f060ba84702224","name":"mortenjensen","image":{"@type":"ImageObject","inLanguage":"nb-NO","@id":"https:\/\/tyrving.idrett.no\/10\/f\/#\/schema\/person\/image\/","url":"https:\/\/secure.gravatar.com\/avatar\/f75435030dcf343989325f8f843d0193?s=96&d=mm&r=g","contentUrl":"https:\/\/secure.gravatar.com\/avatar\/f75435030dcf343989325f8f843d0193?s=96&d=mm&r=g","caption":"mortenjensen"}}]}},"jetpack_sharing_enabled":true,"jetpack_featured_media_url":"https:\/\/tyrving.idrett.no\/10\/f\/files\/2026\/08\/IMG_6387-scaled.jpeg","_links":{"self":[{"href":"https:\/\/tyrving.idrett.no\/10\/f\/wp-json\/wp\/v2\/posts\/28653"}],"collection":[{"href":"https:\/\/tyrving.idrett.no\/10\/f\/wp-json\/wp\/v2\/posts"}],"about":[{"href":"https:\/\/tyrving.idrett.no\/10\/f\/wp-json\/wp\/v2\/types\/post"}],"author":[{"embeddable":true,"href":"https:\/\/tyrving.idrett.no\/10\/f\/wp-json\/wp\/v2\/users\/46"}],"replies":[{"embeddable":true,"href":"https:\/\/tyrving.idrett.no\/10\/f\/wp-json\/wp\/v2\/comments?post=28653"}],"version-history":[{"count":7,"href":"https:\/\/tyrving.idrett.no\/10\/f\/wp-json\/wp\/v2\/posts\/28653\/revisions"}],"predecessor-version":[{"id":28660,"href":"https:\/\/tyrving.idrett.no\/10\/f\/wp-json\/wp\/v2\/posts\/28653\/revisions\/28660"}],"wp:featuredmedia":[{"embeddable":true,"href":"https:\/\/tyrving.idrett.no\/10\/f\/wp-json\/wp\/v2\/media\/28640"}],"wp:attachment":[{"href":"https:\/\/tyrving.idrett.no\/10\/f\/wp-json\/wp\/v2\/media?parent=28653"}],"wp:term":[{"taxonomy":"category","embeddable":true,"href":"https:\/\/tyrving.idrett.no\/10\/f\/wp-json\/wp\/v2\/categories?post=28653"},{"taxonomy":"post_tag","embeddable":true,"href":"https:\/\/tyrving.idrett.no\/10\/f\/wp-json\/wp\/v2\/tags?post=28653"}],"curies":[{"name":"wp","href":"https:\/\/api.w.org\/{rel}","templated":true}]}}