{"id":808,"date":"2022-03-10T09:55:39","date_gmt":"2022-03-10T08:55:39","guid":{"rendered":"http:\/\/tyrving.idrett.no\/10\/hovedstyret\/?p=808"},"modified":"2022-03-10T09:56:29","modified_gmt":"2022-03-10T08:56:29","slug":"bjorn-reidar-berntsen-til-minne","status":"publish","type":"post","link":"https:\/\/tyrving.idrett.no\/10\/hovedstyret\/2022\/03\/10\/bjorn-reidar-berntsen-til-minne\/","title":{"rendered":"Bj\u00f8rn Reidar Berntsen til minne"},"content":{"rendered":"<p>Det er med stor sorg vi mottok budskapet om at Bj\u00f8rn (Bamse) Berntsen er d\u00f8d etter lang tids sykeleie, 78 \u00e5r gammel. Minneord er publisert i Budstikka: <a href=\"https:\/\/www.budstikka.no\/minneord\/bjorn-reidar-berntsen-til-minne\/690635!\/\">https:\/\/www.budstikka.no\/minneord\/bjorn-reidar-berntsen-til-minne\/690635!\/<\/a><\/p>\n","protected":false},"excerpt":{"rendered":"<p>&#8230;<\/p>\n","protected":false},"author":40,"featured_media":0,"comment_status":"closed","ping_status":"closed","sticky":false,"template":"","format":"standard","meta":{"generate_page_header":"","footnotes":""},"categories":[203],"tags":[],"jetpack_featured_media_url":"","_links":{"self":[{"href":"https:\/\/tyrving.idrett.no\/10\/hovedstyret\/wp-json\/wp\/v2\/posts\/808"}],"collection":[{"href":"https:\/\/tyrving.idrett.no\/10\/hovedstyret\/wp-json\/wp\/v2\/posts"}],"about":[{"href":"https:\/\/tyrving.idrett.no\/10\/hovedstyret\/wp-json\/wp\/v2\/types\/post"}],"author":[{"embeddable":true,"href":"https:\/\/tyrving.idrett.no\/10\/hovedstyret\/wp-json\/wp\/v2\/users\/40"}],"replies":[{"embeddable":true,"href":"https:\/\/tyrving.idrett.no\/10\/hovedstyret\/wp-json\/wp\/v2\/comments?post=808"}],"version-history":[{"count":2,"href":"https:\/\/tyrving.idrett.no\/10\/hovedstyret\/wp-json\/wp\/v2\/posts\/808\/revisions"}],"predecessor-version":[{"id":810,"href":"https:\/\/tyrving.idrett.no\/10\/hovedstyret\/wp-json\/wp\/v2\/posts\/808\/revisions\/810"}],"wp:attachment":[{"href":"https:\/\/tyrving.idrett.no\/10\/hovedstyret\/wp-json\/wp\/v2\/media?parent=808"}],"wp:term":[{"taxonomy":"category","embeddable":true,"href":"https:\/\/tyrving.idrett.no\/10\/hovedstyret\/wp-json\/wp\/v2\/categories?post=808"},{"taxonomy":"post_tag","embeddable":true,"href":"https:\/\/tyrving.idrett.no\/10\/hovedstyret\/wp-json\/wp\/v2\/tags?post=808"}],"curies":[{"name":"wp","href":"https:\/\/api.w.org\/{rel}","templated":true}]}}