{"id":3551,"date":"2015-05-06T14:30:17","date_gmt":"2015-05-06T13:30:17","guid":{"rendered":"http:\/\/tyrving.idrett.no\/10\/o\/?p=3551"},"modified":"2015-05-06T19:37:58","modified_gmt":"2015-05-06T18:37:58","slug":"10mila-2015","status":"publish","type":"post","link":"https:\/\/tyrving.idrett.no\/10\/o\/2015\/05\/06\/10mila-2015\/","title":{"rendered":"10mila 2015"},"content":{"rendered":"<p><a href=\"http:\/\/tyrving.idrett.no\/10\/o\/files\/2015\/02\/10mila-logo.jpg\"><img decoding=\"async\" loading=\"lazy\" class=\"alignright size-thumbnail wp-image-3552\" src=\"http:\/\/tyrving.idrett.no\/10\/o\/files\/2015\/02\/10mila-logo-135x150.jpg\" alt=\"10mila logo\" width=\"135\" height=\"150\" srcset=\"https:\/\/tyrving.idrett.no\/10\/o\/files\/2015\/02\/10mila-logo-135x150.jpg 135w, https:\/\/tyrving.idrett.no\/10\/o\/files\/2015\/02\/10mila-logo-269x300.jpg 269w, https:\/\/tyrving.idrett.no\/10\/o\/files\/2015\/02\/10mila-logo-600x669.jpg 600w, https:\/\/tyrving.idrett.no\/10\/o\/files\/2015\/02\/10mila-logo.jpg 797w\" sizes=\"(max-width: 135px) 100vw, 135px\" \/><\/a>Tyrving Orientering satser mot suksess p\u00e5 <strong><a href=\"http:\/\/eventor.orientering.se\/Events\/Show\/9208\" target=\"_blank\">10MILA @ Skepptuna<\/a> nord for Stockholm 9-10. mai<\/strong> &#8211; med lag for Herrer, Damer og Ungdom (12-16).\u00a0 Dr\u00f8yt 50 T-l\u00f8pere fordelt p\u00e5 2 H-lag (\u00e0 10),\u00a04 D-lag (\u00e0 5)\u00a0og 3 U-lag (\u00e0 4) &#8211;\u00a0\u00a0 <strong><span style=\"color: #800000\">LAGoppstillingene (pr. 3\/5)<\/span><\/strong>\u00a0ser du her:<\/p>\n<ul>\n<li><a href=\"http:\/\/tyrving.idrett.no\/10\/o\/files\/2015\/02\/10MILA-H-lag_3mai.pdf\">Herrer<\/a><\/li>\n<li><a href=\"http:\/\/tyrving.idrett.no\/10\/o\/files\/2015\/02\/10MILA-D-lag_3mai.pdf\">Damer <\/a><\/li>\n<li><a href=\"http:\/\/tyrving.idrett.no\/10\/o\/files\/2015\/02\/10MILA-U-lag_3mai.pdf\">Ungdom <\/a><\/li>\n<\/ul>\n<p>P\u00e5\u00a0<a href=\"http:\/\/www.10mila.se\/index.php\/sv\/\" target=\"_blank\">TIOarrang\u00f8ren&#8217;s nettside<\/a> finner du\u00a0bl.a. PM og &#8211; for sofasupporterne &#8211; link til live-resultater og web.sending.\u00a0 Og nedenfor kan du lese mer om <strong><span style=\"color: #800000\">Tyrving&#8217;s masterplan <\/span><span style=\"color: #800000\"><strong>&#8211;<\/strong> oppdatert pr. 6. mai (!) <\/span><\/strong><\/p>\n<p><!--more--><\/p>\n<ul>\n<li><strong>preCamp <\/strong>fra torsd. 7\/5<strong> \u2013<\/strong> terrengtilvenning og teambuilding for 15 H\/D-l\u00f8pere. \u00d8kter i relevant terreng torsdag (dag\/natt) og fredag. Det er ordnet med overnatting torsdag-fredag p\u00e5 <a href=\"http:\/\/connecthotels.se\/arlanda\/\" target=\"_blank\">Connect hotell Arlanda<\/a>, og 3 leiebiler for shuttle til trening og arena (egen preCamp-plan via mail).<\/li>\n<li><strong>Tyrving-bussen<\/strong> \u2013 felles for alle som ikke er p\u00e5 preCamp eller ordner egen reise. Avreise fra <a href=\"https:\/\/www.google.no\/maps\/place\/Kadettangen+12,+1337+Sandvika\/@59.8888676,10.5282614,18z\/data=!4m2!3m1!1s0x4641135e799f41a7:0xfb918e5ed8fb796\" target=\"_blank\">Klubbhuset<\/a> <strong>fredag 8.mai<\/strong> <strong>kl. 13:00<\/strong>;\u00a0evnt. kan du bli plukket opp p\u00e5 <a href=\"https:\/\/www.google.no\/maps\/place\/Sk%C3%B8yen,+0277+Oslo\/@59.9222589,10.678222,17z\/data=!4m2!3m1!1s0x46416db3eadc89c9:0xc1ff164d478d9226\" target=\"_blank\">Sk\u00f8yen stasjon<\/a> (sj\u00f8siden) &#8211; gj\u00f8r avtale med bussjef Marianne (!).\n<ul>\n<li>T-bussen tar en middagsstopp v\/ Karlstad; annen mat &amp; drikke tar du med.\u00a0 Ankomst hotellet i M\u00e4rsta\/Arlandastad ca kl.21.<\/li>\n<li>Innkvartering fre-l\u00f8rdag p\u00e5 <a href=\"https:\/\/www.nordicchoicehotels.se\/quality\/quality-airport-hotel-arlanda\/\" target=\"_blank\">Quality Airport hotell<\/a>,\u00a0ca 20 min kj\u00f8ring fra TIO-arena<\/li>\n<li>Egen reise er &#8230;. egen reise.\u00a0 Det meste foreg\u00e5r n\u00e6r Arlanda, og mange har i \u00e5r valgt sin egen til\/fra 10MILA-logistikk. Gratis shuttlebuss fra ARN til Quality-hotellet.<\/li>\n<\/ul>\n<\/li>\n<\/ul>\n<ul>\n<li><strong>L\u00f8rdag \u2013<\/strong> etter frukost med fil og utsjekk fra hotellet g\u00e5r T-bussen til 10MILA arena:\n<ul>\n<li>Avreise\u00a0kl. 08:00 for <strong>Ungdom<\/strong> og VIPs o.a. &#8211; i god tid for start kl. 11:00.<\/li>\n<li>Avreise\u00a0kl. 11:00\u00a0for <strong>Damer<\/strong> o.a. &#8211; i tide for LAGm\u00f8te p\u00e5 arena kl. 12:00 og start kl. 14:30.<\/li>\n<li><strong>Herrene<\/strong> (spesielt H1) har eget opplegg med bl.a. LAGm\u00f8te m. lunsj kl. 14:00 v\/ hotellet; deretter arenabefaring og individuelle opplegg tilpasset start kl. 21:30.<\/li>\n<li>Foruten stafettene er det mulig \u00e5 l\u00f8pe &laquo;\u00f6ppen bana&raquo; p\u00e5 l\u00f8rdag ettermiddag. P\u00e5melding p\u00e5 arena, se <a href=\"http:\/\/www.10mila.se\/images\/10mila_2015\/Tavlingsdokument\/10MILA%202015%20O%20OPEN%20ppna%20motionsbanor.pdf\" target=\"_blank\">arrang\u00f8rinfo.<\/a><\/li>\n<\/ul>\n<\/li>\n<li><strong>BaseCamp<\/strong> \u2013 ca. 400 m fra sportslig del av arena har Tyrving booket 75 m2 i stort, oppvarmet\u00a0<a href=\"http:\/\/www.10mila.se\/images\/10mila_2015\/Tavlingsdokument\/Vindskydd_taltytor_1504300900_slutlig_ver_2.pdf\" target=\"_blank\">boendet\u00e4lt nr.2<\/a>.\n<ul>\n<li>Teltet har benker &amp; bord for opphold og enkel servering (br\u00f8dmat, bananer og varm drikke\/rett-i-kroppen). Samt et hj\u00f8rne for teltsoving natten l\u00f8rdag-s\u00f8ndag &#8211; ta med sovepose &amp; underlag (!)<\/li>\n<li>Det er ogs\u00e5 mulig \u00e5 sove &laquo;ute&raquo; og noe mer uforstyrret i klubbteltet (vindskyddsplass 95).<\/li>\n<li>For H1-laget organiseres\u00a0shuttle mellom arena og 10 senger p\u00e5 Quality-hotellet.<\/li>\n<\/ul>\n<\/li>\n<li><strong>S\u00f8ndag<\/strong> morgen klapper vi H1-laget i m\u00e5l ca kl. 07:31, og H2-laget et par timer seinere.\n<ul>\n<li>Kl. 09:00 samles vi v\/BaseCamp\u00a0for \u00e5 markere \u00e5rets T-suksess.<\/li>\n<li>T-bussen kj\u00f8rer fra arena\u00a0ca. kl.12 (n\u00e5r Magnus har f\u00e5tt skiftet);\u00a0tilbake i Sandvika ca kl.21.<\/li>\n<li>Dr\u00f8yt 20 har egen retur-reise.\u00a0\u00a0Men Tyrving&#8217;s &laquo;reisebyr\u00e5&raquo; organiserer et shuttle-opplegg s\u00f8ndag morgen for \u00e5 rekke 12:50-flyet\u00a0fra ARN.<\/li>\n<\/ul>\n<\/li>\n<\/ul>\n<p>Da gjenst\u00e5r \u00e5 minne om <strong>Tyrving&#8217;s stafettregel nr. 6<\/strong>, inspirert av Roald Amundsen: <em>Seier venter den, som p\u00e5 forh\u00e5nd har alle sakene sine i orden \u2013 &laquo;flaks&raquo;, sier folk<\/em>.\u00a0\u00a0 Dette gjelder alt det vanlige\u00a0o-stashet\u00a0+ back-up sakene for viktige konkurranser(!)\u00a0 Samt det sedvanlige &laquo;<a href=\"http:\/\/www.yr.no\/place\/Sweden\/Stockholm\/Arlanda_Central_Station\/long.html\" target=\"_blank\">kl\u00e6r etter v\u00e6r<\/a>&raquo; + extra varmt t\u00f8y(!) \u00a0Og \u2013 du\u00a0m\u00e5 ta med din private SI-pinne(!)<\/p>\n<p><strong>Sp\u00f8rsm\u00e5l ?<\/strong>\u00a0 Ta kontakt med <a href=\"mailto:arne.tiltnes@gmail.com\" target=\"_blank\">Arne Tiltnes<\/a> (tlf. +47 4819 7144) eller <a href=\"mailto:mn@avantor.no\" target=\"_blank\">Marianne Nj\u00e5stein<\/a> (tlf. +47 9269 7060).<\/p>\n<p>.<\/p>\n<p>PS: Invitten til TIO-turen finner du p\u00e5 <a href=\"http:\/\/eventor.orientering.no\/Activities\/Show\/1102\" target=\"_blank\">Eventor &gt; Klubben<\/a>.<\/p>\n","protected":false},"excerpt":{"rendered":"<p>&#8230;<\/p>\n","protected":false},"author":3,"featured_media":0,"comment_status":"open","ping_status":"open","sticky":false,"template":"","format":"standard","meta":{"footnotes":"","_jetpack_memberships_contains_paid_content":false,"jetpack_publicize_message":"","jetpack_publicize_feature_enabled":true,"jetpack_social_post_already_shared":false,"jetpack_social_options":{"image_generator_settings":{"template":"highway","enabled":false}}},"categories":[3],"tags":[12,4046],"jetpack_publicize_connections":[],"jetpack_sharing_enabled":true,"jetpack_featured_media_url":"","_links":{"self":[{"href":"https:\/\/tyrving.idrett.no\/10\/o\/wp-json\/wp\/v2\/posts\/3551"}],"collection":[{"href":"https:\/\/tyrving.idrett.no\/10\/o\/wp-json\/wp\/v2\/posts"}],"about":[{"href":"https:\/\/tyrving.idrett.no\/10\/o\/wp-json\/wp\/v2\/types\/post"}],"author":[{"embeddable":true,"href":"https:\/\/tyrving.idrett.no\/10\/o\/wp-json\/wp\/v2\/users\/3"}],"replies":[{"embeddable":true,"href":"https:\/\/tyrving.idrett.no\/10\/o\/wp-json\/wp\/v2\/comments?post=3551"}],"version-history":[{"count":18,"href":"https:\/\/tyrving.idrett.no\/10\/o\/wp-json\/wp\/v2\/posts\/3551\/revisions"}],"predecessor-version":[{"id":3714,"href":"https:\/\/tyrving.idrett.no\/10\/o\/wp-json\/wp\/v2\/posts\/3551\/revisions\/3714"}],"wp:attachment":[{"href":"https:\/\/tyrving.idrett.no\/10\/o\/wp-json\/wp\/v2\/media?parent=3551"}],"wp:term":[{"taxonomy":"category","embeddable":true,"href":"https:\/\/tyrving.idrett.no\/10\/o\/wp-json\/wp\/v2\/categories?post=3551"},{"taxonomy":"post_tag","embeddable":true,"href":"https:\/\/tyrving.idrett.no\/10\/o\/wp-json\/wp\/v2\/tags?post=3551"}],"curies":[{"name":"wp","href":"https:\/\/api.w.org\/{rel}","templated":true}]}}