{"id":415,"date":"2011-02-22T16:00:58","date_gmt":"2011-02-22T15:00:58","guid":{"rendered":"http:\/\/tyrving.idrett.no\/10\/o\/?p=415"},"modified":"2011-04-20T15:19:52","modified_gmt":"2011-04-20T14:19:52","slug":"glad-pask-flottsbro-2011","status":"publish","type":"post","link":"https:\/\/tyrving.idrett.no\/10\/o\/2011\/02\/22\/glad-pask-flottsbro-2011\/","title":{"rendered":"Glad P\u00e5sk &#8211; Flottsbro 2011"},"content":{"rendered":"<p><a href=\"http:\/\/tyrving.idrett.no\/10\/o\/files\/2011\/02\/kylling-i-l\u00f8p.gif\"><img decoding=\"async\" loading=\"lazy\" class=\"alignleft size-full wp-image-418\" src=\"http:\/\/tyrving.idrett.no\/10\/o\/files\/2011\/02\/kylling-i-l\u00f8p.gif\" alt=\"\" width=\"135\" height=\"108\" \/><\/a>Tradisjonen tro \ud83d\ude42\u00a0 Tyrving Orientering inviterer til P\u00c5SKEsamling!\u00a0 I \u00e5r s\u00f8rvest for Stockholm i uke 16 (17-24. april).\u00a0 En hel uke (eller deler, hvis det passer bedre) med fokus p\u00e5 o-teknisk basistrening og prepping for 10MILA.<\/p>\n<p>Innkvartering:\u00a0 Stugor\u00a0m. selvhusholdning p\u00e5\u00a0<a href=\"http:\/\/www.flottsbro.se\/boende\/camping.asp?edpage_id=22\" target=\"_blank\">Flotsbro Camping<\/a> i Huddinge.<\/p>\n<p><span style=\"color: #800000\">Se nedenfor om <\/span><span style=\"color: #800000\">P\u00c5melding:\u00a0 Snarest, og <span style=\"color: #800000\"><span style=\"text-decoration: underline\">seinest<\/span> <\/span>torsd. 24. mars (!)<\/span><\/p>\n<p><!--more--><\/p>\n<p><strong>Sted &amp; Tid:<\/strong><\/p>\n<p>Vi bor i stugor med selvhusholdning p\u00e5 <a href=\"http:\/\/www.flottsbro.se\/boende\/camping.asp?edpage_id=22\" target=\"_blank\">Flotsbro Camping<\/a>, og har forel\u00f8pig plass til ca 30 l\u00f8pere.\u00a0 Campen ligger <a href=\"http:\/\/www.flottsbro.se\/flottsbro\/hittahit.asp?edpage_id=29\" target=\"_blank\">nord for Tullinge<\/a>, ved en slalombakke(!) omtrent midt mellom Stockholm og S\u00f6dert\u00e4lje, n\u00e6r til et knippe fine treningsterreng \ud83d\ude42<\/p>\n<p>Vi har booket for hele p\u00e5skeuken (s\u00f8ndag \u2013 s\u00f8ndag), men du er velkommen til \u00e5 delta deler av tiden (se P\u00c5melding).<\/p>\n<p><strong>Treninger &amp; l\u00f8p:<\/strong><\/p>\n<p>10MILA 2011 g\u00e5r som kjent i samme omr\u00e5de, s\u00f8rvest for Tullinge flygplats, Riksten. S\u00e5 det blir mange 10MILA-relevante treninger, b\u00e5de natt og dag. Arrang\u00f8ren har diverse ferdige opplegg som vi kommer til \u00e5 benytte oss av, i tillegg til andre treningsopplegg i omr\u00e5det.<\/p>\n<p>Noen konkurranser passer ogs\u00e5 inn:\u00a0 <span style=\"color: #800000\">Tirsdag deltar vi p\u00e5 Tullinge&#8217;nes <a href=\"http:\/\/tullingesk.se\/index.asp?z=2444\" target=\"_blank\">natt\/dag-testl\u00f8p<\/a><\/span>,\u00a0 vi stiller lag i <a href=\"http:\/\/eventor.orientering.se\/Events\/Show\/1592\" target=\"_blank\">Stigtomta-kavlen<\/a> mlm. Ny- og Norrk\u00f6ping (torsdag natt &amp; fredag morgen), og avslutter med S\u00f6dert\u00e4lje\u2019s Kringeltr\u00e4ffen\u00a0(<a href=\"http:\/\/eventor.orientering.se\/Events\/Show\/1561\" target=\"_blank\">l\u00f8rd.23\/4<\/a> &amp; <a href=\"http:\/\/eventor.orientering.se\/Events\/Show\/1562\" target=\"_blank\">s\u00f8nd.24\/4<\/a>) \u2013 eller Hakarp\u2019s Elitserien (<a href=\"http:\/\/eventor.orientering.se\/Events\/Show\/1070\" target=\"_blank\">s\u00f8nd.24\/4<\/a> &amp; <a href=\"http:\/\/eventor.orientering.se\/Events\/Show\/1072\" target=\"_blank\">mand.25\/4<\/a>) nede i Sm\u00e5land.\u00a0 Vi ordner samlet P\u00c5melding til l\u00f8pene med mindre annet er avtalt.<\/p>\n<p><strong>\u00d8konomi &amp; Transport: <\/strong><\/p>\n<p>Det blir en egenandel for overnatting, transport og treninger (kart og opplegg), som sannsynligvis ligge p\u00e5 rundt kr 350 per d\u00f8gn (noe lavere med stor deltakelse p\u00e5 st\u00f8rre del av samlingen). Satsende seniorer &amp; juniorer f\u00e5r dekket 50% av egenandelen.<\/p>\n<p>Mat dekkes av den enkelte, men kj\u00f8pes inn i fellesskap og gj\u00f8res opp mot slutten eller etter samlingen.<\/p>\n<p>Vi er avhengig av privatbiler til\/fra Stockholm og treninger &amp; l\u00f8p. Sj\u00e5f\u00f8rer med min 2 passasjerer f\u00e5r\u00a0bensinutgifter (ca\u00a0kr. 15 pr. mil) dekket av Tyrving.<\/p>\n<h3><span style=\"color: #800000\">P\u00c5melding \u2013 seinest 24\/3: <\/span><\/h3>\n<p>P\u00e5 e-post til <a href=\"mailto:arne.tiltnes@hydro.com\">arne.tiltnes@hydro.com<\/a> (sms 4819 7144) \u2013 snarest, og <span style=\"color: #333333\"><span style=\"text-decoration: underline\">aller seinest<\/span> torsd. 24. mars(!)<\/span><\/p>\n<p>Responsen\u00a0s\u00e5 langt tyder p\u00e5 at ikke alle kan\/vil delta p\u00e5 <span style=\"text-decoration: underline\">hele<\/span> samlingen, og vi\u00a0vil tilpasse dette s\u00e5\u00a0langt det g\u00e5r opp med transport o.a. <span style=\"color: #800000\">Derfor er det viktig at du ved P\u00c5melding angir:<\/span> \u00a0<\/p>\n<ol>\n<li>hvilket <strong>tidsrom<\/strong> du \u00f8nsker \u00e5 delta \u2013 ankomst &amp; avreise dag<\/li>\n<li>hvilke <strong>l\u00f8p<\/strong> du vil delta p\u00e5 \u2013 Stigtomta og\/eller Kringeltr\u00e4ffen (evnt. Elitserien)<\/li>\n<li>om du stiller med <strong>bil<\/strong> eller trenger skyss<\/li>\n<\/ol>\n<p><span style=\"color: #800080\"><strong>Pr. 13\/4<\/strong> <\/span>har vi registrert disse atletene\u00a0med P\u00c5SKEsamlingen p\u00e5 sine planer &#8211; det er plass til flere:<\/p>\n<table border=\"1\" cellspacing=\"0\" cellpadding=\"0\" width=\"595\">\n<tbody>\n<tr>\n<td width=\"180\" valign=\"top\"><strong>Deltakere<\/strong><\/td>\n<td width=\"198\" valign=\"top\"><strong>fra \u2013 til <\/strong><\/td>\n<td width=\"161\" valign=\"top\"><strong>L\u00f8p <\/strong><\/td>\n<td width=\"57\" valign=\"top\"><strong>Bil ?<\/strong><\/td>\n<\/tr>\n<tr>\n<td width=\"180\" valign=\"top\">Torbj\u00f8rn Sagberg<\/td>\n<td width=\"198\" valign=\"top\">s\u00f8 17\/4 \u2013 s\u00f8 24\/4<\/td>\n<td width=\"161\" valign=\"top\">Stigtomta + Kringel<\/td>\n<td width=\"57\" valign=\"top\">Ja<\/td>\n<\/tr>\n<tr>\n<td width=\"180\" valign=\"top\">\u00c5sa Franz\u00e9n + Taz<\/td>\n<td width=\"198\" valign=\"top\">s\u00f8 17\/4 \u2013 s\u00f8 24\/4<\/td>\n<td width=\"161\" valign=\"top\">? + Kringel<\/td>\n<td width=\"57\" valign=\"top\">\u00a0&laquo;<\/td>\n<\/tr>\n<tr>\n<td width=\"180\" valign=\"top\">Jim\u00d8ystein Nybr\u00e5ten<\/td>\n<td width=\"198\" valign=\"top\">s\u00f8 17\/4 \u2013 s\u00f8 24\/4<\/td>\n<td width=\"161\" valign=\"top\">Stigtomta + Kringel<\/td>\n<td width=\"57\" valign=\"top\">Ja<\/td>\n<\/tr>\n<tr>\n<td width=\"180\" valign=\"top\">Cassie \u00a0Nybr\u00e5ten m. Max<\/td>\n<td width=\"198\" valign=\"top\">s\u00f8 17\/4 \u2013 s\u00f8 24\/4<\/td>\n<td width=\"161\" valign=\"top\">Stigtomta + \u00f6ppen<\/td>\n<td width=\"57\" valign=\"top\">\u00a0&laquo;<\/td>\n<\/tr>\n<tr>\n<td width=\"180\" valign=\"top\">Martin Ivarsson<\/td>\n<td width=\"198\" valign=\"top\">s\u00f8 17\/4 \u2013 tor 21\/4<\/td>\n<td width=\"161\" valign=\"top\">Stigtomta.<\/td>\n<td width=\"57\" valign=\"top\">Ja<\/td>\n<\/tr>\n<tr>\n<td width=\"180\" valign=\"top\">Torkil E Solstad<\/td>\n<td width=\"198\" valign=\"top\">s\u00f8 17\/4 \u2013 s\u00f8 24\/4<\/td>\n<td width=\"161\" valign=\"top\">Stigtomta + Kringel<\/td>\n<td width=\"57\" valign=\"top\">Ja<\/td>\n<\/tr>\n<tr>\n<td width=\"180\" valign=\"top\">Morten Saue<\/td>\n<td width=\"198\" valign=\"top\">s\u00f8 17\/4 \u2013 s\u00f8 24\/4<\/td>\n<td width=\"161\" valign=\"top\">Stigtomta + Kringel<\/td>\n<td width=\"57\" valign=\"top\">Ja<\/td>\n<\/tr>\n<tr>\n<td width=\"180\" valign=\"top\">Christoph Brandt (GER)<\/td>\n<td width=\"198\" valign=\"top\">s\u00f8 17\/4 \u2013 s\u00f8 24\/4<\/td>\n<td width=\"161\" valign=\"top\">Stigtomta + Kringel<\/td>\n<td width=\"57\" valign=\"top\">&#8212;<\/td>\n<\/tr>\n<tr>\n<td width=\"180\" valign=\"top\">Frode Konst<\/td>\n<td width=\"198\" valign=\"top\">s\u00f8 17\/4 \u2013 l\u00f8 23\/4<\/td>\n<td width=\"161\" valign=\"top\">Stigtomta.<\/td>\n<td width=\"57\" valign=\"top\">Ja<\/td>\n<\/tr>\n<tr>\n<td width=\"180\" valign=\"top\">Bj\u00f8rn Ekeberg<\/td>\n<td width=\"198\" valign=\"top\">ma 18\/4 \u2013 l\u00f8 23\/4<\/td>\n<td width=\"161\" valign=\"top\">Stigtomta + Elitserien<\/td>\n<td width=\"57\" valign=\"top\">Ja<\/td>\n<\/tr>\n<tr>\n<td width=\"180\" valign=\"top\"><span style=\"text-decoration: line-through\"><span style=\"color: #999999\">Thomas Hodel (SUI)<\/span><\/span><\/td>\n<td width=\"198\" valign=\"top\"><span style=\"color: #999999\"><span style=\"text-decoration: line-through\">ons 20\/4 \u2013 s\u00f8 24\/4<\/span><\/span><\/td>\n<td width=\"161\" valign=\"top\"><span style=\"text-decoration: line-through\"><span style=\"color: #999999\">Stigtomta +<\/span> <\/span>Kringel<\/td>\n<td width=\"57\" valign=\"top\">&#8212;<\/td>\n<\/tr>\n<tr>\n<td width=\"180\" valign=\"top\"><span style=\"text-decoration: line-through\"><span style=\"color: #999999\">JarlMagnus Berge<\/span><\/span><\/td>\n<td width=\"198\" valign=\"top\"><span style=\"text-decoration: line-through\"><span style=\"color: #999999\">to 21\/4 \u2013 s\u00f8 24\/4<\/span><\/span><\/td>\n<td width=\"161\" valign=\"top\"><span style=\"text-decoration: line-through\"><span style=\"color: #999999\">Stigtomta + Kringel<\/span><\/span><\/td>\n<td width=\"57\" valign=\"top\">?<\/td>\n<\/tr>\n<tr>\n<td width=\"180\" valign=\"top\">Jostein N\u00f8rbech<\/td>\n<td width=\"198\" valign=\"top\">to 21\/4 \u2013 s\u00f8 24\/4<\/td>\n<td width=\"161\" valign=\"top\">Stigtomta + Kringel<\/td>\n<td width=\"57\" valign=\"top\">?<\/td>\n<\/tr>\n<tr>\n<td width=\"180\" valign=\"top\">Anne NTNUI Lind<\/td>\n<td width=\"198\" valign=\"top\">to 21\/4 \u2013 s\u00f8 24\/4<\/td>\n<td width=\"161\" valign=\"top\">&#8212;<\/td>\n<td width=\"57\" valign=\"top\">\u00a0<\/td>\n<\/tr>\n<tr>\n<td width=\"180\" valign=\"top\">\u00a0<\/td>\n<td width=\"198\" valign=\"top\">\u00a0<\/td>\n<td width=\"161\" valign=\"top\">\u00a0<\/td>\n<td width=\"57\" valign=\"top\">&#8212;<\/td>\n<\/tr>\n<tr>\n<td width=\"180\" valign=\"top\">Lars Skantze\u00a0<\/td>\n<td width=\"198\" valign=\"top\">s\u00f8 17\/4 &#8211; to 21\/4\u00a0<\/td>\n<td width=\"161\" valign=\"top\">&#8212;<\/td>\n<td width=\"57\" valign=\"top\">\u00a0<\/td>\n<\/tr>\n<tr>\n<td width=\"180\" valign=\"top\"><span style=\"color: #999999\"><span style=\"color: #000000\">Gustav Fiskum<\/span><\/span><\/td>\n<td width=\"198\" valign=\"top\">s\u00f8 17\/4 &#8211; to 21\/4<\/td>\n<td width=\"161\" valign=\"top\">&#8212;<\/td>\n<td width=\"57\" valign=\"top\">&#8212;<\/td>\n<\/tr>\n<tr>\n<td width=\"180\" valign=\"top\">J\u00f8rgen H Horne\u00a0<\/td>\n<td width=\"198\" valign=\"top\">s\u00f8 17\/4 &#8211; to 21\/4\u00a0<\/td>\n<td width=\"161\" valign=\"top\">&#8212;<\/td>\n<td width=\"57\" valign=\"top\">\u00a0<\/td>\n<\/tr>\n<tr>\n<td width=\"180\" valign=\"top\">H\u00e5kon Nj\u00e5stein<\/td>\n<td width=\"198\" valign=\"top\">s\u00f8 17\/4 &#8211; to 21\/4<\/td>\n<td width=\"161\" valign=\"top\">&#8212;<\/td>\n<td width=\"57\" valign=\"top\">&#8212;<\/td>\n<\/tr>\n<tr>\n<td width=\"180\" valign=\"top\">\u00a0<\/td>\n<td width=\"198\" valign=\"top\">\u00a0<\/td>\n<td width=\"161\" valign=\"top\">\u00a0<\/td>\n<td width=\"57\" valign=\"top\">&#8212;<\/td>\n<\/tr>\n<tr>\n<td width=\"180\" valign=\"top\"><span style=\"text-decoration: line-through\"><span style=\"color: #999999\">Sergey Solodkin (BLR)<\/span><\/span><\/td>\n<td width=\"198\" valign=\"top\">&#8212;<\/td>\n<td width=\"161\" valign=\"top\">&#8212;<\/td>\n<td width=\"57\" valign=\"top\">&#8212;<\/td>\n<\/tr>\n<tr>\n<td width=\"180\" valign=\"top\">\u00a0<\/td>\n<td width=\"198\" valign=\"top\">\u00a0<\/td>\n<td width=\"161\" valign=\"top\">\u00a0<\/td>\n<td width=\"57\" valign=\"top\">&#8212;<\/td>\n<\/tr>\n<tr>\n<td width=\"180\" valign=\"top\">\u00a0<\/td>\n<td width=\"198\" valign=\"top\">\u00a0<\/td>\n<td width=\"161\" valign=\"top\">\u00a0<\/td>\n<td width=\"57\" valign=\"top\">\u00a0<\/td>\n<\/tr>\n<tr>\n<td width=\"180\" valign=\"top\">\u00a0<\/td>\n<td width=\"198\" valign=\"top\">\u00a0<\/td>\n<td width=\"161\" valign=\"top\">\u00a0<\/td>\n<td width=\"57\" valign=\"top\">\u00a0<\/td>\n<\/tr>\n<tr>\n<td width=\"180\" valign=\"top\">Ida NTNUI Tiltnes<\/td>\n<td width=\"198\" valign=\"top\">bare treningene, bor privat<\/td>\n<td width=\"161\" valign=\"top\">&#8212;<\/td>\n<td width=\"57\" valign=\"top\">Ja<\/td>\n<\/tr>\n<tr>\n<td width=\"180\" valign=\"top\"><span style=\"text-decoration: line-through\"><span style=\"color: #999999\">Elen FROL Skjerve<\/span><\/span><\/td>\n<td width=\"198\" valign=\"top\">\u00a0<\/td>\n<td width=\"161\" valign=\"top\">\u00a0<\/td>\n<td width=\"57\" valign=\"top\">\u00a0<\/td>\n<\/tr>\n<tr>\n<td width=\"180\" valign=\"top\"><span style=\"color: #800000\">Emma NTNUI Johansson<\/span><\/td>\n<td width=\"198\" valign=\"top\">bare treningene, bor privat\u00a0<\/td>\n<td width=\"161\" valign=\"top\">&#8212;\u00a0<\/td>\n<td width=\"57\" valign=\"top\">&#8212;\u00a0<\/td>\n<\/tr>\n<tr>\n<td width=\"180\" valign=\"top\">\u00a0<\/td>\n<td width=\"198\" valign=\"top\">\u00a0<\/td>\n<td width=\"161\" valign=\"top\">\u00a0<\/td>\n<td width=\"57\" valign=\"top\">\u00a0<\/td>\n<\/tr>\n<\/tbody>\n<\/table>\n<p>&#8230;<\/p>\n","protected":false},"excerpt":{"rendered":"<p>&#8230;<\/p>\n","protected":false},"author":3,"featured_media":0,"comment_status":"open","ping_status":"open","sticky":false,"template":"","format":"standard","meta":{"footnotes":"","_jetpack_memberships_contains_paid_content":false,"jetpack_publicize_message":"","jetpack_publicize_feature_enabled":true,"jetpack_social_post_already_shared":false,"jetpack_social_options":{"image_generator_settings":{"template":"highway","enabled":false}}},"categories":[3],"tags":[202,6],"jetpack_publicize_connections":[],"jetpack_sharing_enabled":true,"jetpack_featured_media_url":"","_links":{"self":[{"href":"https:\/\/tyrving.idrett.no\/10\/o\/wp-json\/wp\/v2\/posts\/415"}],"collection":[{"href":"https:\/\/tyrving.idrett.no\/10\/o\/wp-json\/wp\/v2\/posts"}],"about":[{"href":"https:\/\/tyrving.idrett.no\/10\/o\/wp-json\/wp\/v2\/types\/post"}],"author":[{"embeddable":true,"href":"https:\/\/tyrving.idrett.no\/10\/o\/wp-json\/wp\/v2\/users\/3"}],"replies":[{"embeddable":true,"href":"https:\/\/tyrving.idrett.no\/10\/o\/wp-json\/wp\/v2\/comments?post=415"}],"version-history":[{"count":56,"href":"https:\/\/tyrving.idrett.no\/10\/o\/wp-json\/wp\/v2\/posts\/415\/revisions"}],"predecessor-version":[{"id":425,"href":"https:\/\/tyrving.idrett.no\/10\/o\/wp-json\/wp\/v2\/posts\/415\/revisions\/425"}],"wp:attachment":[{"href":"https:\/\/tyrving.idrett.no\/10\/o\/wp-json\/wp\/v2\/media?parent=415"}],"wp:term":[{"taxonomy":"category","embeddable":true,"href":"https:\/\/tyrving.idrett.no\/10\/o\/wp-json\/wp\/v2\/categories?post=415"},{"taxonomy":"post_tag","embeddable":true,"href":"https:\/\/tyrving.idrett.no\/10\/o\/wp-json\/wp\/v2\/tags?post=415"}],"curies":[{"name":"wp","href":"https:\/\/api.w.org\/{rel}","templated":true}]}}