{"id":5832,"date":"2025-10-12T21:37:11","date_gmt":"2025-10-12T20:37:11","guid":{"rendered":"https:\/\/tyrving.idrett.no\/10\/o\/?p=5832"},"modified":"2025-10-12T21:39:21","modified_gmt":"2025-10-12T20:39:21","slug":"tyrving-forsterker-herrelaget-inn-mot-2026-sesongen","status":"publish","type":"post","link":"https:\/\/tyrving.idrett.no\/10\/o\/2025\/10\/12\/tyrving-forsterker-herrelaget-inn-mot-2026-sesongen\/","title":{"rendered":"Tyrving forsterker herrelaget inn mot 2026-sesongen"},"content":{"rendered":"<p><a href=\"https:\/\/tyrving.idrett.no\/10\/o\/files\/2025\/10\/AndersV.png\"><img decoding=\"async\" loading=\"lazy\" class=\"aligncenter wp-image-5833\" src=\"https:\/\/tyrving.idrett.no\/10\/o\/files\/2025\/10\/AndersV.png\" alt=\"Bilde av Anders\" width=\"260\" height=\"329\" srcset=\"https:\/\/tyrving.idrett.no\/10\/o\/files\/2025\/10\/AndersV.png 2453w, https:\/\/tyrving.idrett.no\/10\/o\/files\/2025\/10\/AndersV-237x300.png 237w, https:\/\/tyrving.idrett.no\/10\/o\/files\/2025\/10\/AndersV-810x1024.png 810w, https:\/\/tyrving.idrett.no\/10\/o\/files\/2025\/10\/AndersV-119x150.png 119w, https:\/\/tyrving.idrett.no\/10\/o\/files\/2025\/10\/AndersV-768x971.png 768w, https:\/\/tyrving.idrett.no\/10\/o\/files\/2025\/10\/AndersV-600x758.png 600w, https:\/\/tyrving.idrett.no\/10\/o\/files\/2025\/10\/AndersV-1215x1536.png 1215w, https:\/\/tyrving.idrett.no\/10\/o\/files\/2025\/10\/AndersV-1621x2048.png 1621w\" sizes=\"(max-width: 260px) 100vw, 260px\" \/><\/a><\/p>\n<p>Anders Vest\u00f8l \u2013 har meldt overgang til Tyrving IL.<\/p>\n<p>I g\u00e5r fikk han sin debut i Tyrving-drakta under den legendariske Harry Lagerts Natcup i Oslo.<\/p>\n<p>Jeg valgte Tyrving fordi dere har gode ambisjoner p\u00e5 de store stafettene, i tillegg til at det er gode muligheter for at jeg kan utvikle meg individuelt. Det er mange gode l\u00f8pere i klubben som jeg kan l\u00e6re masse av p\u00e5 veien til \u00e5 bli en s\u00e5 god orienteringsl\u00f8per som mulig, uttaler Anders.<\/p>\n<p>Han fortsetter, mine ambisjoner for kommende sesonger er \u00e5 v\u00e6re med Tyrving \u00e5 kjempe helt i toppen p\u00e5 stafetter som 10Mila og Jukola. Jeg har ogs\u00e5 m\u00e5l om \u00e5 f\u00e5 l\u00f8pe internasjonale mesterskap, der EM i 2026 og VM i 2027 er hovedm\u00e5lene.<\/p>\n<p>Det er allerede en godt meritert kar Tyrving f\u00e5r inn p\u00e5 laget. S\u00e5 langt i karrieren har han vunnet 10Mila to ganger, har NM-gull i stafett fra i \u00e5r og har 2. plass i Jukola. I tillegg har han bronse og s\u00f8lv fra NM langdistanse og mellomdistanse i 2023.<\/p>\n<p>Anders avslutter, jeg gleder meg masse til \u00e5 komme inn i en ny klubb og h\u00e5per \u00e5 kunne l\u00e6re masse, bidra til et godt treningsmilj\u00f8 og konkurrere p\u00e5 h\u00f8yt niv\u00e5 i de store stafettene!<\/p>\n<p>Med Anders i laget f\u00e5r vi en sterk ut\u00f8ver i laget, som kan ta viktige oppgaver p\u00e5 de store stafetter og som individuelt igjen setter Tyrving p\u00e5 det nasjonale kartet. B\u00e5de p\u00e5 kort og lang sikt h\u00e5per vi at Anders kan utvikle seg sammen med Tyrving og prestere bra b\u00e5de p\u00e5 stafetter for klubben, men ogs\u00e5 individuelt, uttaler hovedtrener Kenneth Buch.<\/p>\n<p>Vi gleder oss til \u00e5 bli kjent med Anders og hjelpe han videre i karrieren, avslutter han. NB! Anders er ikke tilgjengelig for Tyrving p\u00e5 25manna, da han har representert NTNUI p\u00e5 O-ringen i sommer.<\/p>\n<p>#lumonite<\/p>\n<p>#trimtex<\/p>\n","protected":false},"excerpt":{"rendered":"<p>&#8230;<\/p>\n","protected":false},"author":40,"featured_media":0,"comment_status":"closed","ping_status":"closed","sticky":false,"template":"","format":"standard","meta":{"footnotes":"","_jetpack_memberships_contains_paid_content":false,"jetpack_publicize_message":"Tyrving forsterker herrelaget inn mot 2026-sesongen","jetpack_publicize_feature_enabled":true,"jetpack_social_post_already_shared":true,"jetpack_social_options":{"image_generator_settings":{"template":"highway","enabled":false}}},"categories":[3],"tags":[],"jetpack_publicize_connections":[],"jetpack_sharing_enabled":true,"jetpack_featured_media_url":"","_links":{"self":[{"href":"https:\/\/tyrving.idrett.no\/10\/o\/wp-json\/wp\/v2\/posts\/5832"}],"collection":[{"href":"https:\/\/tyrving.idrett.no\/10\/o\/wp-json\/wp\/v2\/posts"}],"about":[{"href":"https:\/\/tyrving.idrett.no\/10\/o\/wp-json\/wp\/v2\/types\/post"}],"author":[{"embeddable":true,"href":"https:\/\/tyrving.idrett.no\/10\/o\/wp-json\/wp\/v2\/users\/40"}],"replies":[{"embeddable":true,"href":"https:\/\/tyrving.idrett.no\/10\/o\/wp-json\/wp\/v2\/comments?post=5832"}],"version-history":[{"count":4,"href":"https:\/\/tyrving.idrett.no\/10\/o\/wp-json\/wp\/v2\/posts\/5832\/revisions"}],"predecessor-version":[{"id":5837,"href":"https:\/\/tyrving.idrett.no\/10\/o\/wp-json\/wp\/v2\/posts\/5832\/revisions\/5837"}],"wp:attachment":[{"href":"https:\/\/tyrving.idrett.no\/10\/o\/wp-json\/wp\/v2\/media?parent=5832"}],"wp:term":[{"taxonomy":"category","embeddable":true,"href":"https:\/\/tyrving.idrett.no\/10\/o\/wp-json\/wp\/v2\/categories?post=5832"},{"taxonomy":"post_tag","embeddable":true,"href":"https:\/\/tyrving.idrett.no\/10\/o\/wp-json\/wp\/v2\/tags?post=5832"}],"curies":[{"name":"wp","href":"https:\/\/api.w.org\/{rel}","templated":true}]}}