{"id":2307,"date":"2021-09-18T08:55:39","date_gmt":"2021-09-18T06:55:39","guid":{"rendered":"https:\/\/tyrving.idrett.no\/10\/tlute\/?p=2307"},"modified":"2021-09-18T08:55:39","modified_gmt":"2021-09-18T06:55:39","slug":"stafettpameldinger-2","status":"publish","type":"post","link":"https:\/\/tyrving.idrett.no\/10\/tlute\/stafettpameldinger-2-2307","title":{"rendered":"Stafettp\u00e5meldinger"},"content":{"rendered":"<p>Stafett er alltid g\u00f8y &#8211; ogs\u00e5 p\u00e5 Tyrvinglekene!<!--more--><\/p>\n<p>L\u00f8rdag fra kl. 1500 er det klart for 4 x 60 m stafett, og dette er lagene som er p\u00e5meldt:<\/p>\n<table width=\"276\">\n<tbody>\n<tr>\n<td width=\"83\"><\/td>\n<td width=\"193\"><\/td>\n<\/tr>\n<tr>\n<td>G10-12<\/td>\n<td>Eiker Kvikk<\/td>\n<\/tr>\n<tr>\n<td>G10-12<\/td>\n<td>B\u00f8ler IF<\/td>\n<\/tr>\n<tr>\n<td>G10-12<\/td>\n<td>Tyrving IL<\/td>\n<\/tr>\n<tr>\n<td>G10-12<\/td>\n<td>Tyrving IL<\/td>\n<\/tr>\n<tr>\n<td>G10-12<\/td>\n<td>Tyrving IL<\/td>\n<\/tr>\n<tr>\n<td>G10-12<\/td>\n<td>B\u00e6kkelagets Sportsklubb<\/td>\n<\/tr>\n<tr>\n<td><\/td>\n<td><\/td>\n<\/tr>\n<tr>\n<td>G13-14<\/td>\n<td>IF Hellas<\/td>\n<\/tr>\n<tr>\n<td>G13-14<\/td>\n<td>Tyrving IL<\/td>\n<\/tr>\n<tr>\n<td>G13-14<\/td>\n<td>IL Sandvin<\/td>\n<\/tr>\n<tr>\n<td>G13-14<\/td>\n<td>B\u00f8ler IF<\/td>\n<\/tr>\n<tr>\n<td><\/td>\n<td><\/td>\n<\/tr>\n<tr>\n<td>J10-12<\/td>\n<td>Sturla<\/td>\n<\/tr>\n<tr>\n<td>J10-12<\/td>\n<td>Ull\/kisa<\/td>\n<\/tr>\n<tr>\n<td>J10-12<\/td>\n<td>Sturla<\/td>\n<\/tr>\n<tr>\n<td>J10-12<\/td>\n<td>Sturla<\/td>\n<\/tr>\n<tr>\n<td>J10-12<\/td>\n<td>B\u00f8ler IF<\/td>\n<\/tr>\n<tr>\n<td>J10-12<\/td>\n<td>B\u00e6kkelagets Sportsklubb<\/td>\n<\/tr>\n<tr>\n<td>J10-12<\/td>\n<td>Tyrving IL<\/td>\n<\/tr>\n<tr>\n<td>J10-12<\/td>\n<td>Tyrving IL<\/td>\n<\/tr>\n<tr>\n<td>J10-12<\/td>\n<td>Tyrving IL<\/td>\n<\/tr>\n<tr>\n<td>J10-12<\/td>\n<td>B\u00e6kkelagets Sportsklubb<\/td>\n<\/tr>\n<tr>\n<td>J10-12<\/td>\n<td>Lambertseter IF<\/td>\n<\/tr>\n<tr>\n<td><\/td>\n<td><\/td>\n<\/tr>\n<tr>\n<td>J13-14<\/td>\n<td>Ull\/kisa<\/td>\n<\/tr>\n<tr>\n<td>J13-14<\/td>\n<td>Tyrving IL<\/td>\n<\/tr>\n<tr>\n<td>J13-14<\/td>\n<td>Tyrving IL<\/td>\n<\/tr>\n<tr>\n<td>J13-14<\/td>\n<td>Sturla<\/td>\n<\/tr>\n<tr>\n<td>J13-14<\/td>\n<td>Ringerike Friidrettsklubb<\/td>\n<\/tr>\n<tr>\n<td>J13-14<\/td>\n<td>B\u00e6kkelagets Sportsklubb<\/td>\n<\/tr>\n<tr>\n<td>J13-14<\/td>\n<td>SK Vidar<\/td>\n<\/tr>\n<tr>\n<td><\/td>\n<td><\/td>\n<\/tr>\n<\/tbody>\n<\/table>\n","protected":false},"excerpt":{"rendered":"<p>Stafett er alltid g\u00f8y &#8211; ogs\u00e5 p\u00e5 Tyrvinglekene!<\/p>\n","protected":false},"author":2,"featured_media":2178,"comment_status":"closed","ping_status":"closed","sticky":false,"template":"","format":"standard","meta":{"generate_page_header":"","footnotes":""},"categories":[4203],"tags":[],"jetpack_featured_media_url":"https:\/\/tyrving.idrett.no\/10\/tlute\/files\/2021\/09\/DSC_5947-507-scaled-e1631948037110.jpg","_links":{"self":[{"href":"https:\/\/tyrving.idrett.no\/10\/tlute\/wp-json\/wp\/v2\/posts\/2307"}],"collection":[{"href":"https:\/\/tyrving.idrett.no\/10\/tlute\/wp-json\/wp\/v2\/posts"}],"about":[{"href":"https:\/\/tyrving.idrett.no\/10\/tlute\/wp-json\/wp\/v2\/types\/post"}],"author":[{"embeddable":true,"href":"https:\/\/tyrving.idrett.no\/10\/tlute\/wp-json\/wp\/v2\/users\/2"}],"replies":[{"embeddable":true,"href":"https:\/\/tyrving.idrett.no\/10\/tlute\/wp-json\/wp\/v2\/comments?post=2307"}],"version-history":[{"count":1,"href":"https:\/\/tyrving.idrett.no\/10\/tlute\/wp-json\/wp\/v2\/posts\/2307\/revisions"}],"predecessor-version":[{"id":2308,"href":"https:\/\/tyrving.idrett.no\/10\/tlute\/wp-json\/wp\/v2\/posts\/2307\/revisions\/2308"}],"wp:featuredmedia":[{"embeddable":true,"href":"https:\/\/tyrving.idrett.no\/10\/tlute\/wp-json\/wp\/v2\/media\/2178"}],"wp:attachment":[{"href":"https:\/\/tyrving.idrett.no\/10\/tlute\/wp-json\/wp\/v2\/media?parent=2307"}],"wp:term":[{"taxonomy":"category","embeddable":true,"href":"https:\/\/tyrving.idrett.no\/10\/tlute\/wp-json\/wp\/v2\/categories?post=2307"},{"taxonomy":"post_tag","embeddable":true,"href":"https:\/\/tyrving.idrett.no\/10\/tlute\/wp-json\/wp\/v2\/tags?post=2307"}],"curies":[{"name":"wp","href":"https:\/\/api.w.org\/{rel}","templated":true}]}}